{"id":12566,"date":"2024-08-11T10:20:50","date_gmt":"2024-08-11T08:20:50","guid":{"rendered":"https:\/\/www.rc03-ilbenstadt.de\/?p=12566"},"modified":"2024-12-08T10:22:53","modified_gmt":"2024-12-08T09:22:53","slug":"ilbenstaedter-radtourenflusstaeler-der-wetterauradwanderung-am-donnerstag-den-15-august-2024-durch-usa-und-wettertal","status":"publish","type":"post","link":"https:\/\/www.rc03-ilbenstadt.de\/?p=12566","title":{"rendered":"Ilbenst\u00e4dter Radtouren<br>&#8222;Flusst\u00e4ler der Wetterau&#8220;<br><br>Radwanderung am Donnerstag, den 15. August 2024<br><br>Durch Usa- und Wettertal<br><br><br>"},"content":{"rendered":"<p><strong>Liebe Mitglieder und Freunde des RC 03 Ilbenstadt,<\/strong><\/p>\n<p>heute gebe ich Euch eine Einladung zur Radwanderung unseres Radwanderfachwartes Erwin Loscher weiter, der Euch herzlich zu einer Tour durch zwei Flusst\u00e4ler unserer Wetterau einl\u00e4dt:<\/p>\n<p><strong>Start am Donnerstag, den 15. August 2024<\/strong><br \/>\n<strong>um 09:00 Uhr an der Wickst\u00e4dter Niddabr\u00fccke<\/strong><\/p>\n<p>Nach dem gro\u00dfen Schwitzen, dem n\u00e4chtlichen Gewitter mit ergiebigem Regen, folgt am heutigen Mittwoch mutma\u00dflich ein schw\u00fcl-hei\u00dfes Wetter, dass zum Donnerstag dann endlich mit k\u00fchleren Temperaturen aufwarten soll. Erwin glaubt daran, wir glauben an Erwin. <!--more--> <\/p>\n<p>Wieder mal eine verk\u00fcrzte Einladung. Sie enth\u00e4lt jedoch komprimiert Wichtiges und versetzt Euch in die Lage gut informiert am Start zu sein.<\/p>\n<p>Die Genusstour f\u00fchrt Euch im Wesentlichen durch zwei bedeutende Flusst\u00e4ler der Wetterau. Auf dem ersten Teil der Runde nehmen wir das Usatal unter die R\u00e4der. Die Usa, aus dem Taunus kommend, flie\u00dft hinter Friedberg-Fauerbach in die Wetter. Wir folgen deren Verlauf flussaufw\u00e4rts bis nach Langenhain-Ziegenberg, wo wir dann endlich all unsere Kr\u00e4fte in die Anstiege \u00fcber Wiesental, M\u00fcnster, dem Br\u00fcler und dem Hausberg werfen k\u00f6nnen. Apropos &#8222;werfen&#8220;: Vom Aussichtsturm auf dem Hausberg k\u00f6nnt Ihr Eure Blicke \u00fcber die Wetterau werfen, besser aber schweifen lassen. Wenn Ihr dann an Espa vorbei und etwa in H\u00f6he Hausens seid &#8211; ich wage es kaum zu sagen &#8211; k\u00f6nnt Ihr eine Schussfahrt nach Butzbach erleben. Dort wird es auf und um den Marktplatz sicher eine gute Gelegenheit zu einer Rast geben.<\/p>\n<p>Frisch gest\u00e4rkt erwartet Euch das Wettertal. Genie\u00dft die Landschaft, pedaliert locker, denn hinter Dorheim erwartet Euch noch ein regionaler Hammer, der Rote Berg. Wenn Ihr in Richtung Bauernheim fahrend am Strommast links in Richtung Dorn-Assenheim abbiegt, habt Ihr diese Anstrengung fast vergessen. Wem diese noch nachh\u00e4ngt, kann sich vor dem Abbiegen auf einer Bank f\u00fcr die letzten Kilometer wappnen. Dabei lohnt der Blick \u00fcber die Wetterau bis hin zum Feldberg.<br \/>\nZu den letzten Metern \u00fcber Florstadt zur\u00fcck an die Wickst\u00e4dter Niddabr\u00fccke, gibt es nicht viel zu sagen. Einzig ein Fehler in der Tourenf\u00fchrung f\u00e4llt auf: Wieso wird der Florst\u00e4dter Eissalon ausgespart?<\/p>\n<p>Rund  Kilometer 69 Kilometer m\u00fcsst Ihr Euer Zweirad bei hoffentlich moderaten Temperaturen durch die Wetterauer Landschaft bewegen. Wir freuen uns, wenn Ihr die Herausforderung annehmt und mit Gleichgesinnten entspannt in die Pedale tretet.<\/p>\n<p>Erwin Loscher ist f\u00fcr R\u00fcckfragen unter der Telefonnummer 01512 02 30 745 erreichbar.<\/p>\n<p><strong>F\u00fcr das Radwanderteam<\/strong><\/p>\n<p>Wilhelm Schr\u00f6der<br \/>\nFachbereichsleiter \u00d6ffentlichkeitsarbeit und Sport (RTF\/CTF)<\/p>\n<p><strong>Streckendownload \u00fcber Komoot f\u00fcr Navigationsger\u00e4te:<\/strong><\/p>\n<p><a href=\"https:\/\/www.komoot.com\/de-de\/tour\/1783699056\">Zur Radwanderstrecke  &#8222;Wetterauer Flusst\u00e4lerrunde mit Hausbergbesuch<\/a><\/p>\n","protected":false},"excerpt":{"rendered":"<p>Liebe Mitglieder und Freunde des RC 03 Ilbenstadt, heute gebe ich Euch eine Einladung zur Radwanderung unseres Radwanderfachwartes Erwin Loscher weiter, der Euch herzlich zu einer Tour durch zwei Flusst\u00e4ler unserer Wetterau einl\u00e4dt: Start am Donnerstag, den 15. August 2024 &hellip; <a href=\"https:\/\/www.rc03-ilbenstadt.de\/?p=12566\">Weiterlesen <span class=\"meta-nav\">&rarr;<\/span><\/a><\/p>\n","protected":false},"author":9,"featured_media":10165,"comment_status":"closed","ping_status":"closed","sticky":false,"template":"","format":"standard","meta":{"_crdt_document":"","footnotes":""},"categories":[1],"tags":[],"class_list":["post-12566","post","type-post","status-publish","format-standard","has-post-thumbnail","hentry","category-allgemein"],"_links":{"self":[{"href":"https:\/\/www.rc03-ilbenstadt.de\/index.php?rest_route=\/wp\/v2\/posts\/12566","targetHints":{"allow":["GET"]}}],"collection":[{"href":"https:\/\/www.rc03-ilbenstadt.de\/index.php?rest_route=\/wp\/v2\/posts"}],"about":[{"href":"https:\/\/www.rc03-ilbenstadt.de\/index.php?rest_route=\/wp\/v2\/types\/post"}],"author":[{"embeddable":true,"href":"https:\/\/www.rc03-ilbenstadt.de\/index.php?rest_route=\/wp\/v2\/users\/9"}],"replies":[{"embeddable":true,"href":"https:\/\/www.rc03-ilbenstadt.de\/index.php?rest_route=%2Fwp%2Fv2%2Fcomments&post=12566"}],"version-history":[{"count":3,"href":"https:\/\/www.rc03-ilbenstadt.de\/index.php?rest_route=\/wp\/v2\/posts\/12566\/revisions"}],"predecessor-version":[{"id":12836,"href":"https:\/\/www.rc03-ilbenstadt.de\/index.php?rest_route=\/wp\/v2\/posts\/12566\/revisions\/12836"}],"wp:featuredmedia":[{"embeddable":true,"href":"https:\/\/www.rc03-ilbenstadt.de\/index.php?rest_route=\/wp\/v2\/media\/10165"}],"wp:attachment":[{"href":"https:\/\/www.rc03-ilbenstadt.de\/index.php?rest_route=%2Fwp%2Fv2%2Fmedia&parent=12566"}],"wp:term":[{"taxonomy":"category","embeddable":true,"href":"https:\/\/www.rc03-ilbenstadt.de\/index.php?rest_route=%2Fwp%2Fv2%2Fcategories&post=12566"},{"taxonomy":"post_tag","embeddable":true,"href":"https:\/\/www.rc03-ilbenstadt.de\/index.php?rest_route=%2Fwp%2Fv2%2Ftags&post=12566"}],"curies":[{"name":"wp","href":"https:\/\/api.w.org\/{rel}","templated":true}]}}