{"id":12607,"date":"2024-09-15T14:02:03","date_gmt":"2024-09-15T12:02:03","guid":{"rendered":"https:\/\/www.rc03-ilbenstadt.de\/?p=12607"},"modified":"2024-09-16T10:05:02","modified_gmt":"2024-09-16T08:05:02","slug":"12607","status":"publish","type":"post","link":"https:\/\/www.rc03-ilbenstadt.de\/?p=12607","title":{"rendered":"Radtourenfahren (RTF) in Ilbenstadt<br>BERICHT<br><br>48. Herbst-RTF &#8222;Wetterau &#8211; Vogelsberg &#8211; Rundfahrt&#8220;<br>mit 6. GTF &#8222;Wetterauer Schottertour&#8220;<br>sowie Familien-und Trimmtour<br>am Sonntag, den 8. September 2024<br>"},"content":{"rendered":"<p>Fr\u00fch waren unsere engagierten Helferinnen und Helfer auf den Beinen, unterst\u00fctzt durch unseren Nachbarverein, den Sandhasen aus W\u00f6lfersheim. Es galt letzte Startvorbereitungen zu treffen, ein kleines Fr\u00fchst\u00fcck mit einem kr\u00e4ftigen Kaffee vorzuhalten, die Strecken zu kontrollieren und die Beschilderung zu erg\u00e4nzen. Dann ging es Schlag auf Schlag, in bunter, radfahrspezifischer Kleidung, schw\u00e4rmten die unerschrockenen, wetterfesten Radsportlerinnen und Radsportler auf einem der vielen Streckenangebote in die Wetterau aus, davon<!--more--> einige wild entschlossen auch den Hohen Vogelsberg unter die R\u00e4der zu nehmen oder, so die Gravelj\u00fcnger, auf Feld- und Forstwegen das n\u00e4here und weitere Umfeld Ilbenstadts zu erkunden. Frisch war es; mit einem Schlag hatte sich das sp\u00e4tsommerliche Wetter auf den rauen Herbst umgestellt. Schon in der Fr\u00fch gab es hier und da mal einen kurzen Schauer; die Sonne machte sich rar. Schon am Vortag \u00fcberboten sich die Wetterprognosen mit einem Aprilwettermix, auf Wetterkarten war gar eine schwarze Regenwolke \u00fcber der Wetterau abgebildet. Dies schreckte in der fortgeschrittenen Rennradsaison eine (zu) gro\u00dfe, sonnengew\u00f6hnte Pedalrittergemeinschaft ab, die dann auch des Mittags einem kr\u00e4ftigen Regenguss entging.<\/p>\n<p>Der bunten Radelschar mit sportlichem Equipment, Rennr\u00e4der und Gravelbikes waren mehrheitlich zu sehen, wurden f\u00fcnf Strecken bei der 48. Wetterau-Vogelsberg-Rundfahrt (RTF) zur Auswahl angeboten: 32 Kilometer (Familien- und Trimmtour), 45, 82, 114 oder 156 Kilometer konnten unter die R\u00e4der genommen werden. Ohne Zeitdruck wurde die Wetterau erfahren, die sich zum Herbstanfang  wieder mit interessantem Farbenspiel pr\u00e4sentierte. Helle, von der Sonne gezeichneten Fl\u00e4chen, wechselnde Braunt\u00f6ne frisch bestellter \u00c4cker und sattes Gr\u00fcn von Mais und Zuckerr\u00fcbenfeldern sowie den noch gut belaubten Baumbestand, der sich zaghaft von den ersten Bl\u00e4ttern zu trennen begann, begleiteten Radlerinnen und Radler, starke Eindr\u00fccke im Wechsel von Sonnenlicht und Schatten. Die unvergleichliche Landschaft des Hohen Vogelsberges war gut trainierten Ausdauerspezialisten  und -spezialistinnen auf der 156-Kilometerstrecke, die rund 1600 H\u00f6henmeter aufwies, vorbehalten. Doch allen geb\u00fchrt unser Respekt, die sich je nach Trainingsstand und\/oder Zeitbudget auf eine der Strecken gemacht haben.<\/p>\n<p>Parallel konnten sich 22 Freundinnen und Freunde des Gravelns (Gravel (engl.) = Schotter) \u00fcber 53 oder 82 Kilometer abseits des Stra\u00dfenverkehrs auf mehr oder minder naturbelassenen Wegen austoben. Im Gegensatz zu den RTF-Strecken waren die Gravelstrecken nicht ausgeschildert, doch f\u00fchrten die GPS-Signale alle Pedaleure sicher \u00fcber die Strecken, lie\u00dfen Servicepunkte nicht aus und vereinigte alle wieder an Start und Ziel. <\/p>\n<p>Etwa alle 30 Kilometer war ein Servicepunkt eingerichtet, der den Fl\u00fcssigkeitsnachschub sicherstellte, Bananen, Geb\u00e4ck, letzteres teilweise mit Haselnusscreme veredelt, rundete das Angebot ab. Toiletten konnten an drei der Servicepunkte genutzt werden.<\/p>\n<p>Nach der Tour sa\u00df man wieder zusammen. Der Gespr\u00e4chsstoff ging rund um das Radfahren und dar\u00fcber hinaus nicht aus. Getr\u00e4nke, Kaffee, Kuchen, Leckeres vom Grill, Pommes und gar Kartoffelpuffer mit Apfelmus sorgten daf\u00fcr, die leergefahrenen Speicher wieder zu f\u00fcllen. <\/p>\n<p>Den Wettbewerb der BDR-Vereine entschied der RSV Wenigumstadt klar zu seinen Gunsten. Auf den Pl\u00e4tzen folgten die starken Mannschaften  des RC Hattersheim und des RV Ober-M\u00f6rlen. F\u00fcr die platzierten Mannschaften gab es Startberechtigungen zu einer Ilbenst\u00e4dter RTF, CTF oder GTF in 2025 \u00fcber 8, 6 und 4 Pl\u00e4tze.<br \/>\nDen Wanderpokal der Firma <span style=\"font-size: small;\"><a title=\"TRADECONNECTIONKREBS\" href=\"https:\/\/www.tc-krebs.de\/\" target=\"_blank\" rel=\"noopener\"><strong>TRADE<span style=\"color: #999999;\">CONNECTION<\/span>KREBS<\/strong><\/a> &#8211; Digitale Mediengestaltung und Werbung<\/span>, vergeben zur Teilnahme an der Familien- und Trimmtour, errang der Turnverein Ilbenstadt. Dazu gab es Medaillen f\u00fcr Kinder.<br \/>\nDie Siegerehrung  wurde gemeinsam vom RTF-Fachwart Johannes Contag und dem Niddataler Stadtrat Herrn Peter Schmitz vorgenommen.<br \/>\n<center><img><a href=\"https:\/\/www.rc03-ilbenstadt.de\/wp-content\/uploads\/2024\/09\/B_RC03_RTF_240908_Ilbenstadt_011-WEB.jpg\" rel=\"lightbox[12607]\"><img loading=\"lazy\" decoding=\"async\" class=\"aligncenter size-thumbnail wp-image-12631\" src=\"https:\/\/www.rc03-ilbenstadt.de\/wp-content\/uploads\/2024\/09\/B_RC03_RTF_240908_Ilbenstadt_011-WEB.jpg\" alt=\"\" width=\"150\" height=\"150\" \/><\/a><\/center><br \/>\n<center><strong>Siegerehrung &#8211; Vertreterin des RC Hattersheim (2. Platz)<br \/>mit Stadtrat Peter Schmitz (li) und RTF-Fachwart Johannes Contag (re)<\/strong><br \/>\n(Bild zur Vergr\u00f6\u00dferung anklicken):<\/center><\/p>\n<p>Die Ehrung der Radsportlerinnen und Radsportler des RV Wenigumstadt und des RV Ober-M\u00f6rlens wird nachgereicht. Angesichts schwarzer Wolken waren diese schon auf dem Heimweg.<\/p>\n<p>Der RC 03 Ilbenstadt dankt herzlich allen Radsportlerinnen und Radsportlern f\u00fcr die Teilnahme sowie unseren Helferinnen und Helfern f\u00fcr ihren unerm\u00fcdlichen Einsatz.<br \/>\nWir freuen uns auf 2025 und halten allen am 23. M\u00e4rz und am 7. September &#8211; so die Planung &#8211; schon heute einen Startplatz frei.<\/p>\n<p><strong>Impressionen von unserer Herbst-RTF:<\/strong><br \/>\nBilder: Achim Parbel, Michael Hammann, Linda J\u00f6ckel<\/p>\n<table>\n<tbody>\n<tr>\n<td style=\"width: 33.3333%;\"><a href=\"https:\/\/www.rc03-ilbenstadt.de\/wp-content\/uploads\/2024\/09\/B_RC03_RTF_240908_Ilbenstadt_005-WEB.jpg\" rel=\"lightbox[12607]\"><img loading=\"lazy\" decoding=\"async\" class=\"aligncenter size-thumbnail wp-image-12629\" src=\"https:\/\/www.rc03-ilbenstadt.de\/wp-content\/uploads\/2024\/09\/B_RC03_RTF_240908_Ilbenstadt_005-WEB.jpg\" alt=\"\" width=\"150\" height=\"150\" \/><\/a><\/td>\n<td style=\"width: 33.3333%;\"><a href=\"https:\/\/www.rc03-ilbenstadt.de\/wp-content\/uploads\/2024\/09\/B_RC03_RTF_240908_Ilbenstadt_004-WEB.jpg\" rel=\"lightbox[12607]\"><img loading=\"lazy\" decoding=\"async\" class=\"aligncenter size-thumbnail wp-image-12628\" src=\"https:\/\/www.rc03-ilbenstadt.de\/wp-content\/uploads\/2024\/09\/B_RC03_RTF_240908_Ilbenstadt_004-WEB.jpg\" alt=\"\" width=\"150\" height=\"150\" \/><\/a><\/td>\n<td style=\"width: 33.3333%;\"><a href=\"https:\/\/www.rc03-ilbenstadt.de\/wp-content\/uploads\/2024\/09\/B_RC03_RTF_240908_Ilbenstadt_001-WEB.jpg\" rel=\"lightbox[12607]\"><img loading=\"lazy\" decoding=\"async\" class=\"aligncenter size-thumbnail wp-image-12627\" src=\"https:\/\/www.rc03-ilbenstadt.de\/wp-content\/uploads\/2024\/09\/B_RC03_RTF_240908_Ilbenstadt_001-WEB.jpg\" alt=\"\" width=\"150\" height=\"150\" \/><\/a><\/td>\n<\/tr>\n<tr>\n<td style=\"width: 33.3333%;\"><a href=\"https:\/\/www.rc03-ilbenstadt.de\/wp-content\/uploads\/2024\/09\/B_RC03_RTF_240908_Ilbenstadt_016-WEB.jpg\" rel=\"lightbox[12607]\"><img loading=\"lazy\" decoding=\"async\" class=\"aligncenter size-thumbnail wp-image-12634\" src=\"https:\/\/www.rc03-ilbenstadt.de\/wp-content\/uploads\/2024\/09\/B_RC03_RTF_240908_Ilbenstadt_016-WEB.jpg\" alt=\"\" width=\"150\" height=\"150\" \/><\/a><\/td>\n<td style=\"width: 33.3333%;\"><a href=\"https:\/\/www.rc03-ilbenstadt.de\/wp-content\/uploads\/2024\/09\/B_RC03_RTF_240908_Ilbenstadt_015-WEB.gif.jpg\" rel=\"lightbox[12607]\"><img loading=\"lazy\" decoding=\"async\" class=\"aligncenter size-thumbnail wp-image-12612\" src=\"https:\/\/www.rc03-ilbenstadt.de\/wp-content\/uploads\/2024\/09\/B_RC03_RTF_240908_Ilbenstadt_015-WEB.gif.jpg\" alt=\"\" width=\"150\" height=\"150\" \/><\/a><\/td>\n<td style=\"width: 33.3333%;\"><a href=\"https:\/\/www.rc03-ilbenstadt.de\/wp-content\/uploads\/2024\/09\/B_RC03_RTF_240908_Ilbenstadt_014-WEB.jpg\" rel=\"lightbox[12607]\"><img loading=\"lazy\" decoding=\"async\" class=\"aligncenter size-thumbnail wp-image-12633\" src=\"https:\/\/www.rc03-ilbenstadt.de\/wp-content\/uploads\/2024\/09\/B_RC03_RTF_240908_Ilbenstadt_014-WEB.jpg\" alt=\"\" width=\"150\" height=\"150\" \/><\/a><\/td>\n<\/tr>\n<tr>\n<td style=\"width: 33.3333%;\"><a href=\"https:\/\/www.rc03-ilbenstadt.de\/wp-content\/uploads\/2024\/09\/B_RC03_RTF_240908_Ilbenstadt_010-WEB.jpg\" rel=\"lightbox[12607]\"><img loading=\"lazy\" decoding=\"async\" class=\"aligncenter size-thumbnail wp-image-12630\" src=\"https:\/\/www.rc03-ilbenstadt.de\/wp-content\/uploads\/2024\/09\/B_RC03_RTF_240908_Ilbenstadt_010-WEB.jpg\" alt=\"\" width=\"150\" height=\"150\" \/><\/a><\/td>\n<td style=\"width: 33.3333%;\"><a href=\"https:\/\/www.rc03-ilbenstadt.de\/wp-content\/uploads\/2024\/09\/B_RC03_RTF_240908_Ilbenstadt_013-WEB.jpg\" rel=\"lightbox[12607]\"><img loading=\"lazy\" decoding=\"async\" class=\"aligncenter size-thumbnail wp-image-12632\" src=\"https:\/\/www.rc03-ilbenstadt.de\/wp-content\/uploads\/2024\/09\/B_RC03_RTF_240908_Ilbenstadt_013-WEB.jpg\" alt=\"\" width=\"150\" height=\"150\" \/><\/a><\/td>\n<td style=\"width: 33.3333%;\"><a href=\"https:\/\/www.rc03-ilbenstadt.de\/wp-content\/uploads\/2024\/09\/B_RC03_RTF_240908_Ilbenstadt_011-WEB.jpg\" rel=\"lightbox[12607]\"><img loading=\"lazy\" decoding=\"async\" class=\"aligncenter size-thumbnail wp-image-12631\" src=\"https:\/\/www.rc03-ilbenstadt.de\/wp-content\/uploads\/2024\/09\/B_RC03_RTF_240908_Ilbenstadt_011-WEB.jpg\" alt=\"\" width=\"150\" height=\"150\" \/><\/a><\/td>\n<\/tr>\n<\/tbody>\n<\/table>\n","protected":false},"excerpt":{"rendered":"<p>Fr\u00fch waren unsere engagierten Helferinnen und Helfer auf den Beinen, unterst\u00fctzt durch unseren Nachbarverein, den Sandhasen aus W\u00f6lfersheim. Es galt letzte Startvorbereitungen zu treffen, ein kleines Fr\u00fchst\u00fcck mit einem kr\u00e4ftigen Kaffee vorzuhalten, die Strecken zu kontrollieren und die Beschilderung zu &hellip; <a href=\"https:\/\/www.rc03-ilbenstadt.de\/?p=12607\">Weiterlesen <span class=\"meta-nav\">&rarr;<\/span><\/a><\/p>\n","protected":false},"author":9,"featured_media":8311,"comment_status":"closed","ping_status":"closed","sticky":false,"template":"","format":"standard","meta":{"_crdt_document":"","footnotes":""},"categories":[1],"tags":[],"class_list":["post-12607","post","type-post","status-publish","format-standard","has-post-thumbnail","hentry","category-allgemein"],"_links":{"self":[{"href":"https:\/\/www.rc03-ilbenstadt.de\/index.php?rest_route=\/wp\/v2\/posts\/12607","targetHints":{"allow":["GET"]}}],"collection":[{"href":"https:\/\/www.rc03-ilbenstadt.de\/index.php?rest_route=\/wp\/v2\/posts"}],"about":[{"href":"https:\/\/www.rc03-ilbenstadt.de\/index.php?rest_route=\/wp\/v2\/types\/post"}],"author":[{"embeddable":true,"href":"https:\/\/www.rc03-ilbenstadt.de\/index.php?rest_route=\/wp\/v2\/users\/9"}],"replies":[{"embeddable":true,"href":"https:\/\/www.rc03-ilbenstadt.de\/index.php?rest_route=%2Fwp%2Fv2%2Fcomments&post=12607"}],"version-history":[{"count":5,"href":"https:\/\/www.rc03-ilbenstadt.de\/index.php?rest_route=\/wp\/v2\/posts\/12607\/revisions"}],"predecessor-version":[{"id":12640,"href":"https:\/\/www.rc03-ilbenstadt.de\/index.php?rest_route=\/wp\/v2\/posts\/12607\/revisions\/12640"}],"wp:featuredmedia":[{"embeddable":true,"href":"https:\/\/www.rc03-ilbenstadt.de\/index.php?rest_route=\/wp\/v2\/media\/8311"}],"wp:attachment":[{"href":"https:\/\/www.rc03-ilbenstadt.de\/index.php?rest_route=%2Fwp%2Fv2%2Fmedia&parent=12607"}],"wp:term":[{"taxonomy":"category","embeddable":true,"href":"https:\/\/www.rc03-ilbenstadt.de\/index.php?rest_route=%2Fwp%2Fv2%2Fcategories&post=12607"},{"taxonomy":"post_tag","embeddable":true,"href":"https:\/\/www.rc03-ilbenstadt.de\/index.php?rest_route=%2Fwp%2Fv2%2Ftags&post=12607"}],"curies":[{"name":"wp","href":"https:\/\/api.w.org\/{rel}","templated":true}]}}