{"id":12649,"date":"2024-09-29T10:11:33","date_gmt":"2024-09-29T08:11:33","guid":{"rendered":"https:\/\/www.rc03-ilbenstadt.de\/?p=12649"},"modified":"2024-10-01T00:39:11","modified_gmt":"2024-09-30T22:39:11","slug":"deutsches-radsportabzeichenzeitfahren-am-3-oktober-2024-in-weckesheimabsage","status":"publish","type":"post","link":"https:\/\/www.rc03-ilbenstadt.de\/?p=12649","title":{"rendered":"<br><br>Deutsches Radsportabzeichen<br>Zeitfahren am 3. Oktober 2024 in Weckesheim<br><br>ABSAGE<br><br>"},"content":{"rendered":"<p><strong>Liebe Aktive, Freundinnen und Freunde des RC 03 Ilbenstadt,<\/strong><\/p>\n<p>nachdem die zweij\u00e4hrigen Bauarbeiten auf unserer Zeitfahrstrecke in der Ortsdurchfahrt Heuchelheim abgeschlossen  sind, waren wir optimistisch, das Zeitfahren \u00fcber 20 Kilometer zum Erwerb des Deutschen Radsportabzeichens (DRA) in diesem Jahr wieder anbieten zu k\u00f6nnen. <\/p>\n<p>Nat\u00fcrlich wurde die Ortsdurchfahrt Heuchelheim durch die Bauma\u00dfnahmen teilweise neu gestaltet. So ist die Fahrbahn<!--more-->  auf einem Teilst\u00fcck von rund 60 Metern so verengt, dass nur ein zweispuriges Fahrzeug dies passieren kann. Kommt ein Radfahrer diesem entgegen, kann der erforderliche Mindestabstand von 1,5 m nicht eingehalten werden.<br \/>\nDies ist problematisch, denn als Veranstalter m\u00fcssen wir die Verkehrssicherheit an die erste Stelle r\u00fccken. Diese muss auf alle F\u00e4lle selbst dann gew\u00e4hrleistet werden, wenn \u00fcbermotivierte Teilnehmerinnen und Teilnehmer ihr Ergebnis \u00fcber die erforderliche Umsicht und R\u00fccksichtnahme im Stra\u00dfenverkehr stellen.<\/p>\n<p>Nachdem ich meine Bedenken durch das Stellen eines Verkehrssicherungsposten an diese Engstelle hintanstellen konnte, brach uns kurz vor dem Ansto\u00dfen des Genehmigungsprozesses der Pr\u00fcfer weg. So wird auch das Zeitfahren zum DRA vom RC 03 Ilbenstadt 2024 nicht stattfinden.<br \/>\nOb es noch in diesem Jahr oder in 2025 ein Zeitfahrangebot geben wird, liegt in den H\u00e4nden des Vorstandes, dem ich ab 01.10.2024 nicht mehr angeh\u00f6ren werde. Ansprechpartner ist <\/p>\n<p>Johannes Contag<br \/>\nRTF-Fachwart und  Gesch\u00e4ftsf\u00fchrer (ab 01.10.2024) des RC 03<br \/>\n<a href=\"mailto:rtf-fachwart@rc03-ilbenstadt.de\">Sende eine E-Mail an Johannes<\/a><\/p>\n<p>Ich w\u00fcrde mir w\u00fcnschen, dass zuk\u00fcnftig weiter ein Angebot zur Abnahme des Deutschen Radsportabzeichens (DRA), einem Pendant zum Deutschen Sportabzeichen, geben wird. Es weist die Tr\u00e4gerin, den Tr\u00e4ger als sportlich aktiven Menschen aus, der auf eine gute k\u00f6rperliche Fitness blicken kann. Es ist ein Baustein unseres Sportes und eine M\u00f6glichkeit f\u00fcr unseren Sport aktiv zu werben!<br \/>\n<a href=\"https:\/\/www.rad-net.de\/radsportabzeichen.htm\"><trong>Zu Informationen rund um das DRA auf den Seiten des Bundes Deutscher Radfahrer<\/strong><\/a><\/p>\n<p>Wilhelm Schr\u00f6der<br \/>\nFachbereichsleiter \u00d6ffentlichkeitsarbeit und Sport<\/p>\n","protected":false},"excerpt":{"rendered":"<p>Liebe Aktive, Freundinnen und Freunde des RC 03 Ilbenstadt, nachdem die zweij\u00e4hrigen Bauarbeiten auf unserer Zeitfahrstrecke in der Ortsdurchfahrt Heuchelheim abgeschlossen sind, waren wir optimistisch, das Zeitfahren \u00fcber 20 Kilometer zum Erwerb des Deutschen Radsportabzeichens (DRA) in diesem Jahr wieder &hellip; <a href=\"https:\/\/www.rc03-ilbenstadt.de\/?p=12649\">Weiterlesen <span class=\"meta-nav\">&rarr;<\/span><\/a><\/p>\n","protected":false},"author":9,"featured_media":9070,"comment_status":"closed","ping_status":"closed","sticky":false,"template":"","format":"standard","meta":{"_crdt_document":"","footnotes":""},"categories":[1],"tags":[],"class_list":["post-12649","post","type-post","status-publish","format-standard","has-post-thumbnail","hentry","category-allgemein"],"_links":{"self":[{"href":"https:\/\/www.rc03-ilbenstadt.de\/index.php?rest_route=\/wp\/v2\/posts\/12649","targetHints":{"allow":["GET"]}}],"collection":[{"href":"https:\/\/www.rc03-ilbenstadt.de\/index.php?rest_route=\/wp\/v2\/posts"}],"about":[{"href":"https:\/\/www.rc03-ilbenstadt.de\/index.php?rest_route=\/wp\/v2\/types\/post"}],"author":[{"embeddable":true,"href":"https:\/\/www.rc03-ilbenstadt.de\/index.php?rest_route=\/wp\/v2\/users\/9"}],"replies":[{"embeddable":true,"href":"https:\/\/www.rc03-ilbenstadt.de\/index.php?rest_route=%2Fwp%2Fv2%2Fcomments&post=12649"}],"version-history":[{"count":6,"href":"https:\/\/www.rc03-ilbenstadt.de\/index.php?rest_route=\/wp\/v2\/posts\/12649\/revisions"}],"predecessor-version":[{"id":12661,"href":"https:\/\/www.rc03-ilbenstadt.de\/index.php?rest_route=\/wp\/v2\/posts\/12649\/revisions\/12661"}],"wp:featuredmedia":[{"embeddable":true,"href":"https:\/\/www.rc03-ilbenstadt.de\/index.php?rest_route=\/wp\/v2\/media\/9070"}],"wp:attachment":[{"href":"https:\/\/www.rc03-ilbenstadt.de\/index.php?rest_route=%2Fwp%2Fv2%2Fmedia&parent=12649"}],"wp:term":[{"taxonomy":"category","embeddable":true,"href":"https:\/\/www.rc03-ilbenstadt.de\/index.php?rest_route=%2Fwp%2Fv2%2Fcategories&post=12649"},{"taxonomy":"post_tag","embeddable":true,"href":"https:\/\/www.rc03-ilbenstadt.de\/index.php?rest_route=%2Fwp%2Fv2%2Ftags&post=12649"}],"curies":[{"name":"wp","href":"https:\/\/api.w.org\/{rel}","templated":true}]}}