{"id":12691,"date":"2024-10-07T14:37:38","date_gmt":"2024-10-07T12:37:38","guid":{"rendered":"https:\/\/www.rc03-ilbenstadt.de\/?p=12691"},"modified":"2024-12-23T19:32:31","modified_gmt":"2024-12-23T18:32:31","slug":"12691","status":"publish","type":"post","link":"https:\/\/www.rc03-ilbenstadt.de\/?p=12691","title":{"rendered":"<br><br><br>In eigener Sache &#8230;"},"content":{"rendered":"<p><stron>Ich habe den Stecker gezogen<\/strong><br \/>\n<center><img><a href=\"https:\/\/www.rc03-ilbenstadt.de\/wp-content\/uploads\/2024\/10\/AdobeStock_418531669_E_Racebike.jpg\" rel=\"lightbox[12691]\"><img decoding=\"async\" class=\"aligncenter size-thumbnail wp-image-12631\" src=\"https:\/\/www.rc03-ilbenstadt.de\/wp-content\/uploads\/2024\/10\/AdobeStock_418531669_E_Racebike.jpg\" ><\/a><\/center><br \/>\nMit Ablauf des 30.09.2024 habe ich mein Amt als gesch\u00e4ftsf\u00fchrender Vorstand des RC 03 und meine Aufgabe als Fachbereichsleiter Kommunikation und Sport niedergelegt. Dies schlie\u00dft auch die Betreuung dieser Internetseite des RC 03 mit ein. Es war eine spontane, emotional gef\u00e4rbte Entscheidung. <!--more--><\/p>\n<p>Ich bedanke mich bei allen, die mich \u00fcber rund 22 Jahre als gesch\u00e4ftsf\u00fchrenden Vorstand im RC 03 Ilbenstadt ertragen haben und die mir mit mehr oder weniger Geduld, Freude oder \u00c4rger meinen Ausf\u00fchrungen auf diesen Seiten gefolgt sind.<\/p>\n<p>Wie geht mit dieser Internetseite weiter? Ich wei\u00df es nicht, aber der Vorstand wird sicherlich eine Entscheidung in K\u00fcrze ver\u00f6ffentlichen.<br \/>\nImmer frisch und aktuell sind die von Jenni Heubach betreuten Vereinsauftritte auf Facebook und Instagram:<\/p>\n<p><center><a href=\"https:\/\/www.facebook.com\/profile.php?id=100089667820879\" target=\"_blank\" rel=\"noopener\"><img decoding=\"async\" src=\"https:\/\/www.rc03-ilbenstadt.de\/wp-content\/uploads\/2024\/10\/Facebook_Logo_Primary_64x64.png\" alt=\"Der   RC 03 Ilbenstadt auf Facebook\"><\/a><\/center><br \/>\n<center><a href=\"https:\/\/www.instagram.com\/rc03ilbenstadt?fbclid=IwY2xjawFnPeFleHRuA2FlbQIxMAABHRr1qxMhEIP0fEmLunSeJGeZXebZyPqhd_9uIRZ7bFfjlpHxe8MEzcFM8w_aem_BOeSUPky7ZRd0YtJgqFFHg\" target=\"_blank\" rel=\"noopener\"><img decoding=\"async\" src=\"https:\/\/www.rc03-ilbenstadt.de\/wp-content\/uploads\/2024\/10\/Instagram_Glyph_Gradient_64x64.png\" alt=\"Der   RC 03 Ilbenstadt auf Instagram\"><\/a><\/center><\/p>\n<p>Dem RC 03 w\u00fcnsche ich f\u00fcr die Zukunft Erfolg,<br \/>\nallen Radfahrerinnen und Radfahrern gute und unfallfreie Fahrten.<\/p>\n<p>Mit sportlichen Gr\u00fc\u00dfen<br \/>\nWilhelm Schr\u00f6der<\/p>\n<p>Bildnachweis:<br \/>\n<a href=\"https:\/\/stock.adobe.com\/de\/images\/electric-bike-icon-vector-on-isolated-white-background-eps-10\/418531669?prev_url=detail\" target=\"_blank\" rel=\"noopener\">eBike Icon &#8211; Adobe Stock<\/a> <\/p>\n","protected":false},"excerpt":{"rendered":"<p>Ich habe den Stecker gezogen Mit Ablauf des 30.09.2024 habe ich mein Amt als gesch\u00e4ftsf\u00fchrender Vorstand des RC 03 und meine Aufgabe als Fachbereichsleiter Kommunikation und Sport niedergelegt. Dies schlie\u00dft auch die Betreuung dieser Internetseite des RC 03 mit ein. &hellip; <a href=\"https:\/\/www.rc03-ilbenstadt.de\/?p=12691\">Weiterlesen <span class=\"meta-nav\">&rarr;<\/span><\/a><\/p>\n","protected":false},"author":9,"featured_media":12665,"comment_status":"closed","ping_status":"closed","sticky":false,"template":"","format":"standard","meta":{"_crdt_document":"","footnotes":""},"categories":[1],"tags":[],"class_list":["post-12691","post","type-post","status-publish","format-standard","has-post-thumbnail","hentry","category-allgemein"],"_links":{"self":[{"href":"https:\/\/www.rc03-ilbenstadt.de\/index.php?rest_route=\/wp\/v2\/posts\/12691","targetHints":{"allow":["GET"]}}],"collection":[{"href":"https:\/\/www.rc03-ilbenstadt.de\/index.php?rest_route=\/wp\/v2\/posts"}],"about":[{"href":"https:\/\/www.rc03-ilbenstadt.de\/index.php?rest_route=\/wp\/v2\/types\/post"}],"author":[{"embeddable":true,"href":"https:\/\/www.rc03-ilbenstadt.de\/index.php?rest_route=\/wp\/v2\/users\/9"}],"replies":[{"embeddable":true,"href":"https:\/\/www.rc03-ilbenstadt.de\/index.php?rest_route=%2Fwp%2Fv2%2Fcomments&post=12691"}],"version-history":[{"count":5,"href":"https:\/\/www.rc03-ilbenstadt.de\/index.php?rest_route=\/wp\/v2\/posts\/12691\/revisions"}],"predecessor-version":[{"id":12896,"href":"https:\/\/www.rc03-ilbenstadt.de\/index.php?rest_route=\/wp\/v2\/posts\/12691\/revisions\/12896"}],"wp:featuredmedia":[{"embeddable":true,"href":"https:\/\/www.rc03-ilbenstadt.de\/index.php?rest_route=\/wp\/v2\/media\/12665"}],"wp:attachment":[{"href":"https:\/\/www.rc03-ilbenstadt.de\/index.php?rest_route=%2Fwp%2Fv2%2Fmedia&parent=12691"}],"wp:term":[{"taxonomy":"category","embeddable":true,"href":"https:\/\/www.rc03-ilbenstadt.de\/index.php?rest_route=%2Fwp%2Fv2%2Fcategories&post=12691"},{"taxonomy":"post_tag","embeddable":true,"href":"https:\/\/www.rc03-ilbenstadt.de\/index.php?rest_route=%2Fwp%2Fv2%2Ftags&post=12691"}],"curies":[{"name":"wp","href":"https:\/\/api.w.org\/{rel}","templated":true}]}}