{"id":12881,"date":"2024-12-21T21:12:23","date_gmt":"2024-12-21T20:12:23","guid":{"rendered":"https:\/\/www.rc03-ilbenstadt.de\/?p=12881"},"modified":"2024-12-30T12:33:51","modified_gmt":"2024-12-30T11:33:51","slug":"neuigkeiten-weihnachts-neujahresgruesse","status":"publish","type":"post","link":"https:\/\/www.rc03-ilbenstadt.de\/?p=12881","title":{"rendered":"Neuigkeiten &#038; Weihnachts- \/ Neujahresgr\u00fc\u00dfe"},"content":{"rendered":"<p><strong>Liebe Mitglieder und<br \/>\nliebe Freundinnen und Freunde des RC 03 Ilbenstadt,<\/strong><\/p>\n<p>in den letzten Wochen hat unser Verein in mehreren Treffen die Weichen f\u00fcr die Zukunft gestellt und Aufgaben der anfallenden Vereinsarbeiten auf mehrere Schultern der Mitglieder verteilt. In dem Zusammenhang wurde auch der Kreis des Vorstands vergr\u00f6\u00dfert, was zu einer stabilen und sicheren F\u00fchrung des Vereins f\u00fchrt. Diese Neuaufstellung wurde unter anderem erforderlich, da Wilhelm Schr\u00f6der auf eigenen Wunsch den Vorstand im September verlassen hatte. Der Vorstand und die Vereinsmitglieder danken Wilhelm f\u00fcr sein langj\u00e4hriges gro\u00dfes Engagement im und f\u00fcr den Verein, das sich insbesondere in der hervorragenden Organisation der Radveranstaltungen des Vereins zeigte.<!--more--><\/p>\n<p>Die Planungen der Radveranstaltungen f\u00fcr 2025 laufen auf Hochtouren. Die RTF-\/GTF-\/CTF-Veranstaltungen sind bereits f\u00fcr M\u00e4rz und September 2025 terminiert und werden begleitend durch unsere regelm\u00e4\u00dfig stattfindenden Radwander-Touren erg\u00e4nzt, die sich gro\u00dfer Beliebtheit und Zuspruch erfreuen. An weiteren Programm-Punkten wird gearbeitet. Am 17. Januar 2025 findet das Neujahres-Treffen und am 14. Februar 2025 der Saisonabschluss 2024 und die Mitgliederversammlung statt. Weitere Informationen zu unseren Radveranstaltungen und Events werden wir auf der Internetseite sowie den bekannten Social-Media-Kan\u00e4len des Vereins ver\u00f6ffentlichen. Bleiben Sie also neugierig!<br \/>\nWir w\u00fcnschen Euch allen eine sch\u00f6ne Adventszeit, frohe Weihnachten und alles Gute f\u00fcr 2025.<\/p>\n<p>F\u00fcr den Vorstand<br \/>\nMit sportlichen Gr\u00fc\u00dfen<br \/>\nVolker Grundig<br \/>\n<em>Presse- und \u00d6ffentlichkeitsarbeit<\/em><\/p>\n<p><img loading=\"lazy\" decoding=\"async\" class=\"aligncenter wp-image-12899 size-large\" src=\"https:\/\/www.rc03-ilbenstadt.de\/wp-content\/uploads\/2024\/12\/RC03_RTF_CTF_GTF_3_2025_Flyer_v1_S1-722x1024.jpg\" alt=\"RC03 Veranstaltung\" width=\"620\" height=\"879\" srcset=\"https:\/\/www.rc03-ilbenstadt.de\/wp-content\/uploads\/2024\/12\/RC03_RTF_CTF_GTF_3_2025_Flyer_v1_S1-722x1024.jpg 722w, https:\/\/www.rc03-ilbenstadt.de\/wp-content\/uploads\/2024\/12\/RC03_RTF_CTF_GTF_3_2025_Flyer_v1_S1-211x300.jpg 211w, https:\/\/www.rc03-ilbenstadt.de\/wp-content\/uploads\/2024\/12\/RC03_RTF_CTF_GTF_3_2025_Flyer_v1_S1-768x1089.jpg 768w, https:\/\/www.rc03-ilbenstadt.de\/wp-content\/uploads\/2024\/12\/RC03_RTF_CTF_GTF_3_2025_Flyer_v1_S1-1083x1536.jpg 1083w, https:\/\/www.rc03-ilbenstadt.de\/wp-content\/uploads\/2024\/12\/RC03_RTF_CTF_GTF_3_2025_Flyer_v1_S1-1444x2048.jpg 1444w, https:\/\/www.rc03-ilbenstadt.de\/wp-content\/uploads\/2024\/12\/RC03_RTF_CTF_GTF_3_2025_Flyer_v1_S1.jpg 1749w\" sizes=\"auto, (max-width: 620px) 100vw, 620px\" \/><\/p>\n","protected":false},"excerpt":{"rendered":"<p>Liebe Mitglieder und liebe Freundinnen und Freunde des RC 03 Ilbenstadt, in den letzten Wochen hat unser Verein in mehreren Treffen die Weichen f\u00fcr die Zukunft gestellt und Aufgaben der anfallenden Vereinsarbeiten auf mehrere Schultern der Mitglieder verteilt. In dem &hellip; <a href=\"https:\/\/www.rc03-ilbenstadt.de\/?p=12881\">Weiterlesen <span class=\"meta-nav\">&rarr;<\/span><\/a><\/p>\n","protected":false},"author":22,"featured_media":0,"comment_status":"closed","ping_status":"closed","sticky":false,"template":"","format":"standard","meta":{"_crdt_document":"","footnotes":""},"categories":[1],"tags":[],"class_list":["post-12881","post","type-post","status-publish","format-standard","hentry","category-allgemein"],"_links":{"self":[{"href":"https:\/\/www.rc03-ilbenstadt.de\/index.php?rest_route=\/wp\/v2\/posts\/12881","targetHints":{"allow":["GET"]}}],"collection":[{"href":"https:\/\/www.rc03-ilbenstadt.de\/index.php?rest_route=\/wp\/v2\/posts"}],"about":[{"href":"https:\/\/www.rc03-ilbenstadt.de\/index.php?rest_route=\/wp\/v2\/types\/post"}],"author":[{"embeddable":true,"href":"https:\/\/www.rc03-ilbenstadt.de\/index.php?rest_route=\/wp\/v2\/users\/22"}],"replies":[{"embeddable":true,"href":"https:\/\/www.rc03-ilbenstadt.de\/index.php?rest_route=%2Fwp%2Fv2%2Fcomments&post=12881"}],"version-history":[{"count":5,"href":"https:\/\/www.rc03-ilbenstadt.de\/index.php?rest_route=\/wp\/v2\/posts\/12881\/revisions"}],"predecessor-version":[{"id":12901,"href":"https:\/\/www.rc03-ilbenstadt.de\/index.php?rest_route=\/wp\/v2\/posts\/12881\/revisions\/12901"}],"wp:attachment":[{"href":"https:\/\/www.rc03-ilbenstadt.de\/index.php?rest_route=%2Fwp%2Fv2%2Fmedia&parent=12881"}],"wp:term":[{"taxonomy":"category","embeddable":true,"href":"https:\/\/www.rc03-ilbenstadt.de\/index.php?rest_route=%2Fwp%2Fv2%2Fcategories&post=12881"},{"taxonomy":"post_tag","embeddable":true,"href":"https:\/\/www.rc03-ilbenstadt.de\/index.php?rest_route=%2Fwp%2Fv2%2Ftags&post=12881"}],"curies":[{"name":"wp","href":"https:\/\/api.w.org\/{rel}","templated":true}]}}