{"id":12933,"date":"2025-01-26T17:00:08","date_gmt":"2025-01-26T16:00:08","guid":{"rendered":"https:\/\/www.rc03-ilbenstadt.de\/?p=12933"},"modified":"2025-03-15T08:59:18","modified_gmt":"2025-03-15T07:59:18","slug":"radtourenfahren-in-ilbenstadtfruehlingstouren-in-der-wetterauauf-strasse-feld-und-wald-mit-dem-rc-03-ilbenstadt-unterwegssonntag-den-16-maerz-2025","status":"publish","type":"post","link":"https:\/\/www.rc03-ilbenstadt.de\/?p=12933","title":{"rendered":"Radtourenfahren in Ilbenstadt<br>Fr\u00fchlingstouren in der Wetterau<br>am Sonntag, den 16. M\u00e4rz 2025"},"content":{"rendered":"<p><span style=\"color: #ff0000;\">Erstver\u00f6ffentlichung 26.01.2024<br \/>\n<strong><br \/>\nWir setzen zur Veranstaltungsabwicklung auf die neue BDR-App &#8222;GC Touren&#8220;<br \/>\n<\/strong><\/span><\/p>\n<p>Liebe Radsportfreunde,<\/p>\n<p>der RC03 Ilbenstadt freut sich, euch zu unserer kommenden Randveranstaltung einzuladen!<br \/>\nEuch erwarten abwechslungsreiche Strecken f\u00fcr jeden Geschmack und jedes Leistungsniveau.<br \/>\nEgal ob Rennrad, Gravelbike oder Mountainbike \u2013 wir haben f\u00fcr alle etwas dabei!<\/p>\n<p>Das erwartet euch:<br \/>\n<strong> RTF-Strecken (Radtourenfahren): 43 km, 73 km und 116 km <\/strong><br \/>\nAbwechslungsreiche Strecken durch idyllische Landschaften.<\/p>\n<p><strong>GTF-Strecken (Gravel Tourenfahren): 50 km und 80 km<\/strong><br \/>\nPerfekt f\u00fcr Abenteuerlustige auf unbefestigten Wegen. Die Gravelstrecken sind nicht ausgeschildert und k\u00f6nnen nur mit gpx befahren werden.<\/p>\n<p><strong>CTF-Strecken (Country Tourenfahren): 43 km, 63 km und 77 km<\/strong><br \/>\nAnspruchsvolle Trails f\u00fcr MTB-Fans.<\/p>\n<p><strong>Infos zur Veranstaltung:<\/strong><\/p>\n<ul>\n<li>Datum: 16. M\u00e4rz 2025<\/li>\n<li>Startzeit: ab 8:00 Uhr<\/li>\n<li>Startort: Sporthalle Ilbenstadt, Schulstra\u00dfe \/ Spessartring, 61194 Niddatal<\/li>\n<li>Parkm\u00f6glichkeiten: Parkpl\u00e4tze Stra\u00dfe \u201eIm Kloster\u201c und Parkpl\u00e4tze am Sportplatz \u201eSpessartring\u201c<\/li>\n<\/ul>\n<p><!--more--><br \/>\n<strong>Verpflegung: <\/strong><\/p>\n<ul>\n<li>Unterwegs erwarten Euch an den Kontrollpunkten Snacks und Getr\u00e4nke (so lange der Vorrat reicht)<\/li>\n<li>Am Start-\/Zielbereich erwartet Euch ein reichhaltiges Angebot an Speisen und Getr\u00e4nken<\/li>\n<\/ul>\n<p><strong>Hier geht es zu den Ausschreibungen der einzelnen Touren und den Teilnahmebedingungen:<\/strong><\/p>\n<ul>\n<li><strong><a href=\"https:\/\/www.rc03-ilbenstadt.de\/?page_id=12905\" target=\"_blank\" rel=\"noopener\">Ausschreibung und Strecken<\/a> <\/strong><\/li>\n<li><strong><a href=\"https:\/\/www.rc03-ilbenstadt.de\/?page_id=12907\" target=\"_blank\" rel=\"noopener\">Teilnahmebedingungen<\/a> <\/strong><\/li>\n<\/ul>\n<p><strong>Egal ob ihr gem\u00fctlich die Natur genie\u00dfen oder eure sportlichen Grenzen austesten m\u00f6chtet \u2013 bei uns ist jeder willkommen!<\/strong><\/p>\n<p>Wir freuen uns auf euch!<\/p>\n<p>Euer Team vom RC03 Ilbenstadt e.V.<br \/>\n<img loading=\"lazy\" decoding=\"async\" class=\"aligncenter wp-image-12941 size-full\" src=\"https:\/\/www.rc03-ilbenstadt.de\/wp-content\/uploads\/2025\/01\/flyer_03-2025.png\" alt=\"RC03 Ilbenstadt Veranstaltung M\u00e4rz 2025\" width=\"419\" height=\"595\" srcset=\"https:\/\/www.rc03-ilbenstadt.de\/wp-content\/uploads\/2025\/01\/flyer_03-2025.png 419w, https:\/\/www.rc03-ilbenstadt.de\/wp-content\/uploads\/2025\/01\/flyer_03-2025-211x300.png 211w\" sizes=\"auto, (max-width: 419px) 100vw, 419px\" \/><\/p>\n","protected":false},"excerpt":{"rendered":"<p>Erstver\u00f6ffentlichung 26.01.2024 Wir setzen zur Veranstaltungsabwicklung auf die neue BDR-App &#8222;GC Touren&#8220; Liebe Radsportfreunde, der RC03 Ilbenstadt freut sich, euch zu unserer kommenden Randveranstaltung einzuladen! Euch erwarten abwechslungsreiche Strecken f\u00fcr jeden Geschmack und jedes Leistungsniveau. Egal ob Rennrad, Gravelbike oder &hellip; <a href=\"https:\/\/www.rc03-ilbenstadt.de\/?p=12933\">Weiterlesen <span class=\"meta-nav\">&rarr;<\/span><\/a><\/p>\n","protected":false},"author":22,"featured_media":8311,"comment_status":"closed","ping_status":"closed","sticky":false,"template":"","format":"standard","meta":{"_crdt_document":"","footnotes":""},"categories":[1],"tags":[],"class_list":["post-12933","post","type-post","status-publish","format-standard","has-post-thumbnail","hentry","category-allgemein"],"_links":{"self":[{"href":"https:\/\/www.rc03-ilbenstadt.de\/index.php?rest_route=\/wp\/v2\/posts\/12933","targetHints":{"allow":["GET"]}}],"collection":[{"href":"https:\/\/www.rc03-ilbenstadt.de\/index.php?rest_route=\/wp\/v2\/posts"}],"about":[{"href":"https:\/\/www.rc03-ilbenstadt.de\/index.php?rest_route=\/wp\/v2\/types\/post"}],"author":[{"embeddable":true,"href":"https:\/\/www.rc03-ilbenstadt.de\/index.php?rest_route=\/wp\/v2\/users\/22"}],"replies":[{"embeddable":true,"href":"https:\/\/www.rc03-ilbenstadt.de\/index.php?rest_route=%2Fwp%2Fv2%2Fcomments&post=12933"}],"version-history":[{"count":5,"href":"https:\/\/www.rc03-ilbenstadt.de\/index.php?rest_route=\/wp\/v2\/posts\/12933\/revisions"}],"predecessor-version":[{"id":12959,"href":"https:\/\/www.rc03-ilbenstadt.de\/index.php?rest_route=\/wp\/v2\/posts\/12933\/revisions\/12959"}],"wp:featuredmedia":[{"embeddable":true,"href":"https:\/\/www.rc03-ilbenstadt.de\/index.php?rest_route=\/wp\/v2\/media\/8311"}],"wp:attachment":[{"href":"https:\/\/www.rc03-ilbenstadt.de\/index.php?rest_route=%2Fwp%2Fv2%2Fmedia&parent=12933"}],"wp:term":[{"taxonomy":"category","embeddable":true,"href":"https:\/\/www.rc03-ilbenstadt.de\/index.php?rest_route=%2Fwp%2Fv2%2Fcategories&post=12933"},{"taxonomy":"post_tag","embeddable":true,"href":"https:\/\/www.rc03-ilbenstadt.de\/index.php?rest_route=%2Fwp%2Fv2%2Ftags&post=12933"}],"curies":[{"name":"wp","href":"https:\/\/api.w.org\/{rel}","templated":true}]}}