{"id":12955,"date":"2025-03-03T23:22:00","date_gmt":"2025-03-03T22:22:00","guid":{"rendered":"https:\/\/www.rc03-ilbenstadt.de\/?p=12955"},"modified":"2025-03-19T11:21:16","modified_gmt":"2025-03-19T10:21:16","slug":"ankuendigung-radwandern-6-maerz","status":"publish","type":"post","link":"https:\/\/www.rc03-ilbenstadt.de\/?p=12955","title":{"rendered":"Ank\u00fcndigung Radwandern &#8211; 6. M\u00e4rz 2025"},"content":{"rendered":"<p>Helau zusammen,<br \/>\nf\u00fcr die Radwander Begeisterten gibt es Neuigkeiten: Erwin hat f\u00fcr den kommenden Donnerstag, den <strong>6. M\u00e4rz<\/strong> 2025, eine Runde \u00fcber B\u00fcdingen geplant. Die Wettervorhersage sieht sehr gut aus.<br \/>\nGestartet wird um<strong> 11 Uhr in Wickstadt an der Niddabr\u00fccke<\/strong> und um 11:30 Uhr in Staden am Sauerbrunnen geht es \u00fcber Nieder Mockstadt, Heegheim, Aulendiebach und Wolf nach B\u00fcdingen.<br \/>\nGerastet wird im Caf\u00e9 Papert in B\u00fcdingen.<br \/>\nDie Strecke ist in <strong><a href=\"https:\/\/www.komoot.com\/de-de\/tour\/2074837734?ref=wtd\">Komoot<\/a><\/strong> eingestellt und ist ca. 55 km lang.<br \/>\n<!--more--><br \/>\n<iframe loading=\"lazy\" src=\"https:\/\/www.komoot.com\/de-de\/tour\/2074837734\/embed?profile=1\" width=\"100%\" height=\"700\" frameborder=\"0\" scrolling=\"no\"><\/iframe><\/p>\n","protected":false},"excerpt":{"rendered":"<p>Helau zusammen, f\u00fcr die Radwander Begeisterten gibt es Neuigkeiten: Erwin hat f\u00fcr den kommenden Donnerstag, den 6. M\u00e4rz 2025, eine Runde \u00fcber B\u00fcdingen geplant. Die Wettervorhersage sieht sehr gut aus. Gestartet wird um 11 Uhr in Wickstadt an der Niddabr\u00fccke &hellip; <a href=\"https:\/\/www.rc03-ilbenstadt.de\/?p=12955\">Weiterlesen <span class=\"meta-nav\">&rarr;<\/span><\/a><\/p>\n","protected":false},"author":22,"featured_media":0,"comment_status":"closed","ping_status":"closed","sticky":false,"template":"","format":"standard","meta":{"_crdt_document":"","footnotes":""},"categories":[1],"tags":[],"class_list":["post-12955","post","type-post","status-publish","format-standard","hentry","category-allgemein"],"_links":{"self":[{"href":"https:\/\/www.rc03-ilbenstadt.de\/index.php?rest_route=\/wp\/v2\/posts\/12955","targetHints":{"allow":["GET"]}}],"collection":[{"href":"https:\/\/www.rc03-ilbenstadt.de\/index.php?rest_route=\/wp\/v2\/posts"}],"about":[{"href":"https:\/\/www.rc03-ilbenstadt.de\/index.php?rest_route=\/wp\/v2\/types\/post"}],"author":[{"embeddable":true,"href":"https:\/\/www.rc03-ilbenstadt.de\/index.php?rest_route=\/wp\/v2\/users\/22"}],"replies":[{"embeddable":true,"href":"https:\/\/www.rc03-ilbenstadt.de\/index.php?rest_route=%2Fwp%2Fv2%2Fcomments&post=12955"}],"version-history":[{"count":3,"href":"https:\/\/www.rc03-ilbenstadt.de\/index.php?rest_route=\/wp\/v2\/posts\/12955\/revisions"}],"predecessor-version":[{"id":12963,"href":"https:\/\/www.rc03-ilbenstadt.de\/index.php?rest_route=\/wp\/v2\/posts\/12955\/revisions\/12963"}],"wp:attachment":[{"href":"https:\/\/www.rc03-ilbenstadt.de\/index.php?rest_route=%2Fwp%2Fv2%2Fmedia&parent=12955"}],"wp:term":[{"taxonomy":"category","embeddable":true,"href":"https:\/\/www.rc03-ilbenstadt.de\/index.php?rest_route=%2Fwp%2Fv2%2Fcategories&post=12955"},{"taxonomy":"post_tag","embeddable":true,"href":"https:\/\/www.rc03-ilbenstadt.de\/index.php?rest_route=%2Fwp%2Fv2%2Ftags&post=12955"}],"curies":[{"name":"wp","href":"https:\/\/api.w.org\/{rel}","templated":true}]}}