{"id":12960,"date":"2025-03-19T11:20:12","date_gmt":"2025-03-19T10:20:12","guid":{"rendered":"https:\/\/www.rc03-ilbenstadt.de\/?p=12960"},"modified":"2025-03-19T11:22:44","modified_gmt":"2025-03-19T10:22:44","slug":"ankuendigung-radwandern-20-maerz-2025","status":"publish","type":"post","link":"https:\/\/www.rc03-ilbenstadt.de\/?p=12960","title":{"rendered":"Ank\u00fcndigung Radwandern &#8211; 20. M\u00e4rz 2025"},"content":{"rendered":"<p>Die Wetterprognosen f\u00fcr Donnerstag, den <strong>20. M\u00e4rz 2025<\/strong> versprechen ideale Bedingungen f\u00fcr eine Radtour. Geplant ist eine Strecke von etwa 64 Kilometern, die bereits in <a href=\"https:\/\/www.komoot.com\/de-de\/tour\/2105266585?ref=wtd\">Komoot<\/a> hinterlegt ist.<br \/>\n<br \/>\nDer Start erfolgt um <strong>11:30 Uhr in Assenheim am B\u00fcrgerhaus<\/strong>. Von dort aus f\u00fchrt die Route \u00fcber den R4 bis zur Hohen Stra\u00dfe, die mit ihren beeindruckenden Ausblicken bis nach Mark\u00f6bel begeistert. Eine wohlverdiente Pause gibt es in Langenbergheim, wo die Teilnehmenden im Caf\u00e9 einkehren. Der R\u00fcckweg erfolgt \u00fcber den Limesradweg in die Heimat.<br \/>\n<br \/>\nEine sch\u00f6ne Tour mit abwechslungsreicher Strecke und tollen Panoramaausblicken erwartet alle Teilnehmenden.<br \/>\n<!--more--><br \/>\n<iframe loading=\"lazy\" src=\"https:\/\/www.komoot.com\/de-de\/tour\/2105266585\/embed?profile=1\" width=\"100%\" height=\"700\" frameborder=\"0\" scrolling=\"no\"><\/iframe><\/p>\n","protected":false},"excerpt":{"rendered":"<p>Die Wetterprognosen f\u00fcr Donnerstag, den 20. M\u00e4rz 2025 versprechen ideale Bedingungen f\u00fcr eine Radtour. Geplant ist eine Strecke von etwa 64 Kilometern, die bereits in Komoot hinterlegt ist. Der Start erfolgt um 11:30 Uhr in Assenheim am B\u00fcrgerhaus. Von dort &hellip; <a href=\"https:\/\/www.rc03-ilbenstadt.de\/?p=12960\">Weiterlesen <span class=\"meta-nav\">&rarr;<\/span><\/a><\/p>\n","protected":false},"author":22,"featured_media":0,"comment_status":"closed","ping_status":"closed","sticky":false,"template":"","format":"standard","meta":{"_crdt_document":"","footnotes":""},"categories":[1],"tags":[],"class_list":["post-12960","post","type-post","status-publish","format-standard","hentry","category-allgemein"],"_links":{"self":[{"href":"https:\/\/www.rc03-ilbenstadt.de\/index.php?rest_route=\/wp\/v2\/posts\/12960","targetHints":{"allow":["GET"]}}],"collection":[{"href":"https:\/\/www.rc03-ilbenstadt.de\/index.php?rest_route=\/wp\/v2\/posts"}],"about":[{"href":"https:\/\/www.rc03-ilbenstadt.de\/index.php?rest_route=\/wp\/v2\/types\/post"}],"author":[{"embeddable":true,"href":"https:\/\/www.rc03-ilbenstadt.de\/index.php?rest_route=\/wp\/v2\/users\/22"}],"replies":[{"embeddable":true,"href":"https:\/\/www.rc03-ilbenstadt.de\/index.php?rest_route=%2Fwp%2Fv2%2Fcomments&post=12960"}],"version-history":[{"count":5,"href":"https:\/\/www.rc03-ilbenstadt.de\/index.php?rest_route=\/wp\/v2\/posts\/12960\/revisions"}],"predecessor-version":[{"id":12966,"href":"https:\/\/www.rc03-ilbenstadt.de\/index.php?rest_route=\/wp\/v2\/posts\/12960\/revisions\/12966"}],"wp:attachment":[{"href":"https:\/\/www.rc03-ilbenstadt.de\/index.php?rest_route=%2Fwp%2Fv2%2Fmedia&parent=12960"}],"wp:term":[{"taxonomy":"category","embeddable":true,"href":"https:\/\/www.rc03-ilbenstadt.de\/index.php?rest_route=%2Fwp%2Fv2%2Fcategories&post=12960"},{"taxonomy":"post_tag","embeddable":true,"href":"https:\/\/www.rc03-ilbenstadt.de\/index.php?rest_route=%2Fwp%2Fv2%2Ftags&post=12960"}],"curies":[{"name":"wp","href":"https:\/\/api.w.org\/{rel}","templated":true}]}}