{"id":1528,"date":"2013-01-15T16:45:57","date_gmt":"2013-01-15T15:45:57","guid":{"rendered":"http:\/\/www.rc03-ilbenstadt.de\/?p=1528"},"modified":"2013-01-15T17:34:20","modified_gmt":"2013-01-15T16:34:20","slug":"saisoneroffnung-erster-radtreff-im-jahr-2013","status":"publish","type":"post","link":"https:\/\/www.rc03-ilbenstadt.de\/?p=1528","title":{"rendered":"&#8222;Saisoner\u00f6ffnung&#8220; &#8211; Erster Radtreff im Jahr 2013"},"content":{"rendered":"<div id=\"attachment_1527\" style=\"width: 160px\" class=\"wp-caption alignleft\"><a href=\"https:\/\/www.rc03-ilbenstadt.de\/wp-content\/uploads\/2013\/01\/B-RC03-RT-130112-Gruppenbild2-WEB.jpg\" rel=\"lightbox[1528]\"><img loading=\"lazy\" decoding=\"async\" aria-describedby=\"caption-attachment-1527\" class=\"size-thumbnail wp-image-1527\" alt=\"Die Radtreffgruppe - Das 10. Gruppenmitglied versteckt sich jenseits des linken Bildrandes ...\" src=\"https:\/\/www.rc03-ilbenstadt.de\/wp-content\/uploads\/2013\/01\/B-RC03-RT-130112-Gruppenbild2-WEB-150x112.jpg\" width=\"150\" height=\"112\" srcset=\"https:\/\/www.rc03-ilbenstadt.de\/wp-content\/uploads\/2013\/01\/B-RC03-RT-130112-Gruppenbild2-WEB-150x112.jpg 150w, https:\/\/www.rc03-ilbenstadt.de\/wp-content\/uploads\/2013\/01\/B-RC03-RT-130112-Gruppenbild2-WEB-300x225.jpg 300w, https:\/\/www.rc03-ilbenstadt.de\/wp-content\/uploads\/2013\/01\/B-RC03-RT-130112-Gruppenbild2-WEB.jpg 1024w\" sizes=\"auto, (max-width: 150px) 100vw, 150px\" \/><\/a><p id=\"caption-attachment-1527\" class=\"wp-caption-text\"><span style=\"font-size: x-small;\">Die Radtreffgruppe &#8211; Das 10. Gruppenmitglied versteckt sich jenseits des linken Bildrandes &#8230;<\/span><\/p><\/div>\n<p>Am Samstag, dem 12. Januar 2013, fanden sich 10 begeisterte Radlerinnen und Radler, die bei herrlichem Sonnenschein und leichten Minustemperaturen die Radtreffsaison 2013 er\u00f6ffneten. Der Leitwolf Lutz Delling hat in Abstimmung mit der Gruppe eine 41 Kilometer-Tour geplant, die zun\u00e4chst \u00fcber den Radweg R4 an der Nidda entlang bis nach Dauernheim flach verlief. Von dort ging es \u00fcber Rad- und Wirtschaftswege hoch nach Blofeld und \u00fcber Reichelsheim und Florstadt wieder zur\u00fcck nach Ilbenstadt. Blauer Himmel, Sonnenschein und die Winterlandschaft der Wetterau boten einen perfekten Rahmen f\u00fcr diese Tour. Der guten Stimmung in der Gruppe konnten auch hie und da ein paar kalte Fu\u00dfzehen, Finger- oder Nasenspitzen keinen Abbruch tun.<\/p>\n<p>Am n\u00e4chsten Samstag starten wir wieder um 13:00 Uhr am B\u00fcrgerhaus zur n\u00e4chsten Tour &#8211; Sind Sie dabei?<br \/>\nStreckenwahl und Tempo werden dem Leistungsstand der Gruppe(n) angepasst. Auskunft erteilt Lutz Delling, Telefon 06034 &#8211; 86 47.<br \/>\nUnser Angebot ist kostenfrei. Auch Nichtmitglieder sind gern gesehen.<\/p>\n","protected":false},"excerpt":{"rendered":"<p>Am Samstag, dem 12. Januar 2013, fanden sich 10 begeisterte Radlerinnen und Radler, die bei herrlichem Sonnenschein und leichten Minustemperaturen die Radtreffsaison 2013 er\u00f6ffneten. Der Leitwolf Lutz Delling hat in Abstimmung mit der Gruppe eine 41 Kilometer-Tour geplant, die zun\u00e4chst &hellip; <a href=\"https:\/\/www.rc03-ilbenstadt.de\/?p=1528\">Weiterlesen <span class=\"meta-nav\">&rarr;<\/span><\/a><\/p>\n","protected":false},"author":9,"featured_media":0,"comment_status":"closed","ping_status":"closed","sticky":false,"template":"","format":"standard","meta":{"_crdt_document":"","footnotes":""},"categories":[1],"tags":[],"class_list":["post-1528","post","type-post","status-publish","format-standard","hentry","category-allgemein"],"_links":{"self":[{"href":"https:\/\/www.rc03-ilbenstadt.de\/index.php?rest_route=\/wp\/v2\/posts\/1528","targetHints":{"allow":["GET"]}}],"collection":[{"href":"https:\/\/www.rc03-ilbenstadt.de\/index.php?rest_route=\/wp\/v2\/posts"}],"about":[{"href":"https:\/\/www.rc03-ilbenstadt.de\/index.php?rest_route=\/wp\/v2\/types\/post"}],"author":[{"embeddable":true,"href":"https:\/\/www.rc03-ilbenstadt.de\/index.php?rest_route=\/wp\/v2\/users\/9"}],"replies":[{"embeddable":true,"href":"https:\/\/www.rc03-ilbenstadt.de\/index.php?rest_route=%2Fwp%2Fv2%2Fcomments&post=1528"}],"version-history":[{"count":0,"href":"https:\/\/www.rc03-ilbenstadt.de\/index.php?rest_route=\/wp\/v2\/posts\/1528\/revisions"}],"wp:attachment":[{"href":"https:\/\/www.rc03-ilbenstadt.de\/index.php?rest_route=%2Fwp%2Fv2%2Fmedia&parent=1528"}],"wp:term":[{"taxonomy":"category","embeddable":true,"href":"https:\/\/www.rc03-ilbenstadt.de\/index.php?rest_route=%2Fwp%2Fv2%2Fcategories&post=1528"},{"taxonomy":"post_tag","embeddable":true,"href":"https:\/\/www.rc03-ilbenstadt.de\/index.php?rest_route=%2Fwp%2Fv2%2Ftags&post=1528"}],"curies":[{"name":"wp","href":"https:\/\/api.w.org\/{rel}","templated":true}]}}