{"id":1542,"date":"2013-01-19T10:24:22","date_gmt":"2013-01-19T09:24:22","guid":{"rendered":"http:\/\/www.rc03-ilbenstadt.de\/?p=1542"},"modified":"2013-01-25T17:01:17","modified_gmt":"2013-01-25T16:01:17","slug":"heute-absage-des-radtreffs","status":"publish","type":"post","link":"https:\/\/www.rc03-ilbenstadt.de\/?p=1542","title":{"rendered":"Heute: Absage des Radtreffs am 19.01.2013"},"content":{"rendered":"<p>Leider m\u00fcssen wir den Radtreff heute kurzfristig absagen. Lutz Delling hat die Strecke gepr\u00fcft und sie wegen gro\u00dfer vereister Anteile als zu gef\u00e4hrlich zum Fahren in der Gruppe eingestuft. Da heute keine Sonne zu erwarten ist, gibt es keine Hoffnung auf Besserung der Verh\u00e4ltnisse. Bleiben wir optimistisch, dass wir am n\u00e4chsten Samstag wieder in die Pedale treten k\u00f6nnen.<br \/>\nWir bitten um Verst\u00e4ndnis f\u00fcr die heutige Absage.<\/p>\n","protected":false},"excerpt":{"rendered":"<p>Leider m\u00fcssen wir den Radtreff heute kurzfristig absagen. Lutz Delling hat die Strecke gepr\u00fcft und sie wegen gro\u00dfer vereister Anteile als zu gef\u00e4hrlich zum Fahren in der Gruppe eingestuft. Da heute keine Sonne zu erwarten ist, gibt es keine Hoffnung &hellip; <a href=\"https:\/\/www.rc03-ilbenstadt.de\/?p=1542\">Weiterlesen <span class=\"meta-nav\">&rarr;<\/span><\/a><\/p>\n","protected":false},"author":9,"featured_media":0,"comment_status":"closed","ping_status":"closed","sticky":false,"template":"","format":"standard","meta":{"_crdt_document":"","footnotes":""},"categories":[1],"tags":[],"class_list":["post-1542","post","type-post","status-publish","format-standard","hentry","category-allgemein"],"_links":{"self":[{"href":"https:\/\/www.rc03-ilbenstadt.de\/index.php?rest_route=\/wp\/v2\/posts\/1542","targetHints":{"allow":["GET"]}}],"collection":[{"href":"https:\/\/www.rc03-ilbenstadt.de\/index.php?rest_route=\/wp\/v2\/posts"}],"about":[{"href":"https:\/\/www.rc03-ilbenstadt.de\/index.php?rest_route=\/wp\/v2\/types\/post"}],"author":[{"embeddable":true,"href":"https:\/\/www.rc03-ilbenstadt.de\/index.php?rest_route=\/wp\/v2\/users\/9"}],"replies":[{"embeddable":true,"href":"https:\/\/www.rc03-ilbenstadt.de\/index.php?rest_route=%2Fwp%2Fv2%2Fcomments&post=1542"}],"version-history":[{"count":0,"href":"https:\/\/www.rc03-ilbenstadt.de\/index.php?rest_route=\/wp\/v2\/posts\/1542\/revisions"}],"wp:attachment":[{"href":"https:\/\/www.rc03-ilbenstadt.de\/index.php?rest_route=%2Fwp%2Fv2%2Fmedia&parent=1542"}],"wp:term":[{"taxonomy":"category","embeddable":true,"href":"https:\/\/www.rc03-ilbenstadt.de\/index.php?rest_route=%2Fwp%2Fv2%2Fcategories&post=1542"},{"taxonomy":"post_tag","embeddable":true,"href":"https:\/\/www.rc03-ilbenstadt.de\/index.php?rest_route=%2Fwp%2Fv2%2Ftags&post=1542"}],"curies":[{"name":"wp","href":"https:\/\/api.w.org\/{rel}","templated":true}]}}