{"id":1546,"date":"2013-01-25T17:07:50","date_gmt":"2013-01-25T16:07:50","guid":{"rendered":"http:\/\/www.rc03-ilbenstadt.de\/?p=1546"},"modified":"2013-01-25T17:10:12","modified_gmt":"2013-01-25T16:10:12","slug":"absage-des-radtreffs-am-26-01-2013","status":"publish","type":"post","link":"https:\/\/www.rc03-ilbenstadt.de\/?p=1546","title":{"rendered":"Absage des Radtreffs am 26.01.2013"},"content":{"rendered":"<p>Am letzten Samstag hatten wir noch die Hoffnung gehegt, dass wir an diesem Samstag wieder in die Pedale treten k\u00f6nnen. Leider spielt das Wetter nicht mit. Viele Wege sind noch vereist und f\u00fcr ein Fahren in der Gruppe ungeeignet. Die Gefahr eines Sturzes mit gesundheitlichen Beeintr\u00e4chtigungen ist zu gro\u00df. Richten wir unsere Hoffnung auf den n\u00e4chsten Samstag, der uns hoffentlich eisfreie Wege f\u00fcr eine winterliche Tour bringt.<\/p>\n<p>F\u00fcr unseren Tourenleiter Lutz Delling ist dies eine willkommene Zwangspause, da der sich in der Heilungsphase nach einer Operation eines Fingers befindet. An dieser Stelle w\u00fcnschen wir ihm eine gute Besserung.<\/p>\n<p>Wir bitten um Verst\u00e4ndnis f\u00fcr die erneute Absage.<\/p>\n","protected":false},"excerpt":{"rendered":"<p>Am letzten Samstag hatten wir noch die Hoffnung gehegt, dass wir an diesem Samstag wieder in die Pedale treten k\u00f6nnen. Leider spielt das Wetter nicht mit. Viele Wege sind noch vereist und f\u00fcr ein Fahren in der Gruppe ungeeignet. Die &hellip; <a href=\"https:\/\/www.rc03-ilbenstadt.de\/?p=1546\">Weiterlesen <span class=\"meta-nav\">&rarr;<\/span><\/a><\/p>\n","protected":false},"author":9,"featured_media":0,"comment_status":"closed","ping_status":"closed","sticky":false,"template":"","format":"standard","meta":{"_crdt_document":"","footnotes":""},"categories":[1],"tags":[],"class_list":["post-1546","post","type-post","status-publish","format-standard","hentry","category-allgemein"],"_links":{"self":[{"href":"https:\/\/www.rc03-ilbenstadt.de\/index.php?rest_route=\/wp\/v2\/posts\/1546","targetHints":{"allow":["GET"]}}],"collection":[{"href":"https:\/\/www.rc03-ilbenstadt.de\/index.php?rest_route=\/wp\/v2\/posts"}],"about":[{"href":"https:\/\/www.rc03-ilbenstadt.de\/index.php?rest_route=\/wp\/v2\/types\/post"}],"author":[{"embeddable":true,"href":"https:\/\/www.rc03-ilbenstadt.de\/index.php?rest_route=\/wp\/v2\/users\/9"}],"replies":[{"embeddable":true,"href":"https:\/\/www.rc03-ilbenstadt.de\/index.php?rest_route=%2Fwp%2Fv2%2Fcomments&post=1546"}],"version-history":[{"count":0,"href":"https:\/\/www.rc03-ilbenstadt.de\/index.php?rest_route=\/wp\/v2\/posts\/1546\/revisions"}],"wp:attachment":[{"href":"https:\/\/www.rc03-ilbenstadt.de\/index.php?rest_route=%2Fwp%2Fv2%2Fmedia&parent=1546"}],"wp:term":[{"taxonomy":"category","embeddable":true,"href":"https:\/\/www.rc03-ilbenstadt.de\/index.php?rest_route=%2Fwp%2Fv2%2Fcategories&post=1546"},{"taxonomy":"post_tag","embeddable":true,"href":"https:\/\/www.rc03-ilbenstadt.de\/index.php?rest_route=%2Fwp%2Fv2%2Ftags&post=1546"}],"curies":[{"name":"wp","href":"https:\/\/api.w.org\/{rel}","templated":true}]}}