{"id":1556,"date":"2013-02-02T11:51:31","date_gmt":"2013-02-02T10:51:31","guid":{"rendered":"http:\/\/www.rc03-ilbenstadt.de\/?p=1556"},"modified":"2013-02-09T09:47:44","modified_gmt":"2013-02-09T08:47:44","slug":"radtreff-am-02-02-2013","status":"publish","type":"post","link":"https:\/\/www.rc03-ilbenstadt.de\/?p=1556","title":{"rendered":"Radtreff am 02.02.2013"},"content":{"rendered":"<p>Die Sonne scheint und das Thermometer zeigt 5 \u00b0 Celsius im Plusbereich. Unser Radtreffleiter Lutz Delling bereitet sich in diesen Minuten schon f\u00fcr die Ausfahrt vor; also auf zum B\u00fcrgerhaus nach Ilbenstadt. Pessimisten sei noch eine Regenjacke empfohlen.. Lutz Delling wird heute eine Tour anbieten, die aufgeweichte Wege m\u00f6glichst links liegen l\u00e4sst.<\/p>\n<p>Viel Spa\u00df an der samst\u00e4glichen Radtour und ich dr\u00fccke alle Daumen, dass die Regenl\u00fccke eine sch\u00f6ne Tour zul\u00e4sst.<\/p>\n","protected":false},"excerpt":{"rendered":"<p>Die Sonne scheint und das Thermometer zeigt 5 \u00b0 Celsius im Plusbereich. Unser Radtreffleiter Lutz Delling bereitet sich in diesen Minuten schon f\u00fcr die Ausfahrt vor; also auf zum B\u00fcrgerhaus nach Ilbenstadt. Pessimisten sei noch eine Regenjacke empfohlen.. Lutz Delling &hellip; <a href=\"https:\/\/www.rc03-ilbenstadt.de\/?p=1556\">Weiterlesen <span class=\"meta-nav\">&rarr;<\/span><\/a><\/p>\n","protected":false},"author":9,"featured_media":0,"comment_status":"closed","ping_status":"closed","sticky":false,"template":"","format":"standard","meta":{"_crdt_document":"","footnotes":""},"categories":[1],"tags":[],"class_list":["post-1556","post","type-post","status-publish","format-standard","hentry","category-allgemein"],"_links":{"self":[{"href":"https:\/\/www.rc03-ilbenstadt.de\/index.php?rest_route=\/wp\/v2\/posts\/1556","targetHints":{"allow":["GET"]}}],"collection":[{"href":"https:\/\/www.rc03-ilbenstadt.de\/index.php?rest_route=\/wp\/v2\/posts"}],"about":[{"href":"https:\/\/www.rc03-ilbenstadt.de\/index.php?rest_route=\/wp\/v2\/types\/post"}],"author":[{"embeddable":true,"href":"https:\/\/www.rc03-ilbenstadt.de\/index.php?rest_route=\/wp\/v2\/users\/9"}],"replies":[{"embeddable":true,"href":"https:\/\/www.rc03-ilbenstadt.de\/index.php?rest_route=%2Fwp%2Fv2%2Fcomments&post=1556"}],"version-history":[{"count":0,"href":"https:\/\/www.rc03-ilbenstadt.de\/index.php?rest_route=\/wp\/v2\/posts\/1556\/revisions"}],"wp:attachment":[{"href":"https:\/\/www.rc03-ilbenstadt.de\/index.php?rest_route=%2Fwp%2Fv2%2Fmedia&parent=1556"}],"wp:term":[{"taxonomy":"category","embeddable":true,"href":"https:\/\/www.rc03-ilbenstadt.de\/index.php?rest_route=%2Fwp%2Fv2%2Fcategories&post=1556"},{"taxonomy":"post_tag","embeddable":true,"href":"https:\/\/www.rc03-ilbenstadt.de\/index.php?rest_route=%2Fwp%2Fv2%2Ftags&post=1556"}],"curies":[{"name":"wp","href":"https:\/\/api.w.org\/{rel}","templated":true}]}}