{"id":1559,"date":"2013-02-09T09:46:24","date_gmt":"2013-02-09T08:46:24","guid":{"rendered":"http:\/\/www.rc03-ilbenstadt.de\/?p=1559"},"modified":"2013-02-09T09:46:24","modified_gmt":"2013-02-09T08:46:24","slug":"absage-des-radtreffs-am-09-02-2013","status":"publish","type":"post","link":"https:\/\/www.rc03-ilbenstadt.de\/?p=1559","title":{"rendered":"Absage des Radtreffs am 09.02.2013"},"content":{"rendered":"<p>gerade ist die Meldung unseres Radtreffleiters Lutz Delling eingegangen, der den heutigen Radtreff leider absagt. Er ist in guter Stimmung zur Pr\u00fcfung der Verh\u00e4ltnisse aufgebrochen und fand aber, anders wie noch am Freitag, Wege vor, die unter der geringen Neuschneeauflage vereist waren. Unter diesen Umst\u00e4nden ist das Fahren in einer Gruppe zu gef\u00e4hrlich. Wir bitten um Verst\u00e4ndnis f\u00fcr die Absage und hoffen auf bessere Bedingungen in der n\u00e4chsten Woche.<\/p>\n","protected":false},"excerpt":{"rendered":"<p>gerade ist die Meldung unseres Radtreffleiters Lutz Delling eingegangen, der den heutigen Radtreff leider absagt. Er ist in guter Stimmung zur Pr\u00fcfung der Verh\u00e4ltnisse aufgebrochen und fand aber, anders wie noch am Freitag, Wege vor, die unter der geringen Neuschneeauflage &hellip; <a href=\"https:\/\/www.rc03-ilbenstadt.de\/?p=1559\">Weiterlesen <span class=\"meta-nav\">&rarr;<\/span><\/a><\/p>\n","protected":false},"author":9,"featured_media":0,"comment_status":"closed","ping_status":"closed","sticky":false,"template":"","format":"standard","meta":{"_crdt_document":"","footnotes":""},"categories":[1],"tags":[],"class_list":["post-1559","post","type-post","status-publish","format-standard","hentry","category-allgemein"],"_links":{"self":[{"href":"https:\/\/www.rc03-ilbenstadt.de\/index.php?rest_route=\/wp\/v2\/posts\/1559","targetHints":{"allow":["GET"]}}],"collection":[{"href":"https:\/\/www.rc03-ilbenstadt.de\/index.php?rest_route=\/wp\/v2\/posts"}],"about":[{"href":"https:\/\/www.rc03-ilbenstadt.de\/index.php?rest_route=\/wp\/v2\/types\/post"}],"author":[{"embeddable":true,"href":"https:\/\/www.rc03-ilbenstadt.de\/index.php?rest_route=\/wp\/v2\/users\/9"}],"replies":[{"embeddable":true,"href":"https:\/\/www.rc03-ilbenstadt.de\/index.php?rest_route=%2Fwp%2Fv2%2Fcomments&post=1559"}],"version-history":[{"count":0,"href":"https:\/\/www.rc03-ilbenstadt.de\/index.php?rest_route=\/wp\/v2\/posts\/1559\/revisions"}],"wp:attachment":[{"href":"https:\/\/www.rc03-ilbenstadt.de\/index.php?rest_route=%2Fwp%2Fv2%2Fmedia&parent=1559"}],"wp:term":[{"taxonomy":"category","embeddable":true,"href":"https:\/\/www.rc03-ilbenstadt.de\/index.php?rest_route=%2Fwp%2Fv2%2Fcategories&post=1559"},{"taxonomy":"post_tag","embeddable":true,"href":"https:\/\/www.rc03-ilbenstadt.de\/index.php?rest_route=%2Fwp%2Fv2%2Ftags&post=1559"}],"curies":[{"name":"wp","href":"https:\/\/api.w.org\/{rel}","templated":true}]}}