{"id":1562,"date":"2013-02-03T09:47:52","date_gmt":"2013-02-03T08:47:52","guid":{"rendered":"http:\/\/www.rc03-ilbenstadt.de\/?p=1562"},"modified":"2013-02-09T10:07:44","modified_gmt":"2013-02-09T09:07:44","slug":"bericht-zum-radtreff-am-02-02-2013","status":"publish","type":"post","link":"https:\/\/www.rc03-ilbenstadt.de\/?p=1562","title":{"rendered":"Bericht zum Radtreff am 02.02.2013"},"content":{"rendered":"<p>Lutz Delling konnte am B\u00fcrgerhaus in Ilbenstadt eine unentwegte Frau und sieben unentwegte M\u00e4nner begr\u00fc\u00dfen, die bei strahlender Sonne die Radtour beginnen konnten. Man hatte sich einvernehmlich auf die Tour zur &#8222;Hohen Stra\u00dfe&#8220; geeinigt, die mit rund 60 Kilometern recht ambitioniert war. Dies war ohne Gruppenteilung m\u00f6glich, da der Leistungsstand der Radlerin und der Radler dies zulie\u00df. Im Laufe der Tour lie\u00df die Kraft der Sonne nach und man stellte sich heftigem Gegenwind, Schneeschauern und N\u00e4sse. Alle hielten durch! Es war anstrengend, hat aber &#8211; so die einhellige Resonanz &#8211; Spa\u00df gemacht.<\/p>\n","protected":false},"excerpt":{"rendered":"<p>Lutz Delling konnte am B\u00fcrgerhaus in Ilbenstadt eine unentwegte Frau und sieben unentwegte M\u00e4nner begr\u00fc\u00dfen, die bei strahlender Sonne die Radtour beginnen konnten. Man hatte sich einvernehmlich auf die Tour zur &#8222;Hohen Stra\u00dfe&#8220; geeinigt, die mit rund 60 Kilometern recht &hellip; <a href=\"https:\/\/www.rc03-ilbenstadt.de\/?p=1562\">Weiterlesen <span class=\"meta-nav\">&rarr;<\/span><\/a><\/p>\n","protected":false},"author":9,"featured_media":0,"comment_status":"closed","ping_status":"closed","sticky":false,"template":"","format":"standard","meta":{"_crdt_document":"","footnotes":""},"categories":[1],"tags":[],"class_list":["post-1562","post","type-post","status-publish","format-standard","hentry","category-allgemein"],"_links":{"self":[{"href":"https:\/\/www.rc03-ilbenstadt.de\/index.php?rest_route=\/wp\/v2\/posts\/1562","targetHints":{"allow":["GET"]}}],"collection":[{"href":"https:\/\/www.rc03-ilbenstadt.de\/index.php?rest_route=\/wp\/v2\/posts"}],"about":[{"href":"https:\/\/www.rc03-ilbenstadt.de\/index.php?rest_route=\/wp\/v2\/types\/post"}],"author":[{"embeddable":true,"href":"https:\/\/www.rc03-ilbenstadt.de\/index.php?rest_route=\/wp\/v2\/users\/9"}],"replies":[{"embeddable":true,"href":"https:\/\/www.rc03-ilbenstadt.de\/index.php?rest_route=%2Fwp%2Fv2%2Fcomments&post=1562"}],"version-history":[{"count":0,"href":"https:\/\/www.rc03-ilbenstadt.de\/index.php?rest_route=\/wp\/v2\/posts\/1562\/revisions"}],"wp:attachment":[{"href":"https:\/\/www.rc03-ilbenstadt.de\/index.php?rest_route=%2Fwp%2Fv2%2Fmedia&parent=1562"}],"wp:term":[{"taxonomy":"category","embeddable":true,"href":"https:\/\/www.rc03-ilbenstadt.de\/index.php?rest_route=%2Fwp%2Fv2%2Fcategories&post=1562"},{"taxonomy":"post_tag","embeddable":true,"href":"https:\/\/www.rc03-ilbenstadt.de\/index.php?rest_route=%2Fwp%2Fv2%2Ftags&post=1562"}],"curies":[{"name":"wp","href":"https:\/\/api.w.org\/{rel}","templated":true}]}}