{"id":1568,"date":"2013-02-11T22:41:54","date_gmt":"2013-02-11T21:41:54","guid":{"rendered":"http:\/\/www.rc03-ilbenstadt.de\/?p=1568"},"modified":"2013-02-11T22:41:54","modified_gmt":"2013-02-11T21:41:54","slug":"jahreshauptversammlung-am-15-02-2013","status":"publish","type":"post","link":"https:\/\/www.rc03-ilbenstadt.de\/?p=1568","title":{"rendered":"Jahreshauptversammlung am 15.02.2013"},"content":{"rendered":"<p>Unsere Jahreshauptversammlung wird am 15.02.2013 um 19:45 Uhr im B\u00fcrgerhaus in Ilbenstadt durchgef\u00fchrt. Der Vorsitzende, der Sportausschussvorsitzende und der Kassierer werden ihre Berichte vortragen. Die Kassenpr\u00fcfer geben ihre Feststellungen zur Lage und F\u00fchrung der Kasse ab. Nach der Abstimmung \u00fcber die Entlastung des Vorstandes, den turnusgem\u00e4\u00df anstehenden Wahlen und der Beratung und Abstimmung \u00fcber Antr\u00e4ge der Mitglieder werden verdiente Vereinsmitglieder geehrt. Zwischen der Ausgabe der 2012 errungen Pokale an unsere aktiven Sportler wird der Tagesordnungspunkt &#8222;Verschiedenes&#8220; behandelt. Wir hoffen wieder viele Mitglieder begr\u00fc\u00dfen zu k\u00f6nnen und freuen uns auf regen Gedankenaustausch und den Ausblicken auf die Radsportsaison 2013.<\/p>\n","protected":false},"excerpt":{"rendered":"<p>Unsere Jahreshauptversammlung wird am 15.02.2013 um 19:45 Uhr im B\u00fcrgerhaus in Ilbenstadt durchgef\u00fchrt. Der Vorsitzende, der Sportausschussvorsitzende und der Kassierer werden ihre Berichte vortragen. Die Kassenpr\u00fcfer geben ihre Feststellungen zur Lage und F\u00fchrung der Kasse ab. Nach der Abstimmung \u00fcber &hellip; <a href=\"https:\/\/www.rc03-ilbenstadt.de\/?p=1568\">Weiterlesen <span class=\"meta-nav\">&rarr;<\/span><\/a><\/p>\n","protected":false},"author":9,"featured_media":0,"comment_status":"closed","ping_status":"closed","sticky":false,"template":"","format":"standard","meta":{"_crdt_document":"","footnotes":""},"categories":[1],"tags":[],"class_list":["post-1568","post","type-post","status-publish","format-standard","hentry","category-allgemein"],"_links":{"self":[{"href":"https:\/\/www.rc03-ilbenstadt.de\/index.php?rest_route=\/wp\/v2\/posts\/1568","targetHints":{"allow":["GET"]}}],"collection":[{"href":"https:\/\/www.rc03-ilbenstadt.de\/index.php?rest_route=\/wp\/v2\/posts"}],"about":[{"href":"https:\/\/www.rc03-ilbenstadt.de\/index.php?rest_route=\/wp\/v2\/types\/post"}],"author":[{"embeddable":true,"href":"https:\/\/www.rc03-ilbenstadt.de\/index.php?rest_route=\/wp\/v2\/users\/9"}],"replies":[{"embeddable":true,"href":"https:\/\/www.rc03-ilbenstadt.de\/index.php?rest_route=%2Fwp%2Fv2%2Fcomments&post=1568"}],"version-history":[{"count":0,"href":"https:\/\/www.rc03-ilbenstadt.de\/index.php?rest_route=\/wp\/v2\/posts\/1568\/revisions"}],"wp:attachment":[{"href":"https:\/\/www.rc03-ilbenstadt.de\/index.php?rest_route=%2Fwp%2Fv2%2Fmedia&parent=1568"}],"wp:term":[{"taxonomy":"category","embeddable":true,"href":"https:\/\/www.rc03-ilbenstadt.de\/index.php?rest_route=%2Fwp%2Fv2%2Fcategories&post=1568"},{"taxonomy":"post_tag","embeddable":true,"href":"https:\/\/www.rc03-ilbenstadt.de\/index.php?rest_route=%2Fwp%2Fv2%2Ftags&post=1568"}],"curies":[{"name":"wp","href":"https:\/\/api.w.org\/{rel}","templated":true}]}}