{"id":1570,"date":"2013-02-16T12:11:07","date_gmt":"2013-02-16T11:11:07","guid":{"rendered":"http:\/\/www.rc03-ilbenstadt.de\/?p=1570"},"modified":"2013-02-16T12:11:29","modified_gmt":"2013-02-16T11:11:29","slug":"absage-des-radtreffs-am-16-02-2013","status":"publish","type":"post","link":"https:\/\/www.rc03-ilbenstadt.de\/?p=1570","title":{"rendered":"Absage des Radtreffs am 16.02.2013"},"content":{"rendered":"<p>Die Hoffnung stirbt zuletzt, doch heute ist das nasskalte Schmuddelwetter mit best\u00e4ndigem (Schnee-) Regen offensichtlich nicht bereit, eine L\u00fccke f\u00fcr eine vergn\u00fcgliche Radtour zu lassen. Mich hat die Nachricht des Radtourenleiters Lutz Delling erreicht, der den Radtreff wegen des schlechten Wetters absagt. Hoffen wir am n\u00e4chsten Samstag auf besseres Wetter. Unter uns: Lutz Delling kann sicherlich auch mal unter der Woche f\u00fcr eine Tour \u00fcberredet werden, wenn uns das Wetter den Fingerzeig dazu gibt.<\/p>\n","protected":false},"excerpt":{"rendered":"<p>Die Hoffnung stirbt zuletzt, doch heute ist das nasskalte Schmuddelwetter mit best\u00e4ndigem (Schnee-) Regen offensichtlich nicht bereit, eine L\u00fccke f\u00fcr eine vergn\u00fcgliche Radtour zu lassen. Mich hat die Nachricht des Radtourenleiters Lutz Delling erreicht, der den Radtreff wegen des schlechten &hellip; <a href=\"https:\/\/www.rc03-ilbenstadt.de\/?p=1570\">Weiterlesen <span class=\"meta-nav\">&rarr;<\/span><\/a><\/p>\n","protected":false},"author":9,"featured_media":0,"comment_status":"closed","ping_status":"closed","sticky":false,"template":"","format":"standard","meta":{"_crdt_document":"","footnotes":""},"categories":[1],"tags":[],"class_list":["post-1570","post","type-post","status-publish","format-standard","hentry","category-allgemein"],"_links":{"self":[{"href":"https:\/\/www.rc03-ilbenstadt.de\/index.php?rest_route=\/wp\/v2\/posts\/1570","targetHints":{"allow":["GET"]}}],"collection":[{"href":"https:\/\/www.rc03-ilbenstadt.de\/index.php?rest_route=\/wp\/v2\/posts"}],"about":[{"href":"https:\/\/www.rc03-ilbenstadt.de\/index.php?rest_route=\/wp\/v2\/types\/post"}],"author":[{"embeddable":true,"href":"https:\/\/www.rc03-ilbenstadt.de\/index.php?rest_route=\/wp\/v2\/users\/9"}],"replies":[{"embeddable":true,"href":"https:\/\/www.rc03-ilbenstadt.de\/index.php?rest_route=%2Fwp%2Fv2%2Fcomments&post=1570"}],"version-history":[{"count":0,"href":"https:\/\/www.rc03-ilbenstadt.de\/index.php?rest_route=\/wp\/v2\/posts\/1570\/revisions"}],"wp:attachment":[{"href":"https:\/\/www.rc03-ilbenstadt.de\/index.php?rest_route=%2Fwp%2Fv2%2Fmedia&parent=1570"}],"wp:term":[{"taxonomy":"category","embeddable":true,"href":"https:\/\/www.rc03-ilbenstadt.de\/index.php?rest_route=%2Fwp%2Fv2%2Fcategories&post=1570"},{"taxonomy":"post_tag","embeddable":true,"href":"https:\/\/www.rc03-ilbenstadt.de\/index.php?rest_route=%2Fwp%2Fv2%2Ftags&post=1570"}],"curies":[{"name":"wp","href":"https:\/\/api.w.org\/{rel}","templated":true}]}}