{"id":1588,"date":"2013-02-23T09:21:42","date_gmt":"2013-02-23T08:21:42","guid":{"rendered":"http:\/\/www.rc03-ilbenstadt.de\/?p=1588"},"modified":"2013-02-23T09:25:02","modified_gmt":"2013-02-23T08:25:02","slug":"absage-des-radtreffs-am-23-02-2013","status":"publish","type":"post","link":"https:\/\/www.rc03-ilbenstadt.de\/?p=1588","title":{"rendered":"Absage des Radtreffs am 23.02.2013"},"content":{"rendered":"<p>K\u00e4lte, Wind und Gl\u00e4ttewarnung, dazu heute um 06:55 Uhr die Empfehlung unseres Radtreffleiters Lutz Delling, der die Verh\u00e4ltnisse bereits einer Pr\u00fcfung unterzogen hatte, das Rad nicht zu bewegen, lassen nur die Einstellung der Absage an dieser Stelle zu. Lasst Euch nicht entmutigen, das passende Radfahrwetter kommt bestimmt!<\/p>\n","protected":false},"excerpt":{"rendered":"<p>K\u00e4lte, Wind und Gl\u00e4ttewarnung, dazu heute um 06:55 Uhr die Empfehlung unseres Radtreffleiters Lutz Delling, der die Verh\u00e4ltnisse bereits einer Pr\u00fcfung unterzogen hatte, das Rad nicht zu bewegen, lassen nur die Einstellung der Absage an dieser Stelle zu. Lasst Euch &hellip; <a href=\"https:\/\/www.rc03-ilbenstadt.de\/?p=1588\">Weiterlesen <span class=\"meta-nav\">&rarr;<\/span><\/a><\/p>\n","protected":false},"author":9,"featured_media":0,"comment_status":"closed","ping_status":"closed","sticky":false,"template":"","format":"standard","meta":{"_crdt_document":"","footnotes":""},"categories":[1],"tags":[],"class_list":["post-1588","post","type-post","status-publish","format-standard","hentry","category-allgemein"],"_links":{"self":[{"href":"https:\/\/www.rc03-ilbenstadt.de\/index.php?rest_route=\/wp\/v2\/posts\/1588","targetHints":{"allow":["GET"]}}],"collection":[{"href":"https:\/\/www.rc03-ilbenstadt.de\/index.php?rest_route=\/wp\/v2\/posts"}],"about":[{"href":"https:\/\/www.rc03-ilbenstadt.de\/index.php?rest_route=\/wp\/v2\/types\/post"}],"author":[{"embeddable":true,"href":"https:\/\/www.rc03-ilbenstadt.de\/index.php?rest_route=\/wp\/v2\/users\/9"}],"replies":[{"embeddable":true,"href":"https:\/\/www.rc03-ilbenstadt.de\/index.php?rest_route=%2Fwp%2Fv2%2Fcomments&post=1588"}],"version-history":[{"count":0,"href":"https:\/\/www.rc03-ilbenstadt.de\/index.php?rest_route=\/wp\/v2\/posts\/1588\/revisions"}],"wp:attachment":[{"href":"https:\/\/www.rc03-ilbenstadt.de\/index.php?rest_route=%2Fwp%2Fv2%2Fmedia&parent=1588"}],"wp:term":[{"taxonomy":"category","embeddable":true,"href":"https:\/\/www.rc03-ilbenstadt.de\/index.php?rest_route=%2Fwp%2Fv2%2Fcategories&post=1588"},{"taxonomy":"post_tag","embeddable":true,"href":"https:\/\/www.rc03-ilbenstadt.de\/index.php?rest_route=%2Fwp%2Fv2%2Ftags&post=1588"}],"curies":[{"name":"wp","href":"https:\/\/api.w.org\/{rel}","templated":true}]}}