{"id":1631,"date":"2013-03-01T19:31:03","date_gmt":"2013-03-01T18:31:03","guid":{"rendered":"http:\/\/www.rc03-ilbenstadt.de\/?p=1631"},"modified":"2013-03-01T19:31:03","modified_gmt":"2013-03-01T18:31:03","slug":"der-radtreff-am-02-03-2013-findet-statt","status":"publish","type":"post","link":"https:\/\/www.rc03-ilbenstadt.de\/?p=1631","title":{"rendered":"Der Radtreff am 02.03.2013 findet statt!"},"content":{"rendered":"<p>Das Wetter bessert sich zusehends. F\u00fcr morgen Mittag sind bei leichter Bew\u00f6lkung bis zu 7\u00b0 Celsius angesagt. Der Wind ist zu vernachl\u00e4ssigen und Niederschlag ist nicht zu erwarten. Das Fahrrad hat keine Chance im Keller oder in der Garage zu bleiben; es ist bestes Radfahrwetter. Werner Stahl ist morgen um 13:00 Uhr am B\u00fcrgerhaus und \u00fcbernimmt von Lutz Delling, der von seiner Familie in Beschlag genommen wird, an diesem Tag die Leitung dieser Tour. Werner Stahl ist auch ein Urgestein des RC 03 Ilbenstadt. Er ist zwar den gr\u00f6\u00dften Teil des Jahres auf dem Rennrad unterwegs, bewegt aber ebenso souver\u00e4n das Mountainbike und das Tourenrad. Dazu ist er in der Vergangenheit schon bei der ein oder anderen Radreise unterwegs gewesen. Alle Fragen rund ums Radfahren sind bei ihm gut aufgehoben. Werner Stahl freut sich, mit Euch auf Tour gehen zu k\u00f6nnen.<\/p>\n","protected":false},"excerpt":{"rendered":"<p>Das Wetter bessert sich zusehends. F\u00fcr morgen Mittag sind bei leichter Bew\u00f6lkung bis zu 7\u00b0 Celsius angesagt. Der Wind ist zu vernachl\u00e4ssigen und Niederschlag ist nicht zu erwarten. Das Fahrrad hat keine Chance im Keller oder in der Garage zu &hellip; <a href=\"https:\/\/www.rc03-ilbenstadt.de\/?p=1631\">Weiterlesen <span class=\"meta-nav\">&rarr;<\/span><\/a><\/p>\n","protected":false},"author":9,"featured_media":0,"comment_status":"closed","ping_status":"closed","sticky":false,"template":"","format":"standard","meta":{"_crdt_document":"","footnotes":""},"categories":[1],"tags":[],"class_list":["post-1631","post","type-post","status-publish","format-standard","hentry","category-allgemein"],"_links":{"self":[{"href":"https:\/\/www.rc03-ilbenstadt.de\/index.php?rest_route=\/wp\/v2\/posts\/1631","targetHints":{"allow":["GET"]}}],"collection":[{"href":"https:\/\/www.rc03-ilbenstadt.de\/index.php?rest_route=\/wp\/v2\/posts"}],"about":[{"href":"https:\/\/www.rc03-ilbenstadt.de\/index.php?rest_route=\/wp\/v2\/types\/post"}],"author":[{"embeddable":true,"href":"https:\/\/www.rc03-ilbenstadt.de\/index.php?rest_route=\/wp\/v2\/users\/9"}],"replies":[{"embeddable":true,"href":"https:\/\/www.rc03-ilbenstadt.de\/index.php?rest_route=%2Fwp%2Fv2%2Fcomments&post=1631"}],"version-history":[{"count":0,"href":"https:\/\/www.rc03-ilbenstadt.de\/index.php?rest_route=\/wp\/v2\/posts\/1631\/revisions"}],"wp:attachment":[{"href":"https:\/\/www.rc03-ilbenstadt.de\/index.php?rest_route=%2Fwp%2Fv2%2Fmedia&parent=1631"}],"wp:term":[{"taxonomy":"category","embeddable":true,"href":"https:\/\/www.rc03-ilbenstadt.de\/index.php?rest_route=%2Fwp%2Fv2%2Fcategories&post=1631"},{"taxonomy":"post_tag","embeddable":true,"href":"https:\/\/www.rc03-ilbenstadt.de\/index.php?rest_route=%2Fwp%2Fv2%2Ftags&post=1631"}],"curies":[{"name":"wp","href":"https:\/\/api.w.org\/{rel}","templated":true}]}}