{"id":1674,"date":"2013-03-18T12:10:33","date_gmt":"2013-03-18T11:10:33","guid":{"rendered":"http:\/\/www.rc03-ilbenstadt.de\/?p=1674"},"modified":"2013-03-18T15:52:54","modified_gmt":"2013-03-18T14:52:54","slug":"radtourenfahrt-rtf-in-niederdorfelden","status":"publish","type":"post","link":"https:\/\/www.rc03-ilbenstadt.de\/?p=1674","title":{"rendered":"Radtourenfahrt (RTF) in Niederdorfelden"},"content":{"rendered":"<div id=\"attachment_1685\" style=\"width: 160px\" class=\"wp-caption alignleft\"><a href=\"https:\/\/www.rc03-ilbenstadt.de\/wp-content\/uploads\/2013\/03\/B-RC03-130317-Niederdorfelden-Ortseingang-130317.jpg\" rel=\"lightbox[1674]\"><img loading=\"lazy\" decoding=\"async\" aria-describedby=\"caption-attachment-1685\" class=\"size-thumbnail wp-image-1685\" alt=\"Ortseingang Niederdorfelden am 17.03.2013\" src=\"https:\/\/www.rc03-ilbenstadt.de\/wp-content\/uploads\/2013\/03\/B-RC03-130317-Niederdorfelden-Ortseingang-130317-150x150.jpg\" width=\"150\" height=\"150\" \/><\/a><p id=\"caption-attachment-1685\" class=\"wp-caption-text\">Niederdorfelden am 17.03.2013<\/p><\/div>\n<p>Am Sonntag, dem 17. M\u00e4rz 2013 hat der RSC-Sprinter 77 Niederdorfelden e.V. zur Fr\u00fchjahrs-RTF geladen. Nachdem der TV Schl\u00fcchtern am Sonntag zuvor die RTF-Saison bei bew\u00f6lktem Himmel, m\u00e4\u00dfigen Temperaturen aber \u00fcberwiegend trockenen Verh\u00e4ltnissen er\u00f6ffnet hatte, wurde vielfach die Wettervorhersage bem\u00fcht, um herauszufinden, was uns in Niederdorfelden erwarten k\u00f6nnte. Bei bew\u00f6lktem Himmel waren leichter Regen und hier und da auch schon mal leichter Schneefall angesagt. W\u00e4hrend ich den Wetterbericht optimistisch auslegte und <!--more-->guter Hoffnung auf einen Start am Sonntag war, hatte sich Christa Torschmied, die RTF-Fachwartin des RSC Niederdorfelden schon zu Wochenbeginn nur eine kleine Portion Restoptimismus bewahren k\u00f6nnen und k\u00fcndigte an, wegen der schlechten Wetterprognose nur die 40 Kilometer-Strecke auszuschildern.<br \/>\nDer Morgen des 17. M\u00e4rz \u00fcberraschte dann doch mit dichtem Schneetreiben und einer f\u00fcr Rennradtreifen ungeeigneten Schnee- und Schneematschauflage auf den Stra\u00dfen, die schon die Hinfahrt zum Startort nicht angenehm gestaltete.<br \/>\nAm Start fanden sich dann die unentwegten Fahrerinnen und Fahrer ein, von denen die Mehrzahl Niederdorfelden nicht auf dem Fahrradsattel erreicht hatten. Nur wenige lie\u00dfen es sich nicht nehmen, die Pedale zu bewegen. Gegen K\u00e4lte, N\u00e4sse und Gl\u00e4tte, allesamt nat\u00fcrliche Feinde der Radlergemeinschaft, galt es da anzuk\u00e4mpfen. Meinen Respekt f\u00fcr diese Unentwegten; ich habe den Kampf nicht aufgenommen. Mit Kaffee, Kuchen, Br\u00f6tchen und netten Gespr\u00e4chen am Start in Niederdorfelden haben wir uns \u00fcber das Wetter hinweggetr\u00f6stet. Nicht mehr als 30 Sportlerinnen und Sportler konnte Christa Torschmied in der Turnhalle der Struwwelpeter-Schule begr\u00fc\u00dfen. Dr\u00fccken wir dem Verein die Daumen, dass seine n\u00e4chste Veranstaltung am 06. Oktober 2013 bei besserem Wetter stattfinden kann.<\/p>\n<p>Impressionen vom 17. M\u00e4rz 2013<\/p>\n<table>\n<tbody>\n<tr>\n<td>\n<p><div id=\"attachment_1695\" style=\"width: 160px\" class=\"wp-caption alignleft\"><a href=\"https:\/\/www.rc03-ilbenstadt.de\/wp-content\/uploads\/2013\/03\/B-RC03-130317-Winter_in_Ilbenstadt.jpg\" rel=\"lightbox[1674]\"><img loading=\"lazy\" decoding=\"async\" aria-describedby=\"caption-attachment-1695\" class=\"size-thumbnail wp-image-1695\" alt=\"Blick auf Ilbenstadt am 17.03.2013\" src=\"https:\/\/www.rc03-ilbenstadt.de\/wp-content\/uploads\/2013\/03\/B-RC03-130317-Winter_in_Ilbenstadt-150x150.jpg\" width=\"150\" height=\"150\" \/><\/a><p id=\"caption-attachment-1695\" class=\"wp-caption-text\">Auf dem Weg zur RTF in Niederdorfelden<\/p><\/div><\/td>\n<td><\/td>\n<td>\n<p><div id=\"attachment_1694\" style=\"width: 160px\" class=\"wp-caption alignleft\"><a href=\"https:\/\/www.rc03-ilbenstadt.de\/wp-content\/uploads\/2013\/03\/B-RC03-130317-Niederdorfelden-RTF_Start2.jpg\" rel=\"lightbox[1674]\"><img loading=\"lazy\" decoding=\"async\" aria-describedby=\"caption-attachment-1694\" class=\"size-thumbnail wp-image-1694\" alt=\"Start und Ziel der RTF in Niederdorfelden\" src=\"https:\/\/www.rc03-ilbenstadt.de\/wp-content\/uploads\/2013\/03\/B-RC03-130317-Niederdorfelden-RTF_Start2-150x150.jpg\" width=\"150\" height=\"150\" \/><\/a><p id=\"caption-attachment-1694\" class=\"wp-caption-text\">&#8222;Betrieb&#8220; an Start und Ziel gegen 08:45 Uhr<\/p><\/div><\/td>\n<\/tr>\n<\/tbody>\n<\/table>\n<p>&nbsp;<\/p>\n<p>&nbsp;<\/p>\n","protected":false},"excerpt":{"rendered":"<p>Am Sonntag, dem 17. M\u00e4rz 2013 hat der RSC-Sprinter 77 Niederdorfelden e.V. zur Fr\u00fchjahrs-RTF geladen. Nachdem der TV Schl\u00fcchtern am Sonntag zuvor die RTF-Saison bei bew\u00f6lktem Himmel, m\u00e4\u00dfigen Temperaturen aber \u00fcberwiegend trockenen Verh\u00e4ltnissen er\u00f6ffnet hatte, wurde vielfach die Wettervorhersage bem\u00fcht, &hellip; <a href=\"https:\/\/www.rc03-ilbenstadt.de\/?p=1674\">Weiterlesen <span class=\"meta-nav\">&rarr;<\/span><\/a><\/p>\n","protected":false},"author":9,"featured_media":0,"comment_status":"closed","ping_status":"closed","sticky":false,"template":"","format":"standard","meta":{"_crdt_document":"","footnotes":""},"categories":[1],"tags":[],"class_list":["post-1674","post","type-post","status-publish","format-standard","hentry","category-allgemein"],"_links":{"self":[{"href":"https:\/\/www.rc03-ilbenstadt.de\/index.php?rest_route=\/wp\/v2\/posts\/1674","targetHints":{"allow":["GET"]}}],"collection":[{"href":"https:\/\/www.rc03-ilbenstadt.de\/index.php?rest_route=\/wp\/v2\/posts"}],"about":[{"href":"https:\/\/www.rc03-ilbenstadt.de\/index.php?rest_route=\/wp\/v2\/types\/post"}],"author":[{"embeddable":true,"href":"https:\/\/www.rc03-ilbenstadt.de\/index.php?rest_route=\/wp\/v2\/users\/9"}],"replies":[{"embeddable":true,"href":"https:\/\/www.rc03-ilbenstadt.de\/index.php?rest_route=%2Fwp%2Fv2%2Fcomments&post=1674"}],"version-history":[{"count":0,"href":"https:\/\/www.rc03-ilbenstadt.de\/index.php?rest_route=\/wp\/v2\/posts\/1674\/revisions"}],"wp:attachment":[{"href":"https:\/\/www.rc03-ilbenstadt.de\/index.php?rest_route=%2Fwp%2Fv2%2Fmedia&parent=1674"}],"wp:term":[{"taxonomy":"category","embeddable":true,"href":"https:\/\/www.rc03-ilbenstadt.de\/index.php?rest_route=%2Fwp%2Fv2%2Fcategories&post=1674"},{"taxonomy":"post_tag","embeddable":true,"href":"https:\/\/www.rc03-ilbenstadt.de\/index.php?rest_route=%2Fwp%2Fv2%2Ftags&post=1674"}],"curies":[{"name":"wp","href":"https:\/\/api.w.org\/{rel}","templated":true}]}}