{"id":1722,"date":"2013-03-23T17:32:50","date_gmt":"2013-03-23T16:32:50","guid":{"rendered":"http:\/\/www.rc03-ilbenstadt.de\/?p=1722"},"modified":"2013-03-26T16:21:12","modified_gmt":"2013-03-26T15:21:12","slug":"die-radtourenfahrt-rtf-in-niddatal-ilbenstadt-am-sonntag-den-24-marz-2013-ist-fur-sie-vorbereitet","status":"publish","type":"post","link":"https:\/\/www.rc03-ilbenstadt.de\/?p=1722","title":{"rendered":"Radtourenfahrt (RTF) in Niddatal-Ilbenstadt am Sonntag, den 24. M\u00e4rz 2013 ist vorbereitet!"},"content":{"rendered":"<p>Heute waren viele Mitglieder des RC 03 Ilbenstadt gesch\u00e4ftig unterwegs, um die Radtourenfahrt (RTF) am morgigen Sonntag vorzubereiten. Die Strecken wurden ausgeschildert, die Sporthalle als Start- und Zielbereich hergerichtet und im Au\u00dfenbereich wurde ein Zelt gestellt, das den Kochtopf mit einer leckeren Erbsensuppe und den Grill beherbergt. So sind morgen nur noch wenige T\u00e4tigkeiten zu verrichten, um zum Start der RTF alles gerichtet zu haben. Die Kontrollstellen sind s\u00e4mtlich mit einem Gaskocher ausgestattet, damit wir Ihnen zum Aufw\u00e4rmen einen hei\u00dfen Tee anbieten k\u00f6nnen. Dazu reichen wir Bananen, die auf den Punkt den<!--more--> richtigen Reifegrad aufwarten und Geb\u00e4ck. Am Start und Ziel wird die Erbsensuppe vor Ort zubereitet und alles vorgehalten, damit Sie nach der absolvierten Ausdauerleistung wieder Energie in geselliger Runde tanken k\u00f6nnen. Kommen Sie warm angezogen zum Start. Die Wettervorhersage verspricht uns zwar keine all zu hohen Temperaturen, aber weitgehende Trockenheit und einen bedeckten Himmel, der nach wie vor der Sonne eine 50 %ige Chance gibt. Wir sind bereit, seien Sie es auch! Wir freuen uns, Sie am Start begr\u00fc\u00dfen zu k\u00f6nnen.<\/p>\n<p>Der Link zur <a title=\"Informationen zur Fr\u00fchjahrs-RTF 2013 des RC 03 Ilbenstadt\" href=\"https:\/\/www.rc03-ilbenstadt.de\/?page_id=283\" target=\"_blank\">&#8222;Veranstaltung&#8220;<\/a><\/p>\n<p>&nbsp;<\/p>\n","protected":false},"excerpt":{"rendered":"<p>Heute waren viele Mitglieder des RC 03 Ilbenstadt gesch\u00e4ftig unterwegs, um die Radtourenfahrt (RTF) am morgigen Sonntag vorzubereiten. Die Strecken wurden ausgeschildert, die Sporthalle als Start- und Zielbereich hergerichtet und im Au\u00dfenbereich wurde ein Zelt gestellt, das den Kochtopf mit &hellip; <a href=\"https:\/\/www.rc03-ilbenstadt.de\/?p=1722\">Weiterlesen <span class=\"meta-nav\">&rarr;<\/span><\/a><\/p>\n","protected":false},"author":9,"featured_media":0,"comment_status":"closed","ping_status":"closed","sticky":false,"template":"","format":"standard","meta":{"_crdt_document":"","footnotes":""},"categories":[1],"tags":[],"class_list":["post-1722","post","type-post","status-publish","format-standard","hentry","category-allgemein"],"_links":{"self":[{"href":"https:\/\/www.rc03-ilbenstadt.de\/index.php?rest_route=\/wp\/v2\/posts\/1722","targetHints":{"allow":["GET"]}}],"collection":[{"href":"https:\/\/www.rc03-ilbenstadt.de\/index.php?rest_route=\/wp\/v2\/posts"}],"about":[{"href":"https:\/\/www.rc03-ilbenstadt.de\/index.php?rest_route=\/wp\/v2\/types\/post"}],"author":[{"embeddable":true,"href":"https:\/\/www.rc03-ilbenstadt.de\/index.php?rest_route=\/wp\/v2\/users\/9"}],"replies":[{"embeddable":true,"href":"https:\/\/www.rc03-ilbenstadt.de\/index.php?rest_route=%2Fwp%2Fv2%2Fcomments&post=1722"}],"version-history":[{"count":0,"href":"https:\/\/www.rc03-ilbenstadt.de\/index.php?rest_route=\/wp\/v2\/posts\/1722\/revisions"}],"wp:attachment":[{"href":"https:\/\/www.rc03-ilbenstadt.de\/index.php?rest_route=%2Fwp%2Fv2%2Fmedia&parent=1722"}],"wp:term":[{"taxonomy":"category","embeddable":true,"href":"https:\/\/www.rc03-ilbenstadt.de\/index.php?rest_route=%2Fwp%2Fv2%2Fcategories&post=1722"},{"taxonomy":"post_tag","embeddable":true,"href":"https:\/\/www.rc03-ilbenstadt.de\/index.php?rest_route=%2Fwp%2Fv2%2Ftags&post=1722"}],"curies":[{"name":"wp","href":"https:\/\/api.w.org\/{rel}","templated":true}]}}