{"id":1729,"date":"2013-03-24T10:54:30","date_gmt":"2013-03-24T09:54:30","guid":{"rendered":"http:\/\/www.rc03-ilbenstadt.de\/?p=1729"},"modified":"2013-03-26T18:11:41","modified_gmt":"2013-03-26T17:11:41","slug":"radtourenfahrt-rtf-in-ilbenstadt-am-sonntag-den-24-marz-2013-1-bericht","status":"publish","type":"post","link":"https:\/\/www.rc03-ilbenstadt.de\/?p=1729","title":{"rendered":"Radtourenfahrt (RTF) in Niddatal-Ilbenstadt am Sonntag, den 24. M\u00e4rz 2013 &#8211; Bericht"},"content":{"rendered":"<div id=\"attachment_1749\" style=\"width: 160px\" class=\"wp-caption alignleft\"><a href=\"https:\/\/www.rc03-ilbenstadt.de\/wp-content\/uploads\/2013\/03\/B-RC03-Fr\u00fchjahrs-RTF-Startstempel-01-WEB.jpg\" rel=\"lightbox[1729]\"><img loading=\"lazy\" decoding=\"async\" aria-describedby=\"caption-attachment-1749\" class=\"size-thumbnail wp-image-1749\" alt=\"Fr\u00fchjahrs-RTF 2013 - Die ersten Starter\" src=\"https:\/\/www.rc03-ilbenstadt.de\/wp-content\/uploads\/2013\/03\/B-RC03-Fr\u00fchjahrs-RTF-Startstempel-01-WEB-150x150.jpg\" width=\"150\" height=\"150\" \/><\/a><p id=\"caption-attachment-1749\" class=\"wp-caption-text\">Die ersten Starter<\/p><\/div>\n<p>Im Vorfeld unserer diesj\u00e4hrigen Fr\u00fchjahrs-RTF, der Wetterau-Vogelsberg-Rundfahrt, spielten die Wettervorhersagen mit den Nerven der Verantwortlichen. Bedeutet doch die Organisation und Durchf\u00fchrung einer solchen Veranstaltung einen hohen logistischen Aufwand und ist nicht zuletzt auch mit finanziellen Risiken behaftet. Der &#8222;Wetterfrosch&#8220; Lars-Henning Metz hatte im ersten Programm des Hessischen Rundfunks im Laufe der Woche resigniert, von bitterer K\u00e4lte gesprochen und wollte<!--more--> am Sonntag dem Langlaufen im Vogelsberg den Vorzug geben. Immerhin hatte er eine weitgehende Niederschlagsfreiheit angek\u00fcndigt. Am Freitag schwenkte dann ein Wetterdienst im Internet auf durchgehenden Schneefall am Sonntag \u00fcber, gab aber diese bereits am n\u00e4chsten Tag wieder auf. Wir verbreiteten nach innen und au\u00dfen Optimismus und lie\u00dfen die Vorbereitungen auf normalem Niveau laufen. F\u00fcr die Kontrollstellen wurden Bananen, Geb\u00e4ck und Tee eingekauft und verteilt; am Start und Ziel die Erbensuppe, Grillw\u00fcrste und die Kuchentheke vorbereitet. Am Sonntag wurden bei minus 4\u00b0 Celsius die restlichen Aufbauarbeiten p\u00fcnktlich vor Startbeginn beendet und um 07:30 Uhr war der erste Starter Erich B. an der Startkartenausgabe. Doch musste er sich bis 08:00 Uhr, der festgesetzten Startzeit gedulden, bevor er die 114 Kilometer-Strecke unter die R\u00e4der nehmen konnte. Jetzt kamen langsam immer mehr Radsportlerinnen und Radsportler an den Start und bis 10:30 Uhr waren rund 250 auf den Strecken. Alle waren warm eingepackt und haben die Tour unbeschadet \u00fcberstanden, wenn auch hier und da kalte Finger und Fu\u00dfzehen beklagt wurden. Unser Respekt gilt allen, die sich des Morgens bei Minusgraden f\u00fcr die Tour entschlossen haben. Eine kleine Gruppe englischsprachiger G\u00e4ste hat auf ihrem Blog <a title=\"Bericht von Morton zur Teilnahme an der Fr\u00fchjahrs-RTF 2013\" href=\"http:\/\/houlby.wordpress.com\/2013\/03\/24\/ilbenstadt-rtf\/\" target=\"_blank\">&#8222;Tour de Force&#8220;<\/a> anschaulich und sicherlich stellvertretend f\u00fcr viele beschrieben, was es hie\u00df, sich an diesem Tag auf das Rad zu setzen, wenn ein sibirischer Wind in der Geschwindigkeit eines franz\u00f6sischen Hochgeschwindigkeitszuges entgegenkommt und Gedanken an eine Lungenentz\u00fcndung aufkommen l\u00e4sst.\u00a0 Doch auch diese Radlergruppe hat die Tour \u00fcberstanden und war gut gelaunt am Ziel angekommen. Im Zielbereich konnte man sich schnell aufw\u00e4rmen und die Erlebnisse in geselliger Runde austauschen, bieten doch anstrengende Touren und extremes Wetter Gespr\u00e4chsstoff auch \u00fcber den Tag hinaus.<br \/>\nDie Siegerehrung konnte im Beisein von Herrn B\u00fcrgermeister Dr. Hertel, der die Radsportlerinnen und Radsportler im Namen der Stadt begr\u00fc\u00dfte und deren Leistungen w\u00fcrdigte, von unserem Fachwart f\u00fcr das Radtourenfahren, Werner Gundlach, durchgef\u00fchrt werden. Von den BDR-Mannschaften setzte sich die SKG Frankfurt mit 17 Starterinnen und Startern durch, gefolgt vom RTC Sandhasen\u00b488 W\u00f6lfersheim e.V. mit 11 und dem Radfahrverein Germania 04 Nieder-Weisel e.V. mit 7 Mannschaftsmitgliedern. Wie in den Vorjahren war keine Privatmannschaft angetreten. Unsere Gl\u00fcckw\u00fcnsche sind bei den platzierten Mannschaften, aber auch bei jedem Einzelnen, der gestartet ist.<br \/>\nVon unseren rund 250 G\u00e4sten waren 79 nicht in einem Radfahrverein organisiert. Vielfach nutzen Triathletinnen und Triathleten unsere Veranstaltung, um ihr Training durch eine zus\u00e4tzliche und abwechslungsreiche Variante zu bereichern. Aber auch viele Hobbyradlerinnen und -radler sind am Start, da die Streckenauswahl, die Betreuung an den Kontrollstellen, dem vorhandenen Streckenservice und dem Angebot an Start und Ziel, verbunden mit dem fehlenden Leistungsdruck &#8211; Strecke und Geschwindigkeit k\u00f6nnen individuell gew\u00e4hlt werden &#8211;\u00a0 ihrer Leidenschaft zum Radsport entgegen kommt. Hier m\u00f6chte ich anregen, \u00fcber einen Vereinseintritt nachzudenken. Die Startgelddifferenz zum Wertungskarteninhaber betr\u00e4gt laut Generalausschreibung zwei EUR. Der Jahresmitgliedsbeitrag beim RC 03 Ilbenstadt liegt zur Zeit bei 30 EUR. Darin ist die Wertungskarte und das Vereinstrikot enthalten.<br \/>\nWenn Sie Anregungen zu unserer Veranstaltung haben, z\u00f6gern Sie nicht mit uns in Kontakt zu treten. Wir m\u00f6chten eine gut organisierte Radtour anbieten, denn auch dar\u00fcber bleibt und wird unser Sport attraktiv.<br \/>\nIch m\u00f6chte an dieser Stelle auch unseren Vereinsmitgliedern danken, die diese Veranstaltung tragen. Vorbereitung, Durchf\u00fchrung und Nachbereitung dieser Veranstaltung haben viele H\u00e4nde und vieler Stunden bedurft. An den Kontrollstellen wurde auch schon mal gefroren. Durch ihre positive R\u00fcckmeldung werden wir auch mit Freude an die Durchf\u00fchrung der n\u00e4chsten Tour gehen.<\/p>\n<p>Wir hoffen, dass wir viele Radsportlerinnen und Radsportler bei unserer<a title=\"Herbst-RTF 2013 &quot;Rund um Ilbenstadt&quot;\" href=\"https:\/\/www.rc03-ilbenstadt.de\/?page_id=328\" target=\"_blank\"> Herbst-RTF<\/a> am 08.09.2013 wieder in Ilbenstadt begr\u00fc\u00dfen k\u00f6nnen.\u00a0 Die Strecke steht schon fest und wird zum Veranstaltungstag der aktuellen Baustellenlage angepasst. Wir werden Sie auf landschaftlich sch\u00f6nen Strecken durch die Wetterau bis auf die H\u00f6hen des Vogelsberges f\u00fchren. Auf Wiedersehen in Ilbenstadt.<\/p>\n<p>&nbsp;<\/p>\n<table style=\"width: 481px; height: 224px;\">\n<tbody>\n<tr>\n<td><a href=\"https:\/\/www.rc03-ilbenstadt.de\/wp-content\/uploads\/2013\/03\/B-RC03-Fr\u00fchjahrs-RTF-Startkartenausgabe-WEB.jpg\" rel=\"lightbox[1729]\"><img loading=\"lazy\" decoding=\"async\" class=\"size-thumbnail wp-image-1748 alignleft\" alt=\"Fr\u00fchjahrs-RTF 2013 - Startkartenausgabe gegen 07:30 Uhr\" src=\"https:\/\/www.rc03-ilbenstadt.de\/wp-content\/uploads\/2013\/03\/B-RC03-Fr\u00fchjahrs-RTF-Startkartenausgabe-WEB-150x150.jpg\" width=\"150\" height=\"150\" \/><\/a><\/td>\n<td><a href=\"https:\/\/www.rc03-ilbenstadt.de\/wp-content\/uploads\/2013\/03\/B-RC03-Fr\u00fchjahrs-RTF-Start+Ziel-01-WEB.jpg\" rel=\"lightbox[1729]\"><img loading=\"lazy\" decoding=\"async\" class=\"size-thumbnail wp-image-1747 alignleft\" alt=\"Fr\u00fchjahrs-RTF 2013 - Start und Ziel gegen 09:00 Uhr\" src=\"https:\/\/www.rc03-ilbenstadt.de\/wp-content\/uploads\/2013\/03\/B-RC03-Fr\u00fchjahrs-RTF-Start+Ziel-01-WEB-150x150.jpg\" width=\"150\" height=\"150\" \/><\/a><\/td>\n<td><a href=\"https:\/\/www.rc03-ilbenstadt.de\/wp-content\/uploads\/2013\/03\/B-RC03-Fr\u00fchjahr-RTF-Siegerehrung.jpg\" rel=\"lightbox[1729]\"><img loading=\"lazy\" decoding=\"async\" class=\"size-thumbnail wp-image-1745 alignleft\" alt=\"Fr\u00fchjahrs-RTF 2013 - Siegerehrung\" src=\"https:\/\/www.rc03-ilbenstadt.de\/wp-content\/uploads\/2013\/03\/B-RC03-Fr\u00fchjahr-RTF-Siegerehrung-150x150.jpg\" width=\"150\" height=\"150\" \/><\/a><\/td>\n<\/tr>\n<tr>\n<td>Die Startkartenausgabe<\/td>\n<td>Start und Ziel gegen<br \/>\ngegen 09:00 Uhr<\/td>\n<td>Die Siegerehrung<\/td>\n<\/tr>\n<\/tbody>\n<\/table>\n","protected":false},"excerpt":{"rendered":"<p>Im Vorfeld unserer diesj\u00e4hrigen Fr\u00fchjahrs-RTF, der Wetterau-Vogelsberg-Rundfahrt, spielten die Wettervorhersagen mit den Nerven der Verantwortlichen. Bedeutet doch die Organisation und Durchf\u00fchrung einer solchen Veranstaltung einen hohen logistischen Aufwand und ist nicht zuletzt auch mit finanziellen Risiken behaftet. Der &#8222;Wetterfrosch&#8220; Lars-Henning &hellip; <a href=\"https:\/\/www.rc03-ilbenstadt.de\/?p=1729\">Weiterlesen <span class=\"meta-nav\">&rarr;<\/span><\/a><\/p>\n","protected":false},"author":9,"featured_media":0,"comment_status":"closed","ping_status":"closed","sticky":false,"template":"","format":"standard","meta":{"_crdt_document":"","footnotes":""},"categories":[1],"tags":[],"class_list":["post-1729","post","type-post","status-publish","format-standard","hentry","category-allgemein"],"_links":{"self":[{"href":"https:\/\/www.rc03-ilbenstadt.de\/index.php?rest_route=\/wp\/v2\/posts\/1729","targetHints":{"allow":["GET"]}}],"collection":[{"href":"https:\/\/www.rc03-ilbenstadt.de\/index.php?rest_route=\/wp\/v2\/posts"}],"about":[{"href":"https:\/\/www.rc03-ilbenstadt.de\/index.php?rest_route=\/wp\/v2\/types\/post"}],"author":[{"embeddable":true,"href":"https:\/\/www.rc03-ilbenstadt.de\/index.php?rest_route=\/wp\/v2\/users\/9"}],"replies":[{"embeddable":true,"href":"https:\/\/www.rc03-ilbenstadt.de\/index.php?rest_route=%2Fwp%2Fv2%2Fcomments&post=1729"}],"version-history":[{"count":0,"href":"https:\/\/www.rc03-ilbenstadt.de\/index.php?rest_route=\/wp\/v2\/posts\/1729\/revisions"}],"wp:attachment":[{"href":"https:\/\/www.rc03-ilbenstadt.de\/index.php?rest_route=%2Fwp%2Fv2%2Fmedia&parent=1729"}],"wp:term":[{"taxonomy":"category","embeddable":true,"href":"https:\/\/www.rc03-ilbenstadt.de\/index.php?rest_route=%2Fwp%2Fv2%2Fcategories&post=1729"},{"taxonomy":"post_tag","embeddable":true,"href":"https:\/\/www.rc03-ilbenstadt.de\/index.php?rest_route=%2Fwp%2Fv2%2Ftags&post=1729"}],"curies":[{"name":"wp","href":"https:\/\/api.w.org\/{rel}","templated":true}]}}