{"id":1771,"date":"2013-04-22T14:35:08","date_gmt":"2013-04-22T12:35:08","guid":{"rendered":"http:\/\/www.rc03-ilbenstadt.de\/?p=1771"},"modified":"2013-05-21T16:02:35","modified_gmt":"2013-05-21T14:02:35","slug":"radtourenfahrt-rtf-in-nieder-dorfelden-am-21-04-2013","status":"publish","type":"post","link":"https:\/\/www.rc03-ilbenstadt.de\/?p=1771","title":{"rendered":"Radtourenfahrt (RTF) in Nieder-Weisel am Sonntag, dem 21. April 2013"},"content":{"rendered":"<div id=\"attachment_1770\" style=\"width: 160px\" class=\"wp-caption alignleft\"><a href=\"https:\/\/www.rc03-ilbenstadt.de\/wp-content\/uploads\/2013\/04\/B-RC03-130421-RTF-Nieder-Weisel-Siegerehrung-WEB50.jpg\" rel=\"lightbox[1771]\"><img loading=\"lazy\" decoding=\"async\" aria-describedby=\"caption-attachment-1770\" class=\"size-thumbnail wp-image-1770\" alt=\"B-RC03-RTF-Nieder-Weisel-Siegerehrung\" src=\"https:\/\/www.rc03-ilbenstadt.de\/wp-content\/uploads\/2013\/04\/B-RC03-130421-RTF-Nieder-Weisel-Siegerehrung-WEB50-150x150.jpg\" width=\"150\" height=\"150\" \/><\/a><p id=\"caption-attachment-1770\" class=\"wp-caption-text\">Hannlore Ziegler mit dem Siegerpokal f\u00fcr den RC 03<\/p><\/div>\n<p>Am Sonntag, dem 21.04.2013 veranstaltete der Radsportverein RV &#8222;Germania 04&#8220; Nieder-Weisel seine diesj\u00e4hrige Radtourenfahrt (RTF). Es wurden drei Strecken von 48, 79 und 112 Kilometern angeboten, die uns Radsportler in den Gie\u00dfener Raum bis hin nach Queckborn und zur\u00fcck \u00fcber Hungen und Echzell wieder zum Start und Ziel nach Hoch-Weisel brachten. Vielen Sternfahrerinnen und Sternfahrern entging jedoch die sch\u00f6ne Landschaft auf der 79- und der 112-Kilometer-Tour, da nach der Generalauschreibung<!--more--> des Bundes Deutscher Radfahrer die Zurechnung der Anfahrt zum Start und Ziel zur erbrachten Leistung oder der Einstieg zur Tour an einer Kontrollstelle m\u00f6glich ist. Davon machen immer mehr Teilnehmer Gebrauch und beziehen oft nur noch die kleine Strecke in &#8222;Ihre&#8220; Tour mit ein.<br \/>\nVom RC 03 Ilbenstadt waren wir diesmal mit einer starken Mannschaft vertreten und konnten mit 26 gestarteten Fahrerinnen und Fahrern den ersten Platz in der Mannschaftswertung vor den Radfahrvereinen Wanderlust 1912 e.V. Gambach mit 24 und RV Germania 1912 e.V. Hungen mit 22 Starterinnen und Startern erringen. Hannelore Ziegler nahm den Pokal f\u00fcr den ersten Platz und Wilhelm Schr\u00f6der den Wanderpokal, den wir hier zum zweiten Mal in Folge erringen konnten, bei der Siegerehrung entgegen.<br \/>\nDas Wetter war trocken und die Sonne lie\u00df sich des \u00f6ftern blicken. In den Morgenstunden war es doch noch kalt und windig, und so trotzten wir mit angemessener Bekleidung der Witterung und brachten mit Spa\u00df und Freude die Kilometer hinter uns. Am Ziel war die Kuchentheke reich gedeckt, aber auch aus der K\u00fcche gab es ein gutes Angebot, um die verlorenen Kalorien in geselliger Runde wieder zu ersetzen.<br \/>\nLeider bietet der RV &#8222;Germania 04&#8220; Nieder-Weisel am 22. September diesen Jahres keine RTF-Veranstaltung mehr an, da die Bundestagswahl zu diesem Termin alle Startm\u00f6glichkeiten in Wahllokale umfunktioniert und viele Vereinsmitglieder auch als Wahlhelfer verpflichtet sind. So werden wir in Nieder-Weisel erst 2014 wieder an den Start in der neu erreichteten Mehrzweckhalle gehen k\u00f6nnen.<\/p>\n","protected":false},"excerpt":{"rendered":"<p>Am Sonntag, dem 21.04.2013 veranstaltete der Radsportverein RV &#8222;Germania 04&#8220; Nieder-Weisel seine diesj\u00e4hrige Radtourenfahrt (RTF). Es wurden drei Strecken von 48, 79 und 112 Kilometern angeboten, die uns Radsportler in den Gie\u00dfener Raum bis hin nach Queckborn und zur\u00fcck \u00fcber &hellip; <a href=\"https:\/\/www.rc03-ilbenstadt.de\/?p=1771\">Weiterlesen <span class=\"meta-nav\">&rarr;<\/span><\/a><\/p>\n","protected":false},"author":9,"featured_media":0,"comment_status":"closed","ping_status":"closed","sticky":false,"template":"","format":"standard","meta":{"_crdt_document":"","footnotes":""},"categories":[1],"tags":[],"class_list":["post-1771","post","type-post","status-publish","format-standard","hentry","category-allgemein"],"_links":{"self":[{"href":"https:\/\/www.rc03-ilbenstadt.de\/index.php?rest_route=\/wp\/v2\/posts\/1771","targetHints":{"allow":["GET"]}}],"collection":[{"href":"https:\/\/www.rc03-ilbenstadt.de\/index.php?rest_route=\/wp\/v2\/posts"}],"about":[{"href":"https:\/\/www.rc03-ilbenstadt.de\/index.php?rest_route=\/wp\/v2\/types\/post"}],"author":[{"embeddable":true,"href":"https:\/\/www.rc03-ilbenstadt.de\/index.php?rest_route=\/wp\/v2\/users\/9"}],"replies":[{"embeddable":true,"href":"https:\/\/www.rc03-ilbenstadt.de\/index.php?rest_route=%2Fwp%2Fv2%2Fcomments&post=1771"}],"version-history":[{"count":0,"href":"https:\/\/www.rc03-ilbenstadt.de\/index.php?rest_route=\/wp\/v2\/posts\/1771\/revisions"}],"wp:attachment":[{"href":"https:\/\/www.rc03-ilbenstadt.de\/index.php?rest_route=%2Fwp%2Fv2%2Fmedia&parent=1771"}],"wp:term":[{"taxonomy":"category","embeddable":true,"href":"https:\/\/www.rc03-ilbenstadt.de\/index.php?rest_route=%2Fwp%2Fv2%2Fcategories&post=1771"},{"taxonomy":"post_tag","embeddable":true,"href":"https:\/\/www.rc03-ilbenstadt.de\/index.php?rest_route=%2Fwp%2Fv2%2Ftags&post=1771"}],"curies":[{"name":"wp","href":"https:\/\/api.w.org\/{rel}","templated":true}]}}