{"id":1791,"date":"2013-04-30T15:58:19","date_gmt":"2013-04-30T13:58:19","guid":{"rendered":"http:\/\/www.rc03-ilbenstadt.de\/?p=1791"},"modified":"2013-05-21T16:04:58","modified_gmt":"2013-05-21T14:04:58","slug":"radtourenfahrt-rtf-in-kleinlinden-am-sonntag-dem-28-04-2013","status":"publish","type":"post","link":"https:\/\/www.rc03-ilbenstadt.de\/?p=1791","title":{"rendered":"Radtourenfahrt (RTF) in Kleinlinden am Sonntag, dem 28. April 2013"},"content":{"rendered":"<p>Die RTF des Radfahrvereines 1904\/27 Gie\u00dfen-Kleinlinden e.V. tr\u00e4gt den Namen &#8222;Linneser Backschie\u00dfer RTF\/CTF&#8220;. Backschie\u00dfer werden von B\u00e4ckern zum Ein- und Ausbringen von Broten und anderen Teigwaren ben\u00f6tigt und bestehen aus einem Holzblatt, das je nach ein- und auszubringender Teigware unterschiedlich geformt ist und hat &#8211; auch daf\u00fcr gibt es eine Norm &#8211; einen Stiel von 1,6 m oder 2,4 m L\u00e4nge. Wie die Lindener zu diesem Bei- oder Spitznamen kamen, hat sich mir noch nicht erschlossen. Da sie ihn jedoch selbst verwenden, kann die Bezeichnung Backschie\u00dfer nicht negativ gemeint sein.Wir hatten 19 Fahrerinnen und Fahrer gemeldet von denen dann auch 18 am Start waren. <!--more-->Dass bei der Siegerehrung nur von 16 gestarteten Ilbenst\u00e4derinnen und Ilbenst\u00e4dtern die Rede war, liegt am Sternfahrtmodus. Zwei Starter sind zur Siegerehrung noch nicht im Ziel gewesen.<br \/>\nInsgesamt war es am Morgen noch empfindlich k\u00fchl. Darauf wurde auch die relativ geringe Beteiligung von rund 300 Teilnehmerinnen und Teilnehmern zur\u00fcck gef\u00fchrt. Auch der Vorsitzende von Kleinlinden w\u00e4re &#8211; so teilte er es in seiner Begr\u00fc\u00dfungsrede mit &#8211; nicht am Start gewesen, wenn er frei von der Last der Organisation dieser Veranstaltung gewesen w\u00e4re. Doch nach kurzer \u00dcberwindung war es auf dem Rad nach einigen Kilometern gar nicht mehr so unangenehm und gegen Mittag war es dann schon f\u00fchlbar w\u00e4rmer. Mit 43, 72, 111 und 162 Kilometer-Strecken war f\u00fcr jeden etwas dabei. Die Strecken waren gut gef\u00fchrt und ausgeschildert; die Verpflegung an Start und Ziel war gut und reichhaltig. Angesichts dieser Rahmenbedingungen konnte man trotz der etwas niedrigen Temperaturen einen angenehmen Tag mit der Radelgemeinde verbringen.<br \/>\nDen ersten Platz errang Germania Hungen 1912 e.V. mit 24 gemeldeten und 18 gestarteten Teilnehmern und der RV Wanderlust Gambach belegte hinter uns den dritten Platz mit 19 gemeldeten und 15 gestarteten Teilnehmern.<br \/>\nAuf den Bericht \u00fcber die RTF auf der <a title=\"Bericht zur RTF in Kleinlinden\" href=\"http:\/\/www.rvkleinlinden.de\/linneser-backschieser-rtfctf-2013-mittelprachtige-teilnahme-so-lala-wetter-jedoch-gute-stimmung\/\" target=\"_blank\">Internetseite des RV Kleinlinden<\/a> selbst m\u00f6chte ich nicht zuletzt wegen der dort vorhandenen Bilder und den Einblicken in die Erlebnisse eines Veranstalters hinweisen.<\/p>\n","protected":false},"excerpt":{"rendered":"<p>Die RTF des Radfahrvereines 1904\/27 Gie\u00dfen-Kleinlinden e.V. tr\u00e4gt den Namen &#8222;Linneser Backschie\u00dfer RTF\/CTF&#8220;. Backschie\u00dfer werden von B\u00e4ckern zum Ein- und Ausbringen von Broten und anderen Teigwaren ben\u00f6tigt und bestehen aus einem Holzblatt, das je nach ein- und auszubringender Teigware unterschiedlich &hellip; <a href=\"https:\/\/www.rc03-ilbenstadt.de\/?p=1791\">Weiterlesen <span class=\"meta-nav\">&rarr;<\/span><\/a><\/p>\n","protected":false},"author":9,"featured_media":0,"comment_status":"closed","ping_status":"closed","sticky":false,"template":"","format":"standard","meta":{"_crdt_document":"","footnotes":""},"categories":[1],"tags":[],"class_list":["post-1791","post","type-post","status-publish","format-standard","hentry","category-allgemein"],"_links":{"self":[{"href":"https:\/\/www.rc03-ilbenstadt.de\/index.php?rest_route=\/wp\/v2\/posts\/1791","targetHints":{"allow":["GET"]}}],"collection":[{"href":"https:\/\/www.rc03-ilbenstadt.de\/index.php?rest_route=\/wp\/v2\/posts"}],"about":[{"href":"https:\/\/www.rc03-ilbenstadt.de\/index.php?rest_route=\/wp\/v2\/types\/post"}],"author":[{"embeddable":true,"href":"https:\/\/www.rc03-ilbenstadt.de\/index.php?rest_route=\/wp\/v2\/users\/9"}],"replies":[{"embeddable":true,"href":"https:\/\/www.rc03-ilbenstadt.de\/index.php?rest_route=%2Fwp%2Fv2%2Fcomments&post=1791"}],"version-history":[{"count":0,"href":"https:\/\/www.rc03-ilbenstadt.de\/index.php?rest_route=\/wp\/v2\/posts\/1791\/revisions"}],"wp:attachment":[{"href":"https:\/\/www.rc03-ilbenstadt.de\/index.php?rest_route=%2Fwp%2Fv2%2Fmedia&parent=1791"}],"wp:term":[{"taxonomy":"category","embeddable":true,"href":"https:\/\/www.rc03-ilbenstadt.de\/index.php?rest_route=%2Fwp%2Fv2%2Fcategories&post=1791"},{"taxonomy":"post_tag","embeddable":true,"href":"https:\/\/www.rc03-ilbenstadt.de\/index.php?rest_route=%2Fwp%2Fv2%2Ftags&post=1791"}],"curies":[{"name":"wp","href":"https:\/\/api.w.org\/{rel}","templated":true}]}}