{"id":1806,"date":"2013-05-06T23:13:45","date_gmt":"2013-05-06T21:13:45","guid":{"rendered":"http:\/\/www.rc03-ilbenstadt.de\/?p=1806"},"modified":"2013-05-07T12:18:36","modified_gmt":"2013-05-07T10:18:36","slug":"radtourenfahrt-rtf-am-donnerstag-den-05-mai-2013-in-klein-krotzenburg","status":"publish","type":"post","link":"https:\/\/www.rc03-ilbenstadt.de\/?p=1806","title":{"rendered":"Radtourenfahrt (RTF) in Klein-Krotzenburg am Sonntag, dem 05. Mai 2013"},"content":{"rendered":"<div id=\"attachment_1803\" style=\"width: 160px\" class=\"wp-caption alignleft\"><a href=\"https:\/\/www.rc03-ilbenstadt.de\/wp-content\/uploads\/2013\/05\/B-RC03-130505-RTF-Klein-Krotzenburg-Siegerehrung.jpg\" rel=\"lightbox[1806]\"><img loading=\"lazy\" decoding=\"async\" aria-describedby=\"caption-attachment-1803\" class=\"size-thumbnail wp-image-1803\" alt=\"Siegerehrung in Klein-Krotzenburg\" src=\"https:\/\/www.rc03-ilbenstadt.de\/wp-content\/uploads\/2013\/05\/B-RC03-130505-RTF-Klein-Krotzenburg-Siegerehrung-150x150.jpg\" width=\"150\" height=\"150\" \/><\/a><p id=\"caption-attachment-1803\" class=\"wp-caption-text\">Siegerehrung in Klein-Krotzenburg<\/p><\/div>\n<p>Der Radsportverein RSV 05 Klein-Krotzenburg veranstaltete am 05. Mai die 31. &#8222;Glaabsbr\u00e4u Radlertour 2013&#8220;. F\u00fcr RTF-Fahrerinnen und Fahrer standen drei Strecken zur Auswahl. 45 Kilometer f\u00fcr Freizeitradler, 75 Kilometer f\u00fcr engagierte Amatuere mit sportlichem Ehrgeiz und 115 Kilometer f\u00fcr ernsthafte Fahrer mit Kondition und Durchhalteverm\u00f6gen. Soweit die Klassifizierung im Flyer des Veranstalters. Dass die Grenzen in der Realit\u00e4t flie\u00dfen, versteht sich von selbst. So sind die 45- und die 75-Kilometer-Strecken heute h\u00e4ufig die Zusatzschleifen f\u00fcr Sternfahrer,<!--more--> die mit An- und Abfahrt teilweise deutlich \u00fcber den vom Veranstalter angebotenen 115 Kilometer-Rundkurs liegen. Alle Strecken f\u00fchrte die Radlerschar zun\u00e4chst noch bei frischem, nebligen Wetter auf das flache Land in s\u00fcdliche Richtung. Der Nebel lichtete sich sp\u00e4ter doch noch, das st\u00e4ndige Putzen der Radbrille h\u00f6rte auf und die Temperaturen stiegen in den Wohlf\u00fchlbereich. Auf der 75-Kilometer-Tour wurden um M\u00f6mlingen die ersten Vorboten des Odenwaldes gestreift. Die Unentwegten auf der 115-Kilometerschleife durften etwas mehr von der Bergluft schnuppern, bevor es dann wieder auf flachem Terrain dem Ziel entgegen ging. Nat\u00fcrlich muss in dichter bewohnten Gebieten der Verkehrssicherheit Rechnung getragen werden und so kamen wir nicht umhin, das vom Start und zum Ziel hin einige Lichtsignalanlagen die fl\u00fcssige Fahrt unterbrachen. Insgesamt war die Tour so gestaltet, dass \u00fcber die Streckenl\u00e4nge und die H\u00f6henmeter, verbunden mit der individuellen Wahl der Geschwindigkeit, f\u00fcr jeden Trainingszustand etwas geboten wurde. F\u00fcr den notwendigen Fl\u00fcssigkeits- und Kaloriennachschub w\u00e4hrend der Fahrt war an den Kontrollstellen gesorgt. Im Zielbereich erwartete uns ein buntes Treiben. Vor der Radsporthalle fanden alle Radsportlerinnen und Radsportler eine gem\u00fctliche Biergartenatmosp\u00e4hre vor, in der man sich \u00fcber diese Tour, vergangene Touren und \u00fcber zuk\u00fcnftig zu erbringende Heldentaten austauschen konnte. Hier traf wieder die RTF-Szene mit der Volksradfahrergemeinde zusammen. Parallel war eine Volksradstrecke \u00fcber 20 Kilometer angeboten worden, die regen Zuspruch durch die Ortsvereine aus und um Klein-Krotzenburg erfuhr. So wurde auch die Siegerehrung getrennt in der Wertung, aber gemeinsam in der W\u00fcrdigung durchgef\u00fchrt. Das Fahrrad als Sportger\u00e4t ist hier verbindendes Element und es tat der Geselligkeit keinen Abbruch, ob dies schnell, langsam, f\u00fcr wenig oder mehr Kilometer bewegt wurde.<\/p>\n<p>Wir belegten mit unserer 17-k\u00f6pfigen Mannschaft wieder einen guten 2. Platz hinter Wenigumstadt, die 25 Radlerinnen und Radler in den Sattel gebracht haben. Auf den Pl\u00e4tzen 3 und 4 folgten Offenbach-B\u00fcrgel mit 15 und Edelweiss-Frankfurt mit 13 Starterinnen und Startern. Neben einem Pokal gab es f\u00fcr den 2. Platz noch &#8222;Kellertr\u00fcbes&#8220; von Glaabsbr\u00e4u, eine willkommene Unterst\u00fctzung f\u00fcr unser Grillfest im Juni.<\/p>\n<p>Am Donnerstag, dem 09.Mai 2013 starten wir beim <a title=\"RTF in J\u00fcgesheim am 09.05.2013\" href=\"http:\/\/www.rvg-juegesheim.de\/\" target=\"_blank\">RV &#8222;Germania&#8220; 1911 J\u00fcgesheim<\/a>. Die Touren in Klein-Krotzenburg und J\u00fcgesheim sind etwas ungl\u00fccklich terminiert, da die Strecken fast identisch sind. Machen wir das Beste daraus. Wir k\u00f6nnen unsere Leistung von Sonntag zu Donnerstag vergleichen, wir k\u00f6nnen die Landschaft erneut genie\u00dfen und alle, die in Klein-Krotzenburg nicht dabei waren, k\u00f6nnen nach J\u00fcgesheim wieder mitreden.<\/p>\n<table style=\"width: 342px; height: 210px;\">\n<tfoot>\n<tr align=\"left\" valign=\"top\">\n<td>Buntes Treiben im<br \/>\nZielbereich<\/td>\n<td><\/td>\n<td>Die Biergartenatmosp\u00e4re mit<br \/>\nSiegerehrung im Hintergrund<br \/>\nBild: Oliver Witt<\/td>\n<\/tr>\n<\/tfoot>\n<tbody>\n<tr>\n<td><a href=\"https:\/\/www.rc03-ilbenstadt.de\/wp-content\/uploads\/2013\/05\/B-RC03-130505-RTF-Klein-Krotzenburg-Im_Ziel.jpg\" rel=\"lightbox[1806]\"><img loading=\"lazy\" decoding=\"async\" class=\"size-thumbnail wp-image-1804\" alt=\"Im Ziel\" src=\"https:\/\/www.rc03-ilbenstadt.de\/wp-content\/uploads\/2013\/05\/B-RC03-130505-RTF-Klein-Krotzenburg-Im_Ziel-150x150.jpg\" width=\"150\" height=\"150\" \/><\/a><\/td>\n<td><\/td>\n<td><a href=\"https:\/\/www.rc03-ilbenstadt.de\/wp-content\/uploads\/2013\/05\/B-RC03-130505-RTF-Klein-Krotzenburg-Biergarten.jpg\" rel=\"lightbox[1806]\"><img loading=\"lazy\" decoding=\"async\" class=\"size-thumbnail wp-image-1805\" alt=\"Am Ziel - Biergartenatmosph\u00e4re\" src=\"https:\/\/www.rc03-ilbenstadt.de\/wp-content\/uploads\/2013\/05\/B-RC03-130505-RTF-Klein-Krotzenburg-Biergarten-150x150.jpg\" width=\"150\" height=\"150\" \/><\/a><\/td>\n<\/tr>\n<\/tbody>\n<\/table>\n","protected":false},"excerpt":{"rendered":"<p>Der Radsportverein RSV 05 Klein-Krotzenburg veranstaltete am 05. Mai die 31. &#8222;Glaabsbr\u00e4u Radlertour 2013&#8220;. F\u00fcr RTF-Fahrerinnen und Fahrer standen drei Strecken zur Auswahl. 45 Kilometer f\u00fcr Freizeitradler, 75 Kilometer f\u00fcr engagierte Amatuere mit sportlichem Ehrgeiz und 115 Kilometer f\u00fcr ernsthafte &hellip; <a href=\"https:\/\/www.rc03-ilbenstadt.de\/?p=1806\">Weiterlesen <span class=\"meta-nav\">&rarr;<\/span><\/a><\/p>\n","protected":false},"author":9,"featured_media":0,"comment_status":"closed","ping_status":"closed","sticky":false,"template":"","format":"standard","meta":{"_crdt_document":"","footnotes":""},"categories":[1],"tags":[],"class_list":["post-1806","post","type-post","status-publish","format-standard","hentry","category-allgemein"],"_links":{"self":[{"href":"https:\/\/www.rc03-ilbenstadt.de\/index.php?rest_route=\/wp\/v2\/posts\/1806","targetHints":{"allow":["GET"]}}],"collection":[{"href":"https:\/\/www.rc03-ilbenstadt.de\/index.php?rest_route=\/wp\/v2\/posts"}],"about":[{"href":"https:\/\/www.rc03-ilbenstadt.de\/index.php?rest_route=\/wp\/v2\/types\/post"}],"author":[{"embeddable":true,"href":"https:\/\/www.rc03-ilbenstadt.de\/index.php?rest_route=\/wp\/v2\/users\/9"}],"replies":[{"embeddable":true,"href":"https:\/\/www.rc03-ilbenstadt.de\/index.php?rest_route=%2Fwp%2Fv2%2Fcomments&post=1806"}],"version-history":[{"count":0,"href":"https:\/\/www.rc03-ilbenstadt.de\/index.php?rest_route=\/wp\/v2\/posts\/1806\/revisions"}],"wp:attachment":[{"href":"https:\/\/www.rc03-ilbenstadt.de\/index.php?rest_route=%2Fwp%2Fv2%2Fmedia&parent=1806"}],"wp:term":[{"taxonomy":"category","embeddable":true,"href":"https:\/\/www.rc03-ilbenstadt.de\/index.php?rest_route=%2Fwp%2Fv2%2Fcategories&post=1806"},{"taxonomy":"post_tag","embeddable":true,"href":"https:\/\/www.rc03-ilbenstadt.de\/index.php?rest_route=%2Fwp%2Fv2%2Ftags&post=1806"}],"curies":[{"name":"wp","href":"https:\/\/api.w.org\/{rel}","templated":true}]}}