{"id":1833,"date":"2013-05-10T12:09:36","date_gmt":"2013-05-10T10:09:36","guid":{"rendered":"http:\/\/www.rc03-ilbenstadt.de\/?p=1833"},"modified":"2013-05-14T15:46:45","modified_gmt":"2013-05-14T13:46:45","slug":"radtourenfahrt-rtf-in-jugesheim-am-09-mai-2013","status":"publish","type":"post","link":"https:\/\/www.rc03-ilbenstadt.de\/?p=1833","title":{"rendered":"Radtourenfahrt (RTF) in J\u00fcgesheim am Donnerstag, dem 09. Mai 2013"},"content":{"rendered":"<div id=\"attachment_1826\" style=\"width: 160px\" class=\"wp-caption alignleft\"><a href=\"https:\/\/www.rc03-ilbenstadt.de\/wp-content\/uploads\/2013\/05\/B-RC03-130509-RTF_J\u00fcgesheim-Ziel_Pokalgewinn-1-WEB.jpg\" rel=\"lightbox[1833]\"><img loading=\"lazy\" decoding=\"async\" aria-describedby=\"caption-attachment-1826\" class=\"size-thumbnail wp-image-1826\" alt=\"Der 3. Platz - Unser Pokal\" src=\"https:\/\/www.rc03-ilbenstadt.de\/wp-content\/uploads\/2013\/05\/B-RC03-130509-RTF_J\u00fcgesheim-Ziel_Pokalgewinn-1-WEB-150x150.jpg\" width=\"150\" height=\"150\" \/><\/a><p id=\"caption-attachment-1826\" class=\"wp-caption-text\">Der 3. Platz &#8211; Unser Pokal<\/p><\/div>\n<p>An Christi Himmelfahrt war uns das Wetter bei der RTF des RV &#8222;Germania&#8220; 1911 J\u00fcgesheim e.V. doch noch wohlgesonnen. Schon zum Start zeigte sich der Himmel bedrohlich bew\u00f6lkt. Doch entsch\u00e4digten sonnige Abschnitte in der sch\u00f6nen Landschaft der Rhein-Main-Ebene und des Odenwaldes f\u00fcr die latente Regengefahr. Rapsfelder, das frische Gr\u00fcn von Wiesen und Wald, sowie die dunkle Bew\u00f6lkung zeigten im Sonnenlicht kr\u00e4ftige Farben und Kontraste. Hin und wieder zeigte uns der nasse Asphalt an, dass\u00a0<!--more--> vor nicht all zu langer Zeit Regeng\u00fcsse niedergegangen sein mussten. Offenbar geh\u00f6rten einige, wenn nicht sogar viele von uns zu den Gl\u00fccklichen, die Startzeit und Geschwindigkeit so gew\u00e4hlt hatten, dass man sich zwischen kr\u00e4ftigen Schauern trocken ins Ziel retten konnte.<\/p>\n<p>Die Streckenf\u00fchrung war nicht ohne Anspruch auf die Kondition. Schon auf der 75 Kilometer-Tour waren einige H\u00fcgel im Programm. Dass am Sonntag zuvor Klein-Krotzenburg in der gleichen Region seine RTF ausgeschildert hatte, war nicht nachteilig. Es waren genug Variationen in der Streckenf\u00fchrung vorhanden, teilweise wurden Abschnitte in der Gegenrichtung befahren, so dass hier keine Langeweile aufkommen konnte. An den Kontrollstellen wurden wir von freundlichen Helfern umsorgt. Allein die Beschilderung war vor allem f\u00fcr Ortsunkundige nicht immer gl\u00fccklich vorgenommen worden. Diese Herausforderung konnte jedoch auch gemeistert werden, wenn auch ein kleiner Aufenthalt oder ein paar Extrakilometer anfielen. Insgesamt eine gelungene Tour. Den vielen Sternfahrern unter uns bringe ich viel Verst\u00e4ndnis entgegen, sind doch die Anfahrten zum Start mit Kraftfahrzeugen unter finanziellen und \u00f6kologischen Aspekten nicht unbedingt sinnvoll. Doch entgehen Ihnen viele sch\u00f6ne Strecken und mancher Veranstalter stellt sich gerade bei den gro\u00dfen Touren schon hier und da mal die Sinnfrage, ob der organisatorische und der personelle Aufwand noch &#8222;lohnt&#8220;.<\/p>\n<p>Ins Ziel kamen wir trocken, gerade rechtzeitig nach einem ziemlich heftigen Regenschauer. Die J\u00fcgesheimer RTF haben wir unter den BDR-Vereinen mit einem guten dritten Platz mit 17 gemeldeten und 20 gestarteten Fahrerinnen und Fahrern belegt. Den ersten Platz sicherte sich wieder einmal Wenigumstadt mit 26 Startern, auf Platz Zwei lag die SKG Frankfurt mit 21 gestarteten Aktiven. Hinter uns reihte sich mit dem 4. Platz Offenbach-B\u00fcrgel mit 15 Startern ein. Von den Teilnehmerzahlen an der Spitze lag die Turn- und Fastnachtsgesellschaft, ein Ortsverein, mit 32 gemeldeten Radlerinnen und Radlern.<\/p>\n<table>\n<thead>\n<tr valign=\"top\">\n<td><a href=\"https:\/\/www.rc03-ilbenstadt.de\/wp-content\/uploads\/2013\/05\/B-RC03-130509-RTF_J\u00fcgesheim-Startvorbereitungen_Wilhelm-WEB.jpg\" rel=\"lightbox[1833]\"><img loading=\"lazy\" decoding=\"async\" class=\"size-thumbnail wp-image-1830\" alt=\"Startvorbereitungen\" src=\"https:\/\/www.rc03-ilbenstadt.de\/wp-content\/uploads\/2013\/05\/B-RC03-130509-RTF_J\u00fcgesheim-Startvorbereitungen_Wilhelm-WEB-150x150.jpg\" width=\"150\" height=\"150\" \/><\/a><\/td>\n<td><\/td>\n<td><a href=\"https:\/\/www.rc03-ilbenstadt.de\/wp-content\/uploads\/2013\/05\/B-RC03-130509-RTF_J\u00fcgesheim-Ziel_Hanne-Inge+Reinhold+J\u00fcrgen+Karin-1-WEB.jpg\" rel=\"lightbox[1833]\"><img loading=\"lazy\" decoding=\"async\" class=\"size-thumbnail wp-image-1827\" alt=\"Im Ziel - Es ist geschafft\" src=\"https:\/\/www.rc03-ilbenstadt.de\/wp-content\/uploads\/2013\/05\/B-RC03-130509-RTF_J\u00fcgesheim-Ziel_Hanne-Inge+Reinhold+J\u00fcrgen+Karin-1-WEB-150x150.jpg\" width=\"150\" height=\"150\" \/><\/a><\/td>\n<td><\/td>\n<td><a href=\"https:\/\/www.rc03-ilbenstadt.de\/wp-content\/uploads\/2013\/05\/B-RC03-130509-RTF_J\u00fcgesheim-Ziel_Hanne+Wilhelm+J\u00fcrgen-WEB.jpg\" rel=\"lightbox[1833]\"><img loading=\"lazy\" decoding=\"async\" class=\"size-thumbnail wp-image-1828\" alt=\"Entspannung im Ziel\" src=\"https:\/\/www.rc03-ilbenstadt.de\/wp-content\/uploads\/2013\/05\/B-RC03-130509-RTF_J\u00fcgesheim-Ziel_Hanne+Wilhelm+J\u00fcrgen-WEB-150x150.jpg\" width=\"150\" height=\"150\" \/><\/a><\/td>\n<\/tr>\n<tr valign=\"top\">\n<td>Startvorbereitungen<\/td>\n<td><\/td>\n<td>\u00a0Im Ziel: Es ist geschafft!<\/td>\n<td><\/td>\n<td>\u00a0Entspannung und Geselligkeit<\/td>\n<\/tr>\n<tr align=\"center\" valign=\"top\">\n<td><a href=\"https:\/\/www.rc03-ilbenstadt.de\/wp-content\/uploads\/2013\/05\/B-RC03-130509-RTF_J\u00fcgesheim-Ziel_Es_geht_nach_Hause-1-WEB.jpg\" rel=\"lightbox[1833]\"><img loading=\"lazy\" decoding=\"async\" class=\"size-thumbnail wp-image-1829\" alt=\"Fertig zur Heimfahrt\" src=\"https:\/\/www.rc03-ilbenstadt.de\/wp-content\/uploads\/2013\/05\/B-RC03-130509-RTF_J\u00fcgesheim-Ziel_Es_geht_nach_Hause-1-WEB-150x150.jpg\" width=\"150\" height=\"150\" \/><\/a><\/td>\n<td><\/td>\n<td><a href=\"https:\/\/www.rc03-ilbenstadt.de\/wp-content\/uploads\/2013\/05\/B-RC03-130509-RTF_J\u00fcgesheim-J\u00fcgesheimer_Impressionen-Fahrradst\u00e4nder-WEB.jpg\" rel=\"lightbox[1833]\"><img loading=\"lazy\" decoding=\"async\" class=\"size-thumbnail wp-image-1831\" alt=\"Fahrradst\u00e4nder in J\u00fcgesheim\" src=\"https:\/\/www.rc03-ilbenstadt.de\/wp-content\/uploads\/2013\/05\/B-RC03-130509-RTF_J\u00fcgesheim-J\u00fcgesheimer_Impressionen-Fahrradst\u00e4nder-WEB-150x150.jpg\" width=\"150\" height=\"150\" \/><\/a><\/td>\n<td><\/td>\n<td><\/td>\n<\/tr>\n<\/thead>\n<tbody>\n<tr>\n<td>Vorbereitungen zur Abfahrt<\/td>\n<td><\/td>\n<td>\u00a0&#8222;Fahrradstadt&#8220; J\u00fcgesheim<\/td>\n<td><\/td>\n<td><\/td>\n<\/tr>\n<\/tbody>\n<\/table>\n<p>Hier geht es zum Bericht des <a title=\"Bericht des RV &quot;Germania&quot; 1911 J\u00fcgesheim e.V. zur RTF am 09.05.2013\" href=\"http:\/\/www.rvg-juegesheim.de\/aktuelles\/2013\/05\/13\/rtf-am-09.05.2013\/\" target=\"_blank\">RV &#8222;Germania&#8220; 1911 J\u00fcgesheim e.V.<\/a><\/p>\n","protected":false},"excerpt":{"rendered":"<p>An Christi Himmelfahrt war uns das Wetter bei der RTF des RV &#8222;Germania&#8220; 1911 J\u00fcgesheim e.V. doch noch wohlgesonnen. Schon zum Start zeigte sich der Himmel bedrohlich bew\u00f6lkt. Doch entsch\u00e4digten sonnige Abschnitte in der sch\u00f6nen Landschaft der Rhein-Main-Ebene und des &hellip; <a href=\"https:\/\/www.rc03-ilbenstadt.de\/?p=1833\">Weiterlesen <span class=\"meta-nav\">&rarr;<\/span><\/a><\/p>\n","protected":false},"author":9,"featured_media":0,"comment_status":"closed","ping_status":"closed","sticky":false,"template":"","format":"standard","meta":{"_crdt_document":"","footnotes":""},"categories":[1],"tags":[],"class_list":["post-1833","post","type-post","status-publish","format-standard","hentry","category-allgemein"],"_links":{"self":[{"href":"https:\/\/www.rc03-ilbenstadt.de\/index.php?rest_route=\/wp\/v2\/posts\/1833","targetHints":{"allow":["GET"]}}],"collection":[{"href":"https:\/\/www.rc03-ilbenstadt.de\/index.php?rest_route=\/wp\/v2\/posts"}],"about":[{"href":"https:\/\/www.rc03-ilbenstadt.de\/index.php?rest_route=\/wp\/v2\/types\/post"}],"author":[{"embeddable":true,"href":"https:\/\/www.rc03-ilbenstadt.de\/index.php?rest_route=\/wp\/v2\/users\/9"}],"replies":[{"embeddable":true,"href":"https:\/\/www.rc03-ilbenstadt.de\/index.php?rest_route=%2Fwp%2Fv2%2Fcomments&post=1833"}],"version-history":[{"count":0,"href":"https:\/\/www.rc03-ilbenstadt.de\/index.php?rest_route=\/wp\/v2\/posts\/1833\/revisions"}],"wp:attachment":[{"href":"https:\/\/www.rc03-ilbenstadt.de\/index.php?rest_route=%2Fwp%2Fv2%2Fmedia&parent=1833"}],"wp:term":[{"taxonomy":"category","embeddable":true,"href":"https:\/\/www.rc03-ilbenstadt.de\/index.php?rest_route=%2Fwp%2Fv2%2Fcategories&post=1833"},{"taxonomy":"post_tag","embeddable":true,"href":"https:\/\/www.rc03-ilbenstadt.de\/index.php?rest_route=%2Fwp%2Fv2%2Ftags&post=1833"}],"curies":[{"name":"wp","href":"https:\/\/api.w.org\/{rel}","templated":true}]}}