{"id":1870,"date":"2013-05-21T14:46:04","date_gmt":"2013-05-21T12:46:04","guid":{"rendered":"http:\/\/www.rc03-ilbenstadt.de\/?p=1870"},"modified":"2013-05-24T00:41:50","modified_gmt":"2013-05-23T22:41:50","slug":"nachtrag-zum-18-19-mai-2013-rtf-in-bimbach","status":"publish","type":"post","link":"https:\/\/www.rc03-ilbenstadt.de\/?p=1870","title":{"rendered":"Nachtrag zum 18.\/19. Mai 2013 &#8211; RTF in Bimbach"},"content":{"rendered":"<p>Mittlerweile liegen die ersten zusammenfassende Berichte von der Radtourenfahrt (RTF) und dem Radmarthon in Bimbach vor. So konnten die Veranstalter an beiden Tagen zusammen 5.119 Teilnehmerinnen und Teilnehmer an den verschiedenen Touren von 20 Kilometer bis 238 Kilometer L\u00e4nge begr\u00fc\u00dfen. Davon starteten allein 2.031 auf den Marathonstrecken von 171, 202 und 238 Kilometern. Das Radfahrwetter war am Sonntag ausgezeichnet. Auf allen Strecken hat die Firma JUMO mit Stammsitz in Fulda die gr\u00f6\u00dften Mannschaften gestellt. Wer an Bildern interessiert ist, sollte einen Blick in den Bericht der <a title=\"Bericht der Fuldaer Zeitung vom 19.095.2013 mit Bildergalerien\" href=\"http:\/\/www.fuldaerzeitung.de\/sport\/fuldaregion\/Fulda-Region-Rhoen-Radmarathon-wieder-ein-grosser-Erfolg;art132,731232\" target=\"_blank\">Fuldaer Zeitung<\/a> vom 19.05.2013\u00a0 werfen.<\/p>\n","protected":false},"excerpt":{"rendered":"<p>Mittlerweile liegen die ersten zusammenfassende Berichte von der Radtourenfahrt (RTF) und dem Radmarthon in Bimbach vor. So konnten die Veranstalter an beiden Tagen zusammen 5.119 Teilnehmerinnen und Teilnehmer an den verschiedenen Touren von 20 Kilometer bis 238 Kilometer L\u00e4nge begr\u00fc\u00dfen. &hellip; <a href=\"https:\/\/www.rc03-ilbenstadt.de\/?p=1870\">Weiterlesen <span class=\"meta-nav\">&rarr;<\/span><\/a><\/p>\n","protected":false},"author":9,"featured_media":0,"comment_status":"closed","ping_status":"closed","sticky":false,"template":"","format":"standard","meta":{"_crdt_document":"","footnotes":""},"categories":[1],"tags":[],"class_list":["post-1870","post","type-post","status-publish","format-standard","hentry","category-allgemein"],"_links":{"self":[{"href":"https:\/\/www.rc03-ilbenstadt.de\/index.php?rest_route=\/wp\/v2\/posts\/1870","targetHints":{"allow":["GET"]}}],"collection":[{"href":"https:\/\/www.rc03-ilbenstadt.de\/index.php?rest_route=\/wp\/v2\/posts"}],"about":[{"href":"https:\/\/www.rc03-ilbenstadt.de\/index.php?rest_route=\/wp\/v2\/types\/post"}],"author":[{"embeddable":true,"href":"https:\/\/www.rc03-ilbenstadt.de\/index.php?rest_route=\/wp\/v2\/users\/9"}],"replies":[{"embeddable":true,"href":"https:\/\/www.rc03-ilbenstadt.de\/index.php?rest_route=%2Fwp%2Fv2%2Fcomments&post=1870"}],"version-history":[{"count":0,"href":"https:\/\/www.rc03-ilbenstadt.de\/index.php?rest_route=\/wp\/v2\/posts\/1870\/revisions"}],"wp:attachment":[{"href":"https:\/\/www.rc03-ilbenstadt.de\/index.php?rest_route=%2Fwp%2Fv2%2Fmedia&parent=1870"}],"wp:term":[{"taxonomy":"category","embeddable":true,"href":"https:\/\/www.rc03-ilbenstadt.de\/index.php?rest_route=%2Fwp%2Fv2%2Fcategories&post=1870"},{"taxonomy":"post_tag","embeddable":true,"href":"https:\/\/www.rc03-ilbenstadt.de\/index.php?rest_route=%2Fwp%2Fv2%2Ftags&post=1870"}],"curies":[{"name":"wp","href":"https:\/\/api.w.org\/{rel}","templated":true}]}}