{"id":1874,"date":"2013-05-21T15:39:06","date_gmt":"2013-05-21T13:39:06","guid":{"rendered":"http:\/\/www.rc03-ilbenstadt.de\/?p=1874"},"modified":"2013-05-23T18:08:57","modified_gmt":"2013-05-23T16:08:57","slug":"radtourenfahrt-rtf-in-oppershofen-am-montag-dem-20-mai-2013","status":"publish","type":"post","link":"https:\/\/www.rc03-ilbenstadt.de\/?p=1874","title":{"rendered":"Radtourenfahrt (RTF) in Oppershofen am Montag, dem 20.Mai 2013"},"content":{"rendered":"<div id=\"attachment_1889\" style=\"width: 160px\" class=\"wp-caption alignleft\"><a href=\"https:\/\/www.rc03-ilbenstadt.de\/wp-content\/uploads\/2013\/05\/B-RC03-130520-RTF_Oppershofen-Pokal_mit_WS-WEB.jpg\" rel=\"lightbox[1874]\"><img loading=\"lazy\" decoding=\"async\" aria-describedby=\"caption-attachment-1889\" class=\"size-thumbnail wp-image-1889\" alt=\"RC 03 Ilbenstadt - 3. Platz in Oppershofen\" src=\"https:\/\/www.rc03-ilbenstadt.de\/wp-content\/uploads\/2013\/05\/B-RC03-130520-RTF_Oppershofen-Pokal_mit_WS-WEB-150x150.jpg\" width=\"150\" height=\"150\" \/><\/a><p id=\"caption-attachment-1889\" class=\"wp-caption-text\">Pokal und Erinnerungstasse zum 3. Platz<\/p><\/div>\n<p>Der Pfingstsonntag, ein toller Tag, den man einfach auf dem Rad verbringen musste! Bei einer lockeren Radtour, die unsere kleine Gruppe von See zu See in der Seenlandschaft unserer Wetterau f\u00fchrte, habe ich mir unverhofft den ersten Sonnenbrand der Saison eingefangen. Der Sonntag endete dann unerfreulich; eine Unwetterwarnung vor Regen sollte bis Pfingstmontag, 14:00 Uhr Bestand haben. Der erste Blick aus dem Fenster schien am Montagmorgen diese Prognose zu best\u00e4tigen. Dunkle Wolken und ein best\u00e4ndiger, frischer Wind verhie\u00dfen nichts Gutes. Wieder die lange Hose, \u00dcberschuhe, Armlinge und Regenjacke zum Fahrrad in den Kofferraum gepackt und das Ganze zum Start transportiert. Hier waren bereits<!--more--> die Teilnehmer des Radmarathons fr\u00fch im Regen gestartet, wenige RTF-Fahrerinnen und Fahrer bereiteten sich auf dem kalten, windigen aber niederschlagsfreien Parkplatz auf den Start vor.<br \/>\nAuf der Strecke machte sich der relativ starke Wind zun\u00e4chst angenehm im R\u00fccken bemerkbar. Der Himmel gab weiterhin ein bedrohliches Bild ab, die Temperaturen waren gegen\u00fcber dem Vortag um rund 10\u00b0 Celsius abgest\u00fcrzt und zwangen zu angemessener Kleidung, damit der W\u00e4rmehaushalt nicht negativ beeinflusst wurde. Die sanft h\u00fcgelige Wetterauer Landschaft mit ihren Raps-, Getreide-, R\u00fcben- und Maisfeldern hat auch bei diesen Lichtverh\u00e4ltnissen ihre Reize und begleitete so angenehm die Tour. Doch viele Starter haben dieses Farbspiel nicht genossen, denn mehr als 180 RTF-Fahrerinnen und Fahrer haben sich nicht der Herausforderung stellen wollen. Zum Ziel hin gab es dann vermehrt Gegenwind. Doch lie\u00df es sich gut fahren und gelegentlicher Windschutz am Stra\u00dfenrand durch Gel\u00e4ndeform, Geb\u00e4ude, B\u00e4ume und B\u00fcsche war auch willkommen.<\/p>\n<p>Die Tour zum 100-j\u00e4hrigen Vereinsjubil\u00e4um des RSV Oppershofen war gut organisiert, die Verpflegung auf der Strecke und die Ausschilderung stimmten. Schade, dass das Jubil\u00e4umswetter ausblieb und so die vielen angebotenen Strecken von 42, 70, 112 und 153 Kilometern\u00a0 wenig Zuspruch fanden.<\/p>\n<p>Am Start und Ziel f\u00fcllte sich jedoch gegen Mittag die Halle, da die Oppershofener dem Wetter zum Trotz ihre Jubil\u00e4umsfeierlichkeiten mit Blasmusik, Tanzdarbietungen der Festdamen und einem reichhaltigen Kaffee- und Kuchenbuffet fortsetzten. Auch sind die 70 Teilnehmer des Volksradfahrens, das als Orientierungsfahrt ausgestaltet war, wieder an der Halle eingetroffen.<\/p>\n<p>Wir haben mit 15 gestarteten Teilnehmern den 3. Platz erreicht. Auch wir beklagten wetterbedingte Verluste im Mannschaftskader. Den ersten Platz belegte der RV Germania Hungen mit 19 Startern, gefolgt von dem RV Germania Wanderlust Gambach mit 18 Teilnehmern.<\/p>\n<table align=\"left\">\n<tbody>\n<tr>\n<td><a href=\"https:\/\/www.rc03-ilbenstadt.de\/wp-content\/uploads\/2013\/05\/B-RC03-130520-RTF_Oppershofen-Mannschaftsfoto1a-WEB.jpg\" rel=\"lightbox[1874]\"><img loading=\"lazy\" decoding=\"async\" class=\"alignleft size-thumbnail wp-image-1885\" alt=\"RC 03 Ilbenstadt - Mannschaftsteile (1) im Ziel\" src=\"https:\/\/www.rc03-ilbenstadt.de\/wp-content\/uploads\/2013\/05\/B-RC03-130520-RTF_Oppershofen-Mannschaftsfoto1a-WEB-150x150.jpg\" width=\"150\" height=\"150\" \/><\/a><\/td>\n<td><a href=\"https:\/\/www.rc03-ilbenstadt.de\/wp-content\/uploads\/2013\/05\/B-RC03-130520-RTF_Oppershofen-Mannschaftsfoto2-St\u00e4rkung-WEB.jpg\" rel=\"lightbox[1874]\"><img loading=\"lazy\" decoding=\"async\" class=\"alignleft size-thumbnail wp-image-1886\" alt=\"RC 03 Ilbenstadt - Mannschaftsteile (2) im Ziel-St\u00e4rkung\" src=\"https:\/\/www.rc03-ilbenstadt.de\/wp-content\/uploads\/2013\/05\/B-RC03-130520-RTF_Oppershofen-Mannschaftsfoto2-St\u00e4rkung-WEB-150x150.jpg\" width=\"150\" height=\"150\" \/><\/a><\/td>\n<td><\/td>\n<\/tr>\n<tr>\n<td>Ilbenst\u00e4dter Treff im Ziel<\/td>\n<td>Die Verpflegung stimmt<\/td>\n<td><\/td>\n<\/tr>\n<tr>\n<td><a href=\"https:\/\/www.rc03-ilbenstadt.de\/wp-content\/uploads\/2013\/05\/B-RC03-130520-RTF_Oppershofen-Mannschaftsfoto3-Im_Gespr\u00e4ch-WEB.jpg\" rel=\"lightbox[1874]\"><img loading=\"lazy\" decoding=\"async\" class=\"alignleft size-thumbnail wp-image-1887\" alt=\"RC 03 Ilbenstadt - Mannschaftsteile (3) im Gespr\u00e4ch\" src=\"https:\/\/www.rc03-ilbenstadt.de\/wp-content\/uploads\/2013\/05\/B-RC03-130520-RTF_Oppershofen-Mannschaftsfoto3-Im_Gespr\u00e4ch-WEB-150x150.jpg\" width=\"150\" height=\"150\" \/><\/a><\/td>\n<td><a href=\"https:\/\/www.rc03-ilbenstadt.de\/wp-content\/uploads\/2013\/05\/B-RC03-130520-RTF_Oppershofen-Mannschaftsfoto4-Wegzehrung-WEB.jpg\" rel=\"lightbox[1874]\"><img loading=\"lazy\" decoding=\"async\" class=\"alignleft size-thumbnail wp-image-1888\" alt=\"RC 03 Ilbenstadt - Mannschaftsteile (4) im Ziel - Wegzehrung\" src=\"https:\/\/www.rc03-ilbenstadt.de\/wp-content\/uploads\/2013\/05\/B-RC03-130520-RTF_Oppershofen-Mannschaftsfoto4-Wegzehrung-WEB-150x150.jpg\" width=\"150\" height=\"150\" \/><\/a><\/td>\n<td><\/td>\n<\/tr>\n<tr>\n<td>Angeregte Gespr\u00e4che<\/td>\n<td>Die Wegzehrung wird angegriffen<\/td>\n<td><\/td>\n<\/tr>\n<tr>\n<td><a href=\"https:\/\/www.rc03-ilbenstadt.de\/wp-content\/uploads\/2013\/05\/B-RC03-130520-RTF_Oppershofen-Wetterauer_Impressionen1-WEB.jpg\" rel=\"lightbox[1874]\"><img loading=\"lazy\" decoding=\"async\" class=\"alignleft size-thumbnail wp-image-1891\" alt=\"Wetterau - Schaurig sch\u00f6n\" src=\"https:\/\/www.rc03-ilbenstadt.de\/wp-content\/uploads\/2013\/05\/B-RC03-130520-RTF_Oppershofen-Wetterauer_Impressionen1-WEB-150x150.jpg\" width=\"150\" height=\"150\" \/><\/a><\/td>\n<td><a href=\"https:\/\/www.rc03-ilbenstadt.de\/wp-content\/uploads\/2013\/05\/B-RC03-130520-RTF_Oppershofen-Wetterauer_Impressionen2-WEB.jpg\" rel=\"lightbox[1874]\"><img loading=\"lazy\" decoding=\"async\" class=\"alignleft size-thumbnail wp-image-1890\" alt=\"Wetterau - Der Himmel rei\u00dft gegen Mittag auf ...\" src=\"https:\/\/www.rc03-ilbenstadt.de\/wp-content\/uploads\/2013\/05\/B-RC03-130520-RTF_Oppershofen-Wetterauer_Impressionen2-WEB-150x150.jpg\" width=\"150\" height=\"150\" \/><\/a><\/td>\n<td><\/td>\n<\/tr>\n<tr>\n<td>Wetterauer Impressionen<\/td>\n<td>Gegen Mittag: Der Himmelrei\u00dft auf &#8230;<\/td>\n<td><\/td>\n<\/tr>\n<\/tbody>\n<\/table>\n","protected":false},"excerpt":{"rendered":"<p>Der Pfingstsonntag, ein toller Tag, den man einfach auf dem Rad verbringen musste! Bei einer lockeren Radtour, die unsere kleine Gruppe von See zu See in der Seenlandschaft unserer Wetterau f\u00fchrte, habe ich mir unverhofft den ersten Sonnenbrand der Saison &hellip; <a href=\"https:\/\/www.rc03-ilbenstadt.de\/?p=1874\">Weiterlesen <span class=\"meta-nav\">&rarr;<\/span><\/a><\/p>\n","protected":false},"author":9,"featured_media":0,"comment_status":"closed","ping_status":"closed","sticky":false,"template":"","format":"standard","meta":{"_crdt_document":"","footnotes":""},"categories":[1],"tags":[],"class_list":["post-1874","post","type-post","status-publish","format-standard","hentry","category-allgemein"],"_links":{"self":[{"href":"https:\/\/www.rc03-ilbenstadt.de\/index.php?rest_route=\/wp\/v2\/posts\/1874","targetHints":{"allow":["GET"]}}],"collection":[{"href":"https:\/\/www.rc03-ilbenstadt.de\/index.php?rest_route=\/wp\/v2\/posts"}],"about":[{"href":"https:\/\/www.rc03-ilbenstadt.de\/index.php?rest_route=\/wp\/v2\/types\/post"}],"author":[{"embeddable":true,"href":"https:\/\/www.rc03-ilbenstadt.de\/index.php?rest_route=\/wp\/v2\/users\/9"}],"replies":[{"embeddable":true,"href":"https:\/\/www.rc03-ilbenstadt.de\/index.php?rest_route=%2Fwp%2Fv2%2Fcomments&post=1874"}],"version-history":[{"count":0,"href":"https:\/\/www.rc03-ilbenstadt.de\/index.php?rest_route=\/wp\/v2\/posts\/1874\/revisions"}],"wp:attachment":[{"href":"https:\/\/www.rc03-ilbenstadt.de\/index.php?rest_route=%2Fwp%2Fv2%2Fmedia&parent=1874"}],"wp:term":[{"taxonomy":"category","embeddable":true,"href":"https:\/\/www.rc03-ilbenstadt.de\/index.php?rest_route=%2Fwp%2Fv2%2Fcategories&post=1874"},{"taxonomy":"post_tag","embeddable":true,"href":"https:\/\/www.rc03-ilbenstadt.de\/index.php?rest_route=%2Fwp%2Fv2%2Ftags&post=1874"}],"curies":[{"name":"wp","href":"https:\/\/api.w.org\/{rel}","templated":true}]}}