{"id":1900,"date":"2013-05-23T13:12:12","date_gmt":"2013-05-23T11:12:12","guid":{"rendered":"http:\/\/www.rc03-ilbenstadt.de\/?p=1900"},"modified":"2013-05-23T13:12:12","modified_gmt":"2013-05-23T11:12:12","slug":"nachtrag-zum-20-05-2013-rtf-in-oppershofen","status":"publish","type":"post","link":"https:\/\/www.rc03-ilbenstadt.de\/?p=1900","title":{"rendered":"Nachtrag zum 20.05.2013 &#8211; RTF in Oppershofen"},"content":{"rendered":"<p>Am 22. Mai hat die <a title=\"Bericht der Wetterauer Zeitung vom 22.05.2013\" href=\"http:\/\/www.wetterauer-zeitung.de\/Home\/Kreis\/Staedte-und-Gemeinden\/Rockenberg\/Artikel,-294-Radler-gehen-an-den-Start-_arid,421849_regid,3_puid,1_pageid,72.html#null\" target=\"_blank\">Wetterauer Zeitung<\/a> einen Bericht \u00fcber den &#8222;Tag des Radsports&#8220; in Oppershofen ver\u00f6ffentlicht, den sie auch in ihr Online-Portal eingestellt hat. Hier ist auch eine Bilderserie enthalten. Viel Spa\u00df bei der Lekt\u00fcre.<\/p>\n","protected":false},"excerpt":{"rendered":"<p>Am 22. Mai hat die Wetterauer Zeitung einen Bericht \u00fcber den &#8222;Tag des Radsports&#8220; in Oppershofen ver\u00f6ffentlicht, den sie auch in ihr Online-Portal eingestellt hat. Hier ist auch eine Bilderserie enthalten. Viel Spa\u00df bei der Lekt\u00fcre.<\/p>\n","protected":false},"author":9,"featured_media":0,"comment_status":"closed","ping_status":"closed","sticky":false,"template":"","format":"standard","meta":{"_crdt_document":"","footnotes":""},"categories":[1],"tags":[],"class_list":["post-1900","post","type-post","status-publish","format-standard","hentry","category-allgemein"],"_links":{"self":[{"href":"https:\/\/www.rc03-ilbenstadt.de\/index.php?rest_route=\/wp\/v2\/posts\/1900","targetHints":{"allow":["GET"]}}],"collection":[{"href":"https:\/\/www.rc03-ilbenstadt.de\/index.php?rest_route=\/wp\/v2\/posts"}],"about":[{"href":"https:\/\/www.rc03-ilbenstadt.de\/index.php?rest_route=\/wp\/v2\/types\/post"}],"author":[{"embeddable":true,"href":"https:\/\/www.rc03-ilbenstadt.de\/index.php?rest_route=\/wp\/v2\/users\/9"}],"replies":[{"embeddable":true,"href":"https:\/\/www.rc03-ilbenstadt.de\/index.php?rest_route=%2Fwp%2Fv2%2Fcomments&post=1900"}],"version-history":[{"count":0,"href":"https:\/\/www.rc03-ilbenstadt.de\/index.php?rest_route=\/wp\/v2\/posts\/1900\/revisions"}],"wp:attachment":[{"href":"https:\/\/www.rc03-ilbenstadt.de\/index.php?rest_route=%2Fwp%2Fv2%2Fmedia&parent=1900"}],"wp:term":[{"taxonomy":"category","embeddable":true,"href":"https:\/\/www.rc03-ilbenstadt.de\/index.php?rest_route=%2Fwp%2Fv2%2Fcategories&post=1900"},{"taxonomy":"post_tag","embeddable":true,"href":"https:\/\/www.rc03-ilbenstadt.de\/index.php?rest_route=%2Fwp%2Fv2%2Ftags&post=1900"}],"curies":[{"name":"wp","href":"https:\/\/api.w.org\/{rel}","templated":true}]}}