{"id":1908,"date":"2013-05-26T18:41:01","date_gmt":"2013-05-26T16:41:01","guid":{"rendered":"http:\/\/www.rc03-ilbenstadt.de\/?p=1908"},"modified":"2013-05-26T21:27:09","modified_gmt":"2013-05-26T19:27:09","slug":"radtourenfahrt-rtf-in-egelsbach-am-sonntag-dem-26-mai-2013","status":"publish","type":"post","link":"https:\/\/www.rc03-ilbenstadt.de\/?p=1908","title":{"rendered":"Radtourenfahrt (RTF) in Egelsbach am Sonntag, dem 26. Mai 2013"},"content":{"rendered":"<div id=\"attachment_1913\" style=\"width: 160px\" class=\"wp-caption alignleft\"><a href=\"https:\/\/www.rc03-ilbenstadt.de\/wp-content\/uploads\/2013\/05\/B-RC03-130526-RTF_MARSROTWEISS-Pokal-WEB.jpg\" rel=\"lightbox[1908]\"><img loading=\"lazy\" decoding=\"async\" aria-describedby=\"caption-attachment-1913\" class=\"size-thumbnail wp-image-1913\" alt=\"Der Siegerpokal\" src=\"https:\/\/www.rc03-ilbenstadt.de\/wp-content\/uploads\/2013\/05\/B-RC03-130526-RTF_MARSROTWEISS-Pokal-WEB-150x150.jpg\" width=\"150\" height=\"150\" \/><\/a><p id=\"caption-attachment-1913\" class=\"wp-caption-text\">Der Siegerpokal<\/p><\/div>\n<p>Rechtzeitig hat am Samstagabend der Dauerregen eingesetzt, der in Verbindung mit niedrigen Temperaturen &#8211; es begann so etwa bei 7\u00b0 Celsius &#8211; und Wind f\u00fcr ein Wetterszenario am Sonntag sorgte, bei dem jeder RTF-Veranstalter sich die Haare rauft. Am Start war alles sehr \u00fcbersichtlich und es sollte so bleiben.<\/p>\n<p>Der <a title=\"Homepage des RSC MARS-ROTWEISS\" href=\"http:\/\/www.mars-rotweiss.de\/\" target=\"_blank\">RSC MARS-ROTWEISS 1902 e.V. Frankfurt<\/a> hatte alle Vorbereitungen getroffen und drei Strecken mit 44, 72 und 119 Kilometer ausgeschildert. Diese f\u00fchrten<!--more--> die Teilnehmerschar in das hessische Ried, allein auf der 119 Kilometer-Strecke war von Seeheim-Jugenheim aus ein kleiner Schwenk in die ersten H\u00fcgel des Odenwaldes vorgesehen. Apropos Teilnehmerschar: Ganze 30 Radlerinnen und Radler haben sich am heutigen Tage in das nasse und kalte Abenteuer gest\u00fcrzt. Rechnet man noch die Sternfahrer aus dieser &#8222;Masse&#8220; heraus, waren die Strecken nicht \u00fcberm\u00e4\u00dfig frequentiert. Wenn die Kleidung radelgerecht optimal dem Wetter angepasst ist, hat die Tour, auch wenn das nicht alle nachvollziehen k\u00f6nnen, Spa\u00df gemacht. An einem kalten und verregneten Sonntagmorgen ist man als Radfahrer unbedr\u00e4ngt vom Stra\u00dfenverkehr unterwegs und kann so seinen Gedanken nachh\u00e4ngen oder die Natur beidseits der Stra\u00dfe in sich aufnehmen. In der flachen Landschaft des hessischen Riedes, das insbesondere durch landwirtschaftlich genutzte Fl\u00e4chen, Feldraine mit Busch- und Baumbestand und Wiesenfl\u00e4chen gepr\u00e4gt ist, gibt es doch das ein oder andere zu sehen. Z\u00f6gernd bev\u00f6lkerten sich die Spargelfelder mit den Erntearbeitern, allesamt wasserdicht verpackt, die unter den meist mit Kunststoffplanen abgedeckten Feldern den Spargel stechen, der uns h\u00e4ufig in und au\u00dferhalb dieser Region in fliegenden Verkaufsst\u00e4nden am Stra\u00dfenrand angeboten wird. Den auf das Laub prasselnde Regen, den speziellen Geruch in W\u00e4ldern w\u00e4hrend des Regens z\u00e4hle ich auch zu den sch\u00f6nen Seiten eines Regentages. Vor Erzhausen f\u00fchrte die Stra\u00dfe unweit des Steinrodsees vorbei. Man konnte den Eindruck gewinnen, dass der See die Stra\u00dfe schon teilweise erobert hat; doch von solchen Szenarien sind wir weit entfernt, k\u00e4mpfte hier nur das Regenwasser um eine Abfluss vom Asphalt. Unweit von Egelsbach war links neben der Stra\u00dfe ein Turnier der Springreiterei. Zahlreiche Reiterinnen und Reiter bewegten die Pferde, um sich f\u00fcr den Wettbewerb vorzubereiten. Dann war Egelsbach wieder erreicht. Nach einer kurzen Walddurchfahrt ging es am alten Startplatz am Flughafen Egelsbach vorbei zum B\u00fcrgerhaus. Der geneigte Leser kann unschwer erkennen, dass ich meinen Gedanken, die 119 Kilometer-Tour anzugehen, heute doch nicht in die Tat umgesetzt habe.<\/p>\n<p>Am Ziel traf dann immer wieder einmal eine Radlerin, ein Radler ein. Ausnahmslos zeigte die nasse und verschmutzte Bekleidung an, dass es sich hier um Aktive handelte. Insgesamt signaliserte die Radlergemeinde doch eine Zufriedenheit, einige Stunden auf dem Rad verbracht zu haben. Sicher sind Sonnenschein und h\u00f6here Temperaturen f\u00fcr eine Radtour Wohlf\u00fchlfaktoren, doch welch ein Verlust an sportlicher Bet\u00e4tigung, an Natur- und Kulturerleben, an Gemeinschaft, wenn man den Start vom Wetter abh\u00e4ngig macht. Bisher h\u00e4tte das zu umfangreichen Einschr\u00e4nkungen gef\u00fchrt!<\/p>\n<p>Der Vorsitzende des RSC MARS-ROTWEISS, Stefan Wiedekind, nahm den Teilnehmereinbruch sportlich. Man muss auch mal mit einer schlecht besuchten Veranstaltung leben k\u00f6nnen, wenn die Jahre zuvor allesamt mit gutem Besuch abgeschlossen werden konnten. Von Seiten der Koordinatoren im HRV sollte man sich \u00fcberlegen, ob es sinnvoll ist, in einer Region mehrere Veranstaltungen parallel ablaufen zu lassen. So lud heute der RV Wenigumstadt zu seiner Bayrisch-Hessischen Grenzfahrt und der Velociped-Club 1899 Darmstadt zu seiner Starkenburg-RTF ein. Auch bei gutem Wetter ist eine Veranstaltungsh\u00e4ufung ein limitierender Faktor in den Teilnehmerzahlen.<\/p>\n<p>Im Wettbewerb der Vereinsmannschaften im BDR konnten wir mit 6 gestarteten Teilnehmen den ersten Platz, der RV Nieder-Weisel und der VC Frankfurt mit jeweils 4 Startern den zweiten und den\u00a0dritten Platz belegen.<\/p>\n<p>An Fronleichnam, dem 30. Mai 2013, nehmen wir an der Radtourenfahrt des <a title=\"Homepage und Ausschreibung des RV Anspach\" href=\"http:\/\/rv-anspach.de\/index.php\/rtf-2013\" target=\"_blank\">RV &#8222;Vorw\u00e4rts&#8220; Anspach<\/a> in Neu Anspach teil. Am Sonntag geht es dann zur 22. Erlenbacher Radtourenfahrt der <a title=\"Homepage mit Ausschreibung der TSG 1888 Nieder-Erlenbach\" href=\"http:\/\/www.tsg-1888.de\/\" target=\"_blank\">TSG 1888 Nieder-Erlenbach.<\/a><\/p>\n<p>Wir bleiben in Bewegung!<\/p>\n<table>\n<tbody>\n<tr>\n<td><a href=\"https:\/\/www.rc03-ilbenstadt.de\/wp-content\/uploads\/2013\/05\/B-RC03-130526-RTF_MARSROTWEISS-Wilhelm-WEB.jpg\" rel=\"lightbox[1908]\"><img loading=\"lazy\" decoding=\"async\" class=\"alignleft size-thumbnail wp-image-1914\" alt=\"Im Ziel - Eine angenehme Tour dank guter Bekleidung\" src=\"https:\/\/www.rc03-ilbenstadt.de\/wp-content\/uploads\/2013\/05\/B-RC03-130526-RTF_MARSROTWEISS-Wilhelm-WEB-150x150.jpg\" width=\"150\" height=\"150\" \/><\/a><\/td>\n<td><\/td>\n<td><a href=\"https:\/\/www.rc03-ilbenstadt.de\/wp-content\/uploads\/2013\/05\/B-RC03-130526-RTF_MARSROTWEISS-Dieter-WEB.jpg\" rel=\"lightbox[1908]\"><img loading=\"lazy\" decoding=\"async\" class=\"alignleft size-thumbnail wp-image-1912\" alt=\"Im Ziel - Kalte H\u00e4nde, hungrig, aber fr\u00f6hlich!\" src=\"https:\/\/www.rc03-ilbenstadt.de\/wp-content\/uploads\/2013\/05\/B-RC03-130526-RTF_MARSROTWEISS-Dieter-WEB-150x150.jpg\" width=\"150\" height=\"150\" \/><\/a><\/td>\n<\/tr>\n<tr>\n<td>Geschafft, die Regen-<br \/>\nkleidung hielt auch durch!<\/td>\n<td><\/td>\n<td>Vor der Heimfahrt &#8211; Kalte<br \/>\nH\u00e4nde aber guter Dinge!<\/td>\n<\/tr>\n<\/tbody>\n<\/table>\n<p>&nbsp;<\/p>\n<p>&nbsp;<\/p>\n","protected":false},"excerpt":{"rendered":"<p>Rechtzeitig hat am Samstagabend der Dauerregen eingesetzt, der in Verbindung mit niedrigen Temperaturen &#8211; es begann so etwa bei 7\u00b0 Celsius &#8211; und Wind f\u00fcr ein Wetterszenario am Sonntag sorgte, bei dem jeder RTF-Veranstalter sich die Haare rauft. Am Start &hellip; <a href=\"https:\/\/www.rc03-ilbenstadt.de\/?p=1908\">Weiterlesen <span class=\"meta-nav\">&rarr;<\/span><\/a><\/p>\n","protected":false},"author":9,"featured_media":0,"comment_status":"closed","ping_status":"closed","sticky":false,"template":"","format":"standard","meta":{"_crdt_document":"","footnotes":""},"categories":[1],"tags":[],"class_list":["post-1908","post","type-post","status-publish","format-standard","hentry","category-allgemein"],"_links":{"self":[{"href":"https:\/\/www.rc03-ilbenstadt.de\/index.php?rest_route=\/wp\/v2\/posts\/1908","targetHints":{"allow":["GET"]}}],"collection":[{"href":"https:\/\/www.rc03-ilbenstadt.de\/index.php?rest_route=\/wp\/v2\/posts"}],"about":[{"href":"https:\/\/www.rc03-ilbenstadt.de\/index.php?rest_route=\/wp\/v2\/types\/post"}],"author":[{"embeddable":true,"href":"https:\/\/www.rc03-ilbenstadt.de\/index.php?rest_route=\/wp\/v2\/users\/9"}],"replies":[{"embeddable":true,"href":"https:\/\/www.rc03-ilbenstadt.de\/index.php?rest_route=%2Fwp%2Fv2%2Fcomments&post=1908"}],"version-history":[{"count":0,"href":"https:\/\/www.rc03-ilbenstadt.de\/index.php?rest_route=\/wp\/v2\/posts\/1908\/revisions"}],"wp:attachment":[{"href":"https:\/\/www.rc03-ilbenstadt.de\/index.php?rest_route=%2Fwp%2Fv2%2Fmedia&parent=1908"}],"wp:term":[{"taxonomy":"category","embeddable":true,"href":"https:\/\/www.rc03-ilbenstadt.de\/index.php?rest_route=%2Fwp%2Fv2%2Fcategories&post=1908"},{"taxonomy":"post_tag","embeddable":true,"href":"https:\/\/www.rc03-ilbenstadt.de\/index.php?rest_route=%2Fwp%2Fv2%2Ftags&post=1908"}],"curies":[{"name":"wp","href":"https:\/\/api.w.org\/{rel}","templated":true}]}}