{"id":1952,"date":"2013-06-18T12:15:25","date_gmt":"2013-06-18T10:15:25","guid":{"rendered":"http:\/\/www.rc03-ilbenstadt.de\/?p=1952"},"modified":"2013-06-18T12:39:05","modified_gmt":"2013-06-18T10:39:05","slug":"grillfest-am-samstag-dem-15-juni-2013","status":"publish","type":"post","link":"https:\/\/www.rc03-ilbenstadt.de\/?p=1952","title":{"rendered":"Grillfest am Samstag, dem 15. Juni 2013"},"content":{"rendered":"<div id=\"attachment_1965\" style=\"width: 160px\" class=\"wp-caption alignleft\"><a href=\"https:\/\/www.rc03-ilbenstadt.de\/wp-content\/uploads\/2013\/06\/B-RC03-Grillfest-130515-22-G\u00e4ste_im_Zelt-WEB.jpg\" rel=\"lightbox[1952]\"><img loading=\"lazy\" decoding=\"async\" aria-describedby=\"caption-attachment-1965\" class=\"size-thumbnail wp-image-1965\" alt=\"B-RC03-Grillfest-130515-22-G\u00e4ste_im_Zelt-WEB\" src=\"https:\/\/www.rc03-ilbenstadt.de\/wp-content\/uploads\/2013\/06\/B-RC03-Grillfest-130515-22-G\u00e4ste_im_Zelt-WEB-150x150.jpg\" width=\"150\" height=\"150\" \/><\/a><p id=\"caption-attachment-1965\" class=\"wp-caption-text\">Das Fest beginnt<\/p><\/div>\n<p>Der Rc 03 Ilbenstadt hatte an diesem Samstag wieder zu dem j\u00e4hrlichen Grillfest am Angelteich in Ilbenstadt geladen. Der fr\u00fche Start des Festes gegen 13:00 Uhr wurde gut angenommen und es fand sich schnell eine Gemeinschaft rund um den Grill ein, an dem unser zweiter Vorsitzender, Peter Volk, professionell W\u00fcrste und Leberk\u00e4se auflegte und diese mit optimalen Br\u00e4unungsgraden an die Frau und den Mann brachte. Zu dem hei\u00dfen Grillgut konnte aus einer Vielzahl <!--more-->von bunten und schmackhaften Salaten ausgew\u00e4hlt werden, die von unseren Frauen in Abstimmung mit Christine Volk zubreitet worden waren. Abgerundet wurde der kulinarische Genuss mit Kaffee und Kuchen, aber auch mit k\u00fchlen Getr\u00e4nken. So verlebten wir einen sch\u00f6nen Nachmittag am Angelteich mit angenehmen Temperaturen und einem teilweise lebhaften Wind. Insgesamt konnten wir rund 60 Helfer, Mitglieder und Freunde mit ihren Partnern begr\u00fc\u00dfen.<\/p>\n<p>Das Grillfest ist eine Gelegenheit, bei dem sich aktive und passive Mitglieder des Vereins treffen und austauschen. Insbesondere sagen wir auch bei dieser Gelegenheit Danke an alle unsere Helfer bei den vielen Vereinsveranstaltungen. Dies sind insbesondere unsere arbeitsintensiven Radtourenveranstaltungen im Fr\u00fchjahr, der &#8222;<a title=\"Herbst-RTF 2013 &quot;Rund um Ilbenstadt&quot;\" href=\"https:\/\/www.rc03-ilbenstadt.de\/?page_id=283\" target=\"_blank\">Wetterau-Vogelsberg-Rundfahrt<\/a>&#8220; am 24.03.2013 und im Herbst mit der Tour &#8222;<a title=\"Herbst-RTF 2013 &quot;Rund um Ilbenstadt&quot;\" href=\"https:\/\/www.rc03-ilbenstadt.de\/?page_id=328http:\/\/\" target=\"_blank\">Rund um Ilbenstadt<\/a>&#8220; am 08.09.2013. Hier ben\u00f6tigen wir sehr viele H\u00e4nde, um eine Organisation zu stemmen, die eine Tour mit mehreren hundert Teilnehmerinnen und Teilnehmern erfordert. Die Teilnehmerzahlen sind stark wetterabh\u00e4ngig. W\u00e4hrend wir im letzten Fr\u00fchjahr bei \u00fcberraschend sehr gutem Wetter 950 Starterinnen und Starter begr\u00fc\u00dfen konnten, war in diesem Jahr bei nasskalter Witterung die 250 nicht zu \u00fcberschreiten. Trotzdem waren wir auf das Mittel von 400 &#8211; 600 Teilnehmern vorbereitet. Die organisatorischen Vorbereitungen rund um Start und Ziel, sowie Kalkulation und notwendigen Eink\u00e4ufe lasten vorwiegend auf den Schultern von Peter Volk und seinen Helfern. Die sportliche Seite, die schon im Vorjahr mit der Anmeldung der Strecken beim Verband beginnt und sich \u00fcber Ausschreibung, Werbung, Streckenauswahl, Ausschilderung, Besetzung der Kontrollstellen, Streckenservice, Abwicklung des formellen Teils am Start und Ziel bis hin zur Siegerehrung fortsetzt, wird von unserem Fachwart Werner Gundlach und seinen Helfern abgewickelt. Bei den angebotenen Strecken von 42, 75, 114 Kilometern, die im Herbst noch von der 156 Kilometer-Strecke und der Trimmtour erg\u00e4nzt werden, erschlie\u00dft sich der hohe personelle Aufwand. Doch m\u00fcssen alle Teile gut verzahnt sein, damit das Ganze gelingt. Dies beginnt mit der Startkartenausgabe, die\u00a0 fl\u00fcssig und ohne gro\u00dfen R\u00fcckstau abgewickelt werden muss, bis zur Versorgung mit Kaffee, Kuchen und einem kleinen Imbiss. Letzteres ist f\u00fcr viele das erste Fr\u00fchst\u00fcck, wenn sie kurz vor 07:00 Uhr am Start sind. Auch bei der Zielankunft muss die Abwicklung gesichert sein und die kulinarische Seite, die f\u00fcr die Sportlerinnen und Sportler nach einer stundenlangen Ausdauerleistung nicht ohne Bedeutung ist, muss auf den Ansturm vorbereitet sein.<\/p>\n<p>F\u00fcr diese Arbeit, die f\u00fcr viele auch einen langen zeitlichen Vorlauf hat und hohe pers\u00f6nliche Belastungen mit sich bringt, sagen wir Danke und freuen uns, dass unser Grillfest bei sch\u00f6nem Wetter einen guten Zuspruch gefunden hat und ein reger Austausch innerhalb des Vereins zu beobachten war.<\/p>\n<p>Noch ein Wort zu unserer Fr\u00fchjahrstour:<br \/>\nDurch die schon angesprochene geringe Beteiligung war die Veranstaltung kein finanzieller Erfolg. Wir konnten gerade so eine kleine schwarze Zahl schreiben. Doch darf man diese Veranstaltungen nicht alleine unter dem finanziellen Aspekt sehen. Die sportliche Seite ist hier im Vordergrund. Wir geben im Breitensport mit diesen Rundfahrten vielen Sportlerinnen und Sportlern die Gelegenheit, ihren Sport auszu\u00fcben und nehmen unsererseits auch die Angebote anderer Radfahrvereine jede Woche an. Davon lebt der Sportbetrieb. Hoffen wir, dass in Zukunft das gute Radfahrwetter \u00fcberwiegt und auf Teilnehmerseite bei schlechterem Wetter auch die Z\u00e4hne zusammengebissen werden, damit die Organisation der Radsportveranstaltungen insgesamt gew\u00fcrdigt und motiviert wird. Auch eine Regenfahrt hat ihre Reize &#8230;<\/p>\n<p>Einige Impressionen vom Grillfest:<\/p>\n<table>\n<tbody>\n<tr>\n<td><a href=\"https:\/\/www.rc03-ilbenstadt.de\/wp-content\/uploads\/2013\/06\/B-RC03-Grillfest-130515-04-Ersten_G\u00e4ste-WEB.jpg\" rel=\"lightbox[1952]\"><img loading=\"lazy\" decoding=\"async\" class=\"alignleft size-thumbnail wp-image-1962\" alt=\"B-RC03-Grillfest-130515-04-Ersten_G\u00e4ste-WEB\" src=\"https:\/\/www.rc03-ilbenstadt.de\/wp-content\/uploads\/2013\/06\/B-RC03-Grillfest-130515-04-Ersten_G\u00e4ste-WEB-150x150.jpg\" width=\"150\" height=\"150\" \/><\/a><\/td>\n<td><\/td>\n<td><a href=\"https:\/\/www.rc03-ilbenstadt.de\/wp-content\/uploads\/2013\/06\/B-RC03-Grillfest-130515-09-Vorbereitungen_am_Grill-WEB.jpg\" rel=\"lightbox[1952]\"><img loading=\"lazy\" decoding=\"async\" class=\"alignleft size-thumbnail wp-image-1963\" alt=\"B-RC03-Grillfest-130515-09-Vorbereitungen_am_Grill-WEB\" src=\"https:\/\/www.rc03-ilbenstadt.de\/wp-content\/uploads\/2013\/06\/B-RC03-Grillfest-130515-09-Vorbereitungen_am_Grill-WEB-150x150.jpg\" width=\"150\" height=\"150\" \/><\/a><\/td>\n<td><\/td>\n<td><a href=\"https:\/\/www.rc03-ilbenstadt.de\/wp-content\/uploads\/2013\/06\/B-RC03-Grillfest-130515-11-Ankunft_per_Rad-WEB.jpg\" rel=\"lightbox[1952]\"><img loading=\"lazy\" decoding=\"async\" class=\"alignleft size-thumbnail wp-image-1964\" alt=\"B-RC03-Grillfest-130515-11-Ankunft_per_Rad-WEB\" src=\"https:\/\/www.rc03-ilbenstadt.de\/wp-content\/uploads\/2013\/06\/B-RC03-Grillfest-130515-11-Ankunft_per_Rad-WEB-150x150.jpg\" width=\"150\" height=\"150\" \/><\/a><\/td>\n<\/tr>\n<tr>\n<td>Die ersten G\u00e4ste<\/td>\n<td><\/td>\n<td>Der Grillmeister<\/td>\n<td><\/td>\n<td>Anreise per Rad<\/td>\n<\/tr>\n<tr>\n<td><a href=\"https:\/\/www.rc03-ilbenstadt.de\/wp-content\/uploads\/2013\/06\/B-RC03-Grillfest-130515-22-G\u00e4ste_im_Zelt-WEB.jpg\" rel=\"lightbox[1952]\"><img loading=\"lazy\" decoding=\"async\" class=\"alignleft size-thumbnail wp-image-1965\" alt=\"B-RC03-Grillfest-130515-22-G\u00e4ste_im_Zelt-WEB\" src=\"https:\/\/www.rc03-ilbenstadt.de\/wp-content\/uploads\/2013\/06\/B-RC03-Grillfest-130515-22-G\u00e4ste_im_Zelt-WEB-150x150.jpg\" width=\"150\" height=\"150\" \/><\/a><\/td>\n<td><\/td>\n<td><a href=\"https:\/\/www.rc03-ilbenstadt.de\/wp-content\/uploads\/2013\/06\/B-RC03-Grillfest-150515-25-G\u00e4ste_unter_Vorbau-WEB.jpg\" rel=\"lightbox[1952]\"><img loading=\"lazy\" decoding=\"async\" class=\"alignleft size-thumbnail wp-image-1968\" alt=\"B-RC03-Grillfest-150515-25-G\u00e4ste_unter_Vorbau-WEB\" src=\"https:\/\/www.rc03-ilbenstadt.de\/wp-content\/uploads\/2013\/06\/B-RC03-Grillfest-150515-25-G\u00e4ste_unter_Vorbau-WEB-150x150.jpg\" width=\"150\" height=\"150\" \/><\/a><\/td>\n<td><\/td>\n<td><a href=\"https:\/\/www.rc03-ilbenstadt.de\/wp-content\/uploads\/2013\/06\/B-RC03-Grillfest-130513-15-Natur_am_Angelteich-WEB.jpg\" rel=\"lightbox[1952]\"><img loading=\"lazy\" decoding=\"async\" class=\"alignleft size-thumbnail wp-image-1961\" alt=\"B-RC03-Grillfest-130513-15-Natur_am_Angelteich-WEB\" src=\"https:\/\/www.rc03-ilbenstadt.de\/wp-content\/uploads\/2013\/06\/B-RC03-Grillfest-130513-15-Natur_am_Angelteich-WEB-150x150.jpg\" width=\"150\" height=\"150\" \/><\/a><\/td>\n<\/tr>\n<tr>\n<td>Unsere G\u00e4ste<\/td>\n<td><\/td>\n<td><\/td>\n<td><\/td>\n<td>Natur am Angelteich<\/td>\n<\/tr>\n<tr>\n<td><a href=\"https:\/\/www.rc03-ilbenstadt.de\/wp-content\/uploads\/2013\/06\/B-RC03-Grillfest-130515-34-Fahrradexperten-WEB.jpg\" rel=\"lightbox[1952]\"><img loading=\"lazy\" decoding=\"async\" class=\"alignleft size-thumbnail wp-image-1966\" alt=\"B-RC03-Grillfest-130515-34-Fahrradexperten-WEB\" src=\"https:\/\/www.rc03-ilbenstadt.de\/wp-content\/uploads\/2013\/06\/B-RC03-Grillfest-130515-34-Fahrradexperten-WEB-150x150.jpg\" width=\"150\" height=\"150\" \/><\/a><\/td>\n<td><\/td>\n<td><a href=\"https:\/\/www.rc03-ilbenstadt.de\/wp-content\/uploads\/2013\/06\/B-RC03-Grillfest-130515-39-Abbau-WEB.jpg\" rel=\"lightbox[1952]\"><img loading=\"lazy\" decoding=\"async\" class=\"alignleft size-thumbnail wp-image-1967\" alt=\"B-RC03-Grillfest-130515-39-Abbau-WEB\" src=\"https:\/\/www.rc03-ilbenstadt.de\/wp-content\/uploads\/2013\/06\/B-RC03-Grillfest-130515-39-Abbau-WEB-150x150.jpg\" width=\"150\" height=\"150\" \/><\/a><\/td>\n<td><\/td>\n<td><\/td>\n<\/tr>\n<tr>\n<td>Experten unter sich<\/td>\n<td><\/td>\n<td>Der Abbau<\/td>\n<td><\/td>\n<td><\/td>\n<\/tr>\n<\/tbody>\n<\/table>\n","protected":false},"excerpt":{"rendered":"<p>Der Rc 03 Ilbenstadt hatte an diesem Samstag wieder zu dem j\u00e4hrlichen Grillfest am Angelteich in Ilbenstadt geladen. Der fr\u00fche Start des Festes gegen 13:00 Uhr wurde gut angenommen und es fand sich schnell eine Gemeinschaft rund um den Grill &hellip; <a href=\"https:\/\/www.rc03-ilbenstadt.de\/?p=1952\">Weiterlesen <span class=\"meta-nav\">&rarr;<\/span><\/a><\/p>\n","protected":false},"author":9,"featured_media":0,"comment_status":"closed","ping_status":"closed","sticky":false,"template":"","format":"standard","meta":{"_crdt_document":"","footnotes":""},"categories":[1],"tags":[],"class_list":["post-1952","post","type-post","status-publish","format-standard","hentry","category-allgemein"],"_links":{"self":[{"href":"https:\/\/www.rc03-ilbenstadt.de\/index.php?rest_route=\/wp\/v2\/posts\/1952","targetHints":{"allow":["GET"]}}],"collection":[{"href":"https:\/\/www.rc03-ilbenstadt.de\/index.php?rest_route=\/wp\/v2\/posts"}],"about":[{"href":"https:\/\/www.rc03-ilbenstadt.de\/index.php?rest_route=\/wp\/v2\/types\/post"}],"author":[{"embeddable":true,"href":"https:\/\/www.rc03-ilbenstadt.de\/index.php?rest_route=\/wp\/v2\/users\/9"}],"replies":[{"embeddable":true,"href":"https:\/\/www.rc03-ilbenstadt.de\/index.php?rest_route=%2Fwp%2Fv2%2Fcomments&post=1952"}],"version-history":[{"count":0,"href":"https:\/\/www.rc03-ilbenstadt.de\/index.php?rest_route=\/wp\/v2\/posts\/1952\/revisions"}],"wp:attachment":[{"href":"https:\/\/www.rc03-ilbenstadt.de\/index.php?rest_route=%2Fwp%2Fv2%2Fmedia&parent=1952"}],"wp:term":[{"taxonomy":"category","embeddable":true,"href":"https:\/\/www.rc03-ilbenstadt.de\/index.php?rest_route=%2Fwp%2Fv2%2Fcategories&post=1952"},{"taxonomy":"post_tag","embeddable":true,"href":"https:\/\/www.rc03-ilbenstadt.de\/index.php?rest_route=%2Fwp%2Fv2%2Ftags&post=1952"}],"curies":[{"name":"wp","href":"https:\/\/api.w.org\/{rel}","templated":true}]}}