{"id":1981,"date":"2013-05-31T14:21:07","date_gmt":"2013-05-31T12:21:07","guid":{"rendered":"http:\/\/www.rc03-ilbenstadt.de\/?p=1981"},"modified":"2013-06-18T14:44:03","modified_gmt":"2013-06-18T12:44:03","slug":"radtourenfahrt-rtf-in-neu-anspach-am-donnerstag-dem-30-mai-2013","status":"publish","type":"post","link":"https:\/\/www.rc03-ilbenstadt.de\/?p=1981","title":{"rendered":"Radtourenfahrt (RTF) in Neu-Anspach am Donnerstag, dem 30. Mai 2013"},"content":{"rendered":"<div id=\"attachment_1926\" style=\"width: 160px\" class=\"wp-caption alignleft\"><a href=\"https:\/\/www.rc03-ilbenstadt.de\/wp-content\/uploads\/2013\/05\/B-RC03-130530-RTF_Neu-Amspach-Pokal-WEB.jpg\" rel=\"lightbox[1981]\"><img loading=\"lazy\" decoding=\"async\" aria-describedby=\"caption-attachment-1926\" class=\"size-thumbnail wp-image-1926\" alt=\"RTF Neu-Anspach - Pokal f\u00fcr den 3. Platz\" src=\"https:\/\/www.rc03-ilbenstadt.de\/wp-content\/uploads\/2013\/05\/B-RC03-130530-RTF_Neu-Amspach-Pokal-WEB-150x150.jpg\" width=\"150\" height=\"150\" \/><\/a><p id=\"caption-attachment-1926\" class=\"wp-caption-text\">Der 3. Platz<\/p><\/div>\n<p>An Fronleichnam haben wir in Neu Anspach bei sch\u00f6nem Radfahrwetter endlich mal entspannt in die Pedale getreten. Fast f\u00fcr die ganze Republik war schlechtes, ja sogar Unwetter angesagt. Wir haben im Gegensatz zu vielen Landesteilen im Osten und im S\u00fcden viel Gl\u00fcck gehabt, denn uns hat der Regen \u00fcberwiegend nicht getroffen.Es war sehr frisch in den Morgenstunden, so dass mehrheitlich etwas w\u00e4rmere Bekleidung bevorzugt wurde. Doch nach den ersten H\u00fcgeln <!--more-->war schon hier und da zu sehen, dass Regenjacken wieder in die R\u00fcckentaschen verschwanden. Die sonnigen Abschnitte wurden mehr, obwohl sich die dunkle und hier und da auch bedrohliche Bew\u00f6lkung immer noch im Hintergrund zeigte. Doch Sorgen \u00fcber einen Regenschauer mussten wir uns nicht machen und konnten so eine sch\u00f6ne Tour durch die H\u00fcgel des Taunus genie\u00dfen. Da es st\u00e4ndig rauf und runter ging, immerhin waren wir in einem deutschen Mittelgebirge unterwegs, hatte die Strrecke auch so einige Anspr\u00fcche an die Kondition. Wer sich hier in der Streckenwahl vertan hat oder die eigene Leistungsf\u00e4higkeit falsch eingesch\u00e4tzt hatte, war sicherlich auf den letzten Kilometern nicht mehr ganz so spritzig. Doch die Zufriedenheit am Ziel, diese sch\u00f6ne Strecke bew\u00e4ltigt zu haben, ist sicher mit jedem H\u00f6henmeter gewachsen.<br \/>\nAm Ziel war denn auch viel Betrieb. Wir konnten im Freien sitzen und dabei auch einiges f\u00fcr das leibliche Wohl tun. Der RV Anspach hatte vorgesorgt und hat kurzfristig die Kalkulation an das sich zum Guten \u00e4ndernden Wetters angepasst, so dass hier kein Engpass entstand.<\/p>\n<p>520 Starterinnen und Starter hatten den Weg nach Neu Anspach gefunden. Wir sind mit einer 18-k\u00f6pfigen Mannschaft angetreten. Mit unserer Mannschaft von 16 Starterinnen und Startern &#8211; einige haben sich wohl durch die pessimistische Wettervorhersage abschrecken lassen &#8211; haben wir noch den dritten Platz hinter Hattersheim mit 20 und Hungen mit 19 Teilnehmern erreicht. Den vierten und f\u00fcnften Platz besetzten Ober-M\u00f6rlen (15 Teilnehmer) und die Sandhasen aus W\u00f6lfersheim (13 Teilnehmer). Mit diesem Ergebnis haben wir den Wanderpokal an dem RC Hattersheim \u00fcberlassen m\u00fcssen. Schauen wir mal, ob wir ihn 2014 wieder erringen k\u00f6nnen.<\/p>\n<p>Impressionen aus dem Taunus:<\/p>\n<table>\n<tbody>\n<tr>\n<td><a href=\"https:\/\/www.rc03-ilbenstadt.de\/wp-content\/uploads\/2013\/05\/B-RC03-130530-RTF_Neu-Amspach-Impressionen2-WEB.jpg\" rel=\"lightbox[1981]\"><img loading=\"lazy\" decoding=\"async\" class=\"alignleft size-thumbnail wp-image-1927\" alt=\"Neu-Anspach - Impressionen mit Blauanteilen\" src=\"https:\/\/www.rc03-ilbenstadt.de\/wp-content\/uploads\/2013\/05\/B-RC03-130530-RTF_Neu-Amspach-Impressionen2-WEB-150x150.jpg\" width=\"150\" height=\"150\" \/><\/a><\/td>\n<td><\/td>\n<td><a href=\"https:\/\/www.rc03-ilbenstadt.de\/wp-content\/uploads\/2013\/05\/B-RC03-130530-RTF_Neu-Amspach-Impressionen1-WEB.jpg\" rel=\"lightbox[1981]\"><img loading=\"lazy\" decoding=\"async\" class=\"alignleft size-thumbnail wp-image-1928\" alt=\"Neu-Anspach - Impressionen\" src=\"https:\/\/www.rc03-ilbenstadt.de\/wp-content\/uploads\/2013\/05\/B-RC03-130530-RTF_Neu-Amspach-Impressionen1-WEB-150x150.jpg\" width=\"150\" height=\"150\" \/><\/a><\/td>\n<\/tr>\n<\/tbody>\n<\/table>\n<p>&nbsp;<\/p>\n<p>&nbsp;<\/p>\n<p>&nbsp;<\/p>\n","protected":false},"excerpt":{"rendered":"<p>An Fronleichnam haben wir in Neu Anspach bei sch\u00f6nem Radfahrwetter endlich mal entspannt in die Pedale getreten. Fast f\u00fcr die ganze Republik war schlechtes, ja sogar Unwetter angesagt. Wir haben im Gegensatz zu vielen Landesteilen im Osten und im S\u00fcden &hellip; <a href=\"https:\/\/www.rc03-ilbenstadt.de\/?p=1981\">Weiterlesen <span class=\"meta-nav\">&rarr;<\/span><\/a><\/p>\n","protected":false},"author":9,"featured_media":0,"comment_status":"closed","ping_status":"closed","sticky":false,"template":"","format":"standard","meta":{"_crdt_document":"","footnotes":""},"categories":[1],"tags":[],"class_list":["post-1981","post","type-post","status-publish","format-standard","hentry","category-allgemein"],"_links":{"self":[{"href":"https:\/\/www.rc03-ilbenstadt.de\/index.php?rest_route=\/wp\/v2\/posts\/1981","targetHints":{"allow":["GET"]}}],"collection":[{"href":"https:\/\/www.rc03-ilbenstadt.de\/index.php?rest_route=\/wp\/v2\/posts"}],"about":[{"href":"https:\/\/www.rc03-ilbenstadt.de\/index.php?rest_route=\/wp\/v2\/types\/post"}],"author":[{"embeddable":true,"href":"https:\/\/www.rc03-ilbenstadt.de\/index.php?rest_route=\/wp\/v2\/users\/9"}],"replies":[{"embeddable":true,"href":"https:\/\/www.rc03-ilbenstadt.de\/index.php?rest_route=%2Fwp%2Fv2%2Fcomments&post=1981"}],"version-history":[{"count":0,"href":"https:\/\/www.rc03-ilbenstadt.de\/index.php?rest_route=\/wp\/v2\/posts\/1981\/revisions"}],"wp:attachment":[{"href":"https:\/\/www.rc03-ilbenstadt.de\/index.php?rest_route=%2Fwp%2Fv2%2Fmedia&parent=1981"}],"wp:term":[{"taxonomy":"category","embeddable":true,"href":"https:\/\/www.rc03-ilbenstadt.de\/index.php?rest_route=%2Fwp%2Fv2%2Fcategories&post=1981"},{"taxonomy":"post_tag","embeddable":true,"href":"https:\/\/www.rc03-ilbenstadt.de\/index.php?rest_route=%2Fwp%2Fv2%2Ftags&post=1981"}],"curies":[{"name":"wp","href":"https:\/\/api.w.org\/{rel}","templated":true}]}}