{"id":1985,"date":"2013-06-03T14:51:09","date_gmt":"2013-06-03T12:51:09","guid":{"rendered":"http:\/\/www.rc03-ilbenstadt.de\/?p=1985"},"modified":"2013-06-20T18:52:39","modified_gmt":"2013-06-20T16:52:39","slug":"radtourenfahrt-in-nieder-erlenbach-am-sonntag-dem-02-juni-2013","status":"publish","type":"post","link":"https:\/\/www.rc03-ilbenstadt.de\/?p=1985","title":{"rendered":"Radtourenfahrt (RTF) in Nieder-Erlenbach am Sonntag, dem 02. Juni 2013"},"content":{"rendered":"<p>In Nieder-Erlenbach konnten wir mit unserer 28-k\u00f6pfigen Mannschaft den ersten Platz erringen; ein Heimspiel f\u00fcr uns. Auf den Pl\u00e4tzen folgten\u00a0 Hungen (16 Teilnehmer), die SKG Frankfurt (16 Teilnehmer), Germania Nieder-Weisel (12 Teilnehmer), die Sandhasen W\u00f6lfersheim (11 Teilnehmer) und schlie\u00dflich mit 9 Teilnehmern Offenbach-B\u00fcrgel.<br \/>\nEin sch\u00f6ner Erfolg f\u00fcr uns. Sehr angenehm war das Wetter, das uns bei Sonnenschein durch die Wetterau f\u00fchrte. Die Strecke zeigte, dass auch hier einige H\u00f6henmeter eingebaut waren und <!--more-->als zus\u00e4tzliche Herausforderung kam der doch recht kr\u00e4ftige Wind, den wir Gott sei Dank selten \u00fcber lange Distanzen frontal \u00fcberwinden mussten. Meist war er als Seitenwind sp\u00fcrbar und forderte auch einige Aufmerksamkeit von uns ab, wenn er am Ende von Gel\u00e4ndeeinschnitten, Geb\u00e4uden und Baum- und Buschreihen mit voller Kraft uns in die Seite fuhr. Der ein oder andere Schlenker war da schon drin.\u00a0 Trotzdem haben wir die Tour genossen und am Ziel sa\u00dfen wir noch in einer gr\u00f6\u00dferen Gruppe zusammen und konnten die letzten Touren Revue passieren lassen.<\/p>\n<p>Am n\u00e4chsten Sonntag werden wir beim RV &#8222;Fahr-Wohl 1906&#8220; Hoch-Weisel antreten und erwarten eine sch\u00f6ne Tour duch die Wetterau und das Solmser Land.<\/p>\n","protected":false},"excerpt":{"rendered":"<p>In Nieder-Erlenbach konnten wir mit unserer 28-k\u00f6pfigen Mannschaft den ersten Platz erringen; ein Heimspiel f\u00fcr uns. Auf den Pl\u00e4tzen folgten\u00a0 Hungen (16 Teilnehmer), die SKG Frankfurt (16 Teilnehmer), Germania Nieder-Weisel (12 Teilnehmer), die Sandhasen W\u00f6lfersheim (11 Teilnehmer) und schlie\u00dflich mit &hellip; <a href=\"https:\/\/www.rc03-ilbenstadt.de\/?p=1985\">Weiterlesen <span class=\"meta-nav\">&rarr;<\/span><\/a><\/p>\n","protected":false},"author":9,"featured_media":0,"comment_status":"closed","ping_status":"closed","sticky":false,"template":"","format":"standard","meta":{"_crdt_document":"","footnotes":""},"categories":[1],"tags":[],"class_list":["post-1985","post","type-post","status-publish","format-standard","hentry","category-allgemein"],"_links":{"self":[{"href":"https:\/\/www.rc03-ilbenstadt.de\/index.php?rest_route=\/wp\/v2\/posts\/1985","targetHints":{"allow":["GET"]}}],"collection":[{"href":"https:\/\/www.rc03-ilbenstadt.de\/index.php?rest_route=\/wp\/v2\/posts"}],"about":[{"href":"https:\/\/www.rc03-ilbenstadt.de\/index.php?rest_route=\/wp\/v2\/types\/post"}],"author":[{"embeddable":true,"href":"https:\/\/www.rc03-ilbenstadt.de\/index.php?rest_route=\/wp\/v2\/users\/9"}],"replies":[{"embeddable":true,"href":"https:\/\/www.rc03-ilbenstadt.de\/index.php?rest_route=%2Fwp%2Fv2%2Fcomments&post=1985"}],"version-history":[{"count":0,"href":"https:\/\/www.rc03-ilbenstadt.de\/index.php?rest_route=\/wp\/v2\/posts\/1985\/revisions"}],"wp:attachment":[{"href":"https:\/\/www.rc03-ilbenstadt.de\/index.php?rest_route=%2Fwp%2Fv2%2Fmedia&parent=1985"}],"wp:term":[{"taxonomy":"category","embeddable":true,"href":"https:\/\/www.rc03-ilbenstadt.de\/index.php?rest_route=%2Fwp%2Fv2%2Fcategories&post=1985"},{"taxonomy":"post_tag","embeddable":true,"href":"https:\/\/www.rc03-ilbenstadt.de\/index.php?rest_route=%2Fwp%2Fv2%2Ftags&post=1985"}],"curies":[{"name":"wp","href":"https:\/\/api.w.org\/{rel}","templated":true}]}}