{"id":1990,"date":"2013-06-10T15:04:50","date_gmt":"2013-06-10T13:04:50","guid":{"rendered":"http:\/\/www.rc03-ilbenstadt.de\/?p=1990"},"modified":"2013-06-18T16:09:11","modified_gmt":"2013-06-18T14:09:11","slug":"radtourenfahrt-rtf-in-hoch-weisel-am-sonntag-dem-09-juni-2013","status":"publish","type":"post","link":"https:\/\/www.rc03-ilbenstadt.de\/?p=1990","title":{"rendered":"Radtourenfahrt (RTF) in Hoch-Weisel am Sonntag, dem 09. Juni 2013"},"content":{"rendered":"<div id=\"attachment_1991\" style=\"width: 160px\" class=\"wp-caption alignleft\"><a href=\"https:\/\/www.rc03-ilbenstadt.de\/wp-content\/uploads\/2013\/06\/B-RC03-130609-01-RTF_Hoch-Weisel-Siegerehrung-Grp-02-WEB.jpg\" rel=\"lightbox[1990]\"><img loading=\"lazy\" decoding=\"async\" aria-describedby=\"caption-attachment-1991\" class=\"size-thumbnail wp-image-1991\" alt=\"Siegerehrung mit Hannelore und Horst ZHiegler vom RC 03\" src=\"https:\/\/www.rc03-ilbenstadt.de\/wp-content\/uploads\/2013\/06\/B-RC03-130609-01-RTF_Hoch-Weisel-Siegerehrung-Grp-02-WEB-150x150.jpg\" width=\"150\" height=\"150\" \/><\/a><p id=\"caption-attachment-1991\" class=\"wp-caption-text\">Siegerehrung mit Hannelore und Horst Ziegler vom RC 03<\/p><\/div>\n<p>Am letzten Sonntag sind wir in Hoch-Weisel bis auf ein paar Gl\u00fcckliche, die sehr fr\u00fch gestartet sind und auch fr\u00fch wieder zur\u00fcck waren, doch etwas nass geworden. Dabei war mit leichtem Regen bis hin zu schweren Gewitterregen Abwechslung geboten. Unangenehm war da noch eher die rege Gewittert\u00e4tigkeit, die auch nicht ganz ungef\u00e4hrlich ist, wenn man im Freien und dann noch an exponierten Stellen unterwegs ist. Einige Blitzeinschl\u00e4ge gab es in Hessen zu verzeichnen. Insgesamt sind wir bei dieser Tour noch gut <!--more-->weggekommen, in anderen Regionen f\u00fchrte das Wetter zu erheblichen Beeintr\u00e4chtigungen mit \u00fcberschwemmten Stra\u00dfen, gefluteten Kellern und auch sehr vielen Flugausf\u00e4llen in Frankfurt. Auf der parallel angebotenen CTF hat dann auch der Veranstalter gegen Mittag wegen Unwetterwarnungen abbrechen m\u00fcssen. Die Fahrerinnen und Fahrer der RTF-Strecken blieben von einem Abbruch verschont, suchten jedoch unterwegs Bushaltestellen und andere Unterstellm\u00f6glichkeiten auf, wenn das Gewitter vern\u00fcnftigerweise die Weiterfahrt\u00a0 nicht ratsam erscheinen lie\u00df. Die Strecken waren gut ausgew\u00e4hlt. Nur in der Beschilderung w\u00e4re der ein oder andere zus\u00e4tzliche Richtungspfeil hilfreich gewesen. Dass wir alle Kontrollstellen angefahren sind und auch wieder das Ziel gefunden haben, zeigt, dass man auch mit weniger Richtungspfeilen zurecht kommt.<\/p>\n<p>Trotz des Wetters haben wir uns mit einer gro\u00dfen Mannschaft in Hoch-Weisel pr\u00e4sentieren k\u00f6nnen. Wir haben den ersten Platz erringen k\u00f6nnen. Dazu bekamen wir Pokal, Wanderpokal und einen kleinen Fre\u00dfkorb, dessen Inhalt an unserem Grillfest dem allgemeinen Verzehr anheim fallen wird. Folgende Ergebnisse wurden verzeichnet:<\/p>\n<p>1. Platz mit 23\/22 Startern RC 03 Ilbenstadt<br \/>\n2. Platz mit 19\/21 Startern RV Wanderlust Gambach<br \/>\n3. Platz mit \u00a0\u00a0\u00a0 17 Startern RV Germania Nieder-Weisel<br \/>\n4. Platz mit 11\/12 Startern RV Germania Hungen<br \/>\n5. Platz mit\u00a0\u00a0 3\/12 Startern RV Klein-Linden<br \/>\n6. Platz mit\u00a0\u00a0 8\/10 Startern Sandhasen W\u00f6lfersheim und der RSC Gr\u00fcnberg<br \/>\n7. Platz mit\u00a0\u00a0 6\/\u00a0 5 Startern Offenbach-B\u00fcrgel<\/p>\n<p>Es sind die gemeldeten und die tats\u00e4chlich gestarteten Fahrerinnen und Fahrer jeweils durch Schr\u00e4gstrich getrennt angegeben.<br \/>\n445 Teilnehmer waren in Hochweisel am Start, davon 287 bei der RTF- und 258 bei der CTF-Veranstaltung, die trotz der Wetterentwicklung und der Konkurrenzveranstaltung des Giro Hattersheim, den Weg nach Hoch-Weisel gefunden hatten.<\/p>\n<table>\n<tbody>\n<tr>\n<td><a href=\"https:\/\/www.rc03-ilbenstadt.de\/wp-content\/uploads\/2013\/06\/B-RC03-130609-01-RTF_Hoch-Weisel-Fahrr\u00e4der-WEB.jpg\" rel=\"lightbox[1990]\"><img loading=\"lazy\" decoding=\"async\" class=\"alignleft size-thumbnail wp-image-1993\" alt=\"B-RC03-130609-01-RTF_Hoch-Weisel-Fahrr\u00e4der-WEB\" src=\"https:\/\/www.rc03-ilbenstadt.de\/wp-content\/uploads\/2013\/06\/B-RC03-130609-01-RTF_Hoch-Weisel-Fahrr\u00e4der-WEB-150x150.jpg\" width=\"150\" height=\"150\" \/><\/a><\/td>\n<td><\/td>\n<td><a href=\"https:\/\/www.rc03-ilbenstadt.de\/wp-content\/uploads\/2013\/06\/B-RC03-130609-01-RTF_Hoch-Weisel-RC03_im_Ziel-04-WEB.jpg\" rel=\"lightbox[1990]\"><img loading=\"lazy\" decoding=\"async\" class=\"alignleft size-thumbnail wp-image-1992\" alt=\"B-RC03-130609-01-RTF_Hoch-Weisel-RC03_im_Ziel-04-WEB\" src=\"https:\/\/www.rc03-ilbenstadt.de\/wp-content\/uploads\/2013\/06\/B-RC03-130609-01-RTF_Hoch-Weisel-RC03_im_Ziel-04-WEB-150x150.jpg\" width=\"150\" height=\"150\" \/><\/a><\/td>\n<\/tr>\n<tr>\n<td>Fahrr\u00e4der am Ziel<\/td>\n<td><\/td>\n<td>Der RC 03 im Ziel<\/td>\n<\/tr>\n<\/tbody>\n<\/table>\n","protected":false},"excerpt":{"rendered":"<p>Am letzten Sonntag sind wir in Hoch-Weisel bis auf ein paar Gl\u00fcckliche, die sehr fr\u00fch gestartet sind und auch fr\u00fch wieder zur\u00fcck waren, doch etwas nass geworden. Dabei war mit leichtem Regen bis hin zu schweren Gewitterregen Abwechslung geboten. Unangenehm &hellip; <a href=\"https:\/\/www.rc03-ilbenstadt.de\/?p=1990\">Weiterlesen <span class=\"meta-nav\">&rarr;<\/span><\/a><\/p>\n","protected":false},"author":9,"featured_media":0,"comment_status":"closed","ping_status":"closed","sticky":false,"template":"","format":"standard","meta":{"_crdt_document":"","footnotes":""},"categories":[1],"tags":[],"class_list":["post-1990","post","type-post","status-publish","format-standard","hentry","category-allgemein"],"_links":{"self":[{"href":"https:\/\/www.rc03-ilbenstadt.de\/index.php?rest_route=\/wp\/v2\/posts\/1990","targetHints":{"allow":["GET"]}}],"collection":[{"href":"https:\/\/www.rc03-ilbenstadt.de\/index.php?rest_route=\/wp\/v2\/posts"}],"about":[{"href":"https:\/\/www.rc03-ilbenstadt.de\/index.php?rest_route=\/wp\/v2\/types\/post"}],"author":[{"embeddable":true,"href":"https:\/\/www.rc03-ilbenstadt.de\/index.php?rest_route=\/wp\/v2\/users\/9"}],"replies":[{"embeddable":true,"href":"https:\/\/www.rc03-ilbenstadt.de\/index.php?rest_route=%2Fwp%2Fv2%2Fcomments&post=1990"}],"version-history":[{"count":0,"href":"https:\/\/www.rc03-ilbenstadt.de\/index.php?rest_route=\/wp\/v2\/posts\/1990\/revisions"}],"wp:attachment":[{"href":"https:\/\/www.rc03-ilbenstadt.de\/index.php?rest_route=%2Fwp%2Fv2%2Fmedia&parent=1990"}],"wp:term":[{"taxonomy":"category","embeddable":true,"href":"https:\/\/www.rc03-ilbenstadt.de\/index.php?rest_route=%2Fwp%2Fv2%2Fcategories&post=1990"},{"taxonomy":"post_tag","embeddable":true,"href":"https:\/\/www.rc03-ilbenstadt.de\/index.php?rest_route=%2Fwp%2Fv2%2Ftags&post=1990"}],"curies":[{"name":"wp","href":"https:\/\/api.w.org\/{rel}","templated":true}]}}