{"id":1996,"date":"2013-06-17T16:10:06","date_gmt":"2013-06-17T14:10:06","guid":{"rendered":"http:\/\/www.rc03-ilbenstadt.de\/?p=1996"},"modified":"2013-06-20T18:52:15","modified_gmt":"2013-06-20T16:52:15","slug":"radtourenfahrt-in-lollar-am-sonntag-dem-16-06-2013","status":"publish","type":"post","link":"https:\/\/www.rc03-ilbenstadt.de\/?p=1996","title":{"rendered":"Radtourenfahrt (RTF) in Lollar am Sonntag, dem 16. Juni 2013 &#8211; Aktualisiert am 20. Juni 2013"},"content":{"rendered":"<div id=\"attachment_2012\" style=\"width: 160px\" class=\"wp-caption alignleft\"><a href=\"https:\/\/www.rc03-ilbenstadt.de\/wp-content\/uploads\/2013\/06\/B-RC03-130616-RC03_im_Ziel-WEB.jpg\" rel=\"lightbox[1996]\"><img loading=\"lazy\" decoding=\"async\" aria-describedby=\"caption-attachment-2012\" class=\"size-thumbnail wp-image-2012\" alt=\"B-RC03-130616-RC03_im_Ziel-WEB\" src=\"https:\/\/www.rc03-ilbenstadt.de\/wp-content\/uploads\/2013\/06\/B-RC03-130616-RC03_im_Ziel-WEB-150x150.jpg\" width=\"150\" height=\"150\" \/><\/a><p id=\"caption-attachment-2012\" class=\"wp-caption-text\">Der RC 03 im Ziel<\/p><\/div>\n<p>Heute hatten wir in Lollar gemeldet. Lollar ist n\u00f6rdlich von Gie\u00dfen gelegen und ist von der Anfahrt her, sei es im Sternfahrtmodus oder mit dem Kfz, nicht unbedingt ein Nahziel. Es hat sich aber gelohnt! Wir sind mit 1o Fahrerinnen und Fahrern plus einem Nachmelder angetreten. Angesichts anderer starker Mannschaften, wie Klein-Linden, die sich zus\u00e4tzlich noch mit den Delta Bikern und einem anderen Team verst\u00e4rkt hatten (30 Starter), Hungen, die im \u00fcberwiegend im <!--more-->Sternfahrtmodus geschlossen angefahren sind (25 Starter) und Nieder-Weisel, deren Mannschaftsst\u00e4rke bedeutend sein musste, aber vom Veranstalter nicht mehr genannt wurde, spielten wir bei der Pokalvergabe keine Rolle mehr. Bei meiner Ankunft, das Thermometer im Kfz zeigte 12\u00b0 Celsius, schien am Start die Sonne. Jacke und Armlinge lie\u00df ich spontan im Auto und ging auf die Strecke. Es war frisch, aber Sonneneinstrahlung und die ersten H\u00fcgel sollten, so meine Vorstellung, rasch eine Besserung bringen. Doch der Himmel zeigte sich fast durchgehend bew\u00f6lkt und es blieb frisch. Trotzdem ein angenehmes Radfahrwetter, wenn auch auf relativ niedrigen Niveau. Zun\u00e4chst war die Strecke in Richtung Gie\u00dfen wenig attraktiv, doch \u00e4nderte sich das schnell und es zeigte sich, dass im weiteren Gie\u00dfener Umland eine abwechslungsreiche, h\u00fcgelige Strecke ausgeschildert war, die im Wechsel auf verkehrsarmen Terrain Wiesen, Felder und W\u00e4lder durchquerte. Dabei fuhren wir durch viele kleine Ortschaften, deren Namen uns weniger gel\u00e4ufig sind, da wir nicht so oft in dieser Region unterwegs sind. Ausnahmslos war es auch hier des Morgens noch ziemlich ruhig. Offenbar befanden sich die meisten Bewohner noch in der Tiefschlafphase.<br \/>\nDieter, Lothar, Elvira und Klaus haben die 112 Kilometer-Strecke unter die R\u00e4der genommen und mussten 1015 H\u00f6henmeter bew\u00e4ltigen, w\u00e4hrend J\u00fcrgen, Erwin mit Ehefrau Marlene und ich mit der 74 Kilometer-Strecke und 659 H\u00f6henmetern zufrieden waren. Die H\u00f6henmeter zeigen, dass die Tour zwar h\u00fcglig, aber durchaus in den H\u00f6henmetern mit vielen anderen Radtourenfahrten vergleichbar ist.<br \/>\nAm Ziel zeigte sich dann auch die Sonne und es war angenehm noch einige Zeit im Freien zu sitzen und verlorene Kalorien wieder aufzuf\u00fcllen.<\/p>\n<p>Zum Schluss m\u00f6chte ich wieder einmal eine Lanze f\u00fcr den Start am Veranstaltungsort brechen und wider die Sternfahrten reden. Sicher ist der Kostendruck da und der Treibstoff f\u00fcr die Kraftfahrzeuge ist nicht g\u00fcnstig und die Umweltbilanz ist unausgeglichen. Trotzdem bringt man sich als Sportler um sch\u00f6ne Strecken, erschlie\u00dft sich kaum neue Landschaften und der Kontakt zu anderen leidet. Vielleicht sind Fahrgemeinschaften ein Kompromiss.<\/p>\n<p>Impressionen von der Strecke:<\/p>\n<table>\n<tbody>\n<tr>\n<td><a href=\"https:\/\/www.rc03-ilbenstadt.de\/wp-content\/uploads\/2013\/06\/B-RC03-130616-Streckenimpressionen-01-WEB.jpg\" rel=\"lightbox[1996]\"><img loading=\"lazy\" decoding=\"async\" class=\"alignleft size-thumbnail wp-image-1999\" alt=\"B-RC03-130616-Streckenimpressionen-01-WEB\" src=\"https:\/\/www.rc03-ilbenstadt.de\/wp-content\/uploads\/2013\/06\/B-RC03-130616-Streckenimpressionen-01-WEB-150x150.jpg\" width=\"150\" height=\"150\" \/><\/a><\/td>\n<td><\/td>\n<td><a href=\"https:\/\/www.rc03-ilbenstadt.de\/wp-content\/uploads\/2013\/06\/B-RC03-130616-Streckenimpressionen-06-WEB.jpg\" rel=\"lightbox[1996]\"><img loading=\"lazy\" decoding=\"async\" class=\"alignleft size-thumbnail wp-image-1998\" alt=\"B-RC03-130616-Streckenimpressionen-06-WEB\" src=\"https:\/\/www.rc03-ilbenstadt.de\/wp-content\/uploads\/2013\/06\/B-RC03-130616-Streckenimpressionen-06-WEB-150x150.jpg\" width=\"150\" height=\"150\" \/><\/a><\/td>\n<td><\/td>\n<td><a href=\"https:\/\/www.rc03-ilbenstadt.de\/wp-content\/uploads\/2013\/06\/B-RC03-130616-Streckenimpressionen-11-WEB.jpg\" rel=\"lightbox[1996]\"><img loading=\"lazy\" decoding=\"async\" class=\"alignleft size-thumbnail wp-image-1997\" alt=\"B-RC03-130616-Streckenimpressionen-11-WEB\" src=\"https:\/\/www.rc03-ilbenstadt.de\/wp-content\/uploads\/2013\/06\/B-RC03-130616-Streckenimpressionen-11-WEB-150x150.jpg\" width=\"150\" height=\"150\" \/><\/a><\/td>\n<\/tr>\n<\/tbody>\n<\/table>\n","protected":false},"excerpt":{"rendered":"<p>Heute hatten wir in Lollar gemeldet. Lollar ist n\u00f6rdlich von Gie\u00dfen gelegen und ist von der Anfahrt her, sei es im Sternfahrtmodus oder mit dem Kfz, nicht unbedingt ein Nahziel. Es hat sich aber gelohnt! Wir sind mit 1o Fahrerinnen &hellip; <a href=\"https:\/\/www.rc03-ilbenstadt.de\/?p=1996\">Weiterlesen <span class=\"meta-nav\">&rarr;<\/span><\/a><\/p>\n","protected":false},"author":9,"featured_media":0,"comment_status":"closed","ping_status":"closed","sticky":false,"template":"","format":"standard","meta":{"_crdt_document":"","footnotes":""},"categories":[1],"tags":[],"class_list":["post-1996","post","type-post","status-publish","format-standard","hentry","category-allgemein"],"_links":{"self":[{"href":"https:\/\/www.rc03-ilbenstadt.de\/index.php?rest_route=\/wp\/v2\/posts\/1996","targetHints":{"allow":["GET"]}}],"collection":[{"href":"https:\/\/www.rc03-ilbenstadt.de\/index.php?rest_route=\/wp\/v2\/posts"}],"about":[{"href":"https:\/\/www.rc03-ilbenstadt.de\/index.php?rest_route=\/wp\/v2\/types\/post"}],"author":[{"embeddable":true,"href":"https:\/\/www.rc03-ilbenstadt.de\/index.php?rest_route=\/wp\/v2\/users\/9"}],"replies":[{"embeddable":true,"href":"https:\/\/www.rc03-ilbenstadt.de\/index.php?rest_route=%2Fwp%2Fv2%2Fcomments&post=1996"}],"version-history":[{"count":0,"href":"https:\/\/www.rc03-ilbenstadt.de\/index.php?rest_route=\/wp\/v2\/posts\/1996\/revisions"}],"wp:attachment":[{"href":"https:\/\/www.rc03-ilbenstadt.de\/index.php?rest_route=%2Fwp%2Fv2%2Fmedia&parent=1996"}],"wp:term":[{"taxonomy":"category","embeddable":true,"href":"https:\/\/www.rc03-ilbenstadt.de\/index.php?rest_route=%2Fwp%2Fv2%2Fcategories&post=1996"},{"taxonomy":"post_tag","embeddable":true,"href":"https:\/\/www.rc03-ilbenstadt.de\/index.php?rest_route=%2Fwp%2Fv2%2Ftags&post=1996"}],"curies":[{"name":"wp","href":"https:\/\/api.w.org\/{rel}","templated":true}]}}