{"id":2022,"date":"2013-06-23T17:30:37","date_gmt":"2013-06-23T15:30:37","guid":{"rendered":"http:\/\/www.rc03-ilbenstadt.de\/?p=2022"},"modified":"2013-06-24T12:22:53","modified_gmt":"2013-06-24T10:22:53","slug":"radwanderung-zum-kloster-arnsburg-am-samstag-dem-22-juni-2013-bericht","status":"publish","type":"post","link":"https:\/\/www.rc03-ilbenstadt.de\/?p=2022","title":{"rendered":"Radwanderung zum Kloster Arnsburg am Samstag, dem 22. Juni 2013 &#8211; Bericht"},"content":{"rendered":"<div id=\"attachment_2064\" style=\"width: 160px\" class=\"wp-caption alignleft\"><a href=\"https:\/\/www.rc03-ilbenstadt.de\/wp-content\/uploads\/2013\/06\/B-RC03-RW-Kloster_Arnsburg-57-W\u00f6lfersheimer-See-Gruppenbild-Dl-WEB.jpg\" rel=\"lightbox[2022]\"><img loading=\"lazy\" decoding=\"async\" aria-describedby=\"caption-attachment-2064\" class=\"size-thumbnail wp-image-2064\" alt=\"Foto - Lutz Delling\" src=\"https:\/\/www.rc03-ilbenstadt.de\/wp-content\/uploads\/2013\/06\/B-RC03-RW-Kloster_Arnsburg-57-W\u00f6lfersheimer-See-Gruppenbild-Dl-WEB-150x150.jpg\" width=\"150\" height=\"150\" \/><\/a><p id=\"caption-attachment-2064\" class=\"wp-caption-text\">Rast am W\u00f6lfersheimer See<\/p><\/div>\n<p>Am Samstag f\u00fchrte der RC 03 Ilbenstadt eine Tagestour nach Kloster Arnsburg durch. Gestartet wurde am B\u00fcrgerhaus in Ilbenstadt. Die Fahrt ging\u00a0gem\u00fctlich\u00a0auf guten Radwegen und herrlichen Landschaften \u00fcber Melbach, die alte R\u00f6merstra\u00dfe und Muschenheim nach Arnsburg in die alte Klosterm\u00fchle. Hier wurden der Kriegsopferfriedhof und das Kloster besichtigt. Nach einem guten Mittagessen f\u00fchrte der R\u00fcckweg durch den Wald nach Bellersheim am Barbarasee vorbei zum W\u00f6lfersheimer See. Am See wurde eine Rast eigelegt. Danach ging es gem\u00fctlich nach Ilbenstadt zur\u00fcck. Die 70\u00a0Kilometer lange Strecke kam bei den Teilnehmern gut an und wurde sehr gelobt. Drei Teilnehmer hatten die k\u00fcrzere Variante mit rund 36 Kilometern ab dem Startort Melbach gew\u00e4hlt.<\/p>\n<p>Am 14. September f\u00fchrt der RC 03 Ilbenstadt die n\u00e4chste Tagestour zur Ronneburg durch. Hierzu sind wieder alle Interessenten eingeladen.<br \/>\nText: Lutz Delling<\/p>\n<p>Die Radtour in ausgew\u00e4hlten Bildern:<!--more--><\/p>\n<table>\n<tbody>\n<tr>\n<td><a href=\"https:\/\/www.rc03-ilbenstadt.de\/wp-content\/uploads\/2013\/06\/B-RC03-RW-Kloster_Arnsburg-01-Am_Start-WEB.jpg\" rel=\"lightbox[2022]\"><img loading=\"lazy\" decoding=\"async\" class=\"alignleft size-thumbnail wp-image-2036\" alt=\"B-RC03-RW-Kloster_Arnsburg-01-Am_Start-WEB\" src=\"https:\/\/www.rc03-ilbenstadt.de\/wp-content\/uploads\/2013\/06\/B-RC03-RW-Kloster_Arnsburg-01-Am_Start-WEB-150x150.jpg\" width=\"150\" height=\"150\" \/><\/a><\/td>\n<td><a href=\"https:\/\/www.rc03-ilbenstadt.de\/wp-content\/uploads\/2013\/06\/B-RC03-RW-Kloster_Arnsburg-03-Unterwegs_nach_Melbach-WEB.jpg\" rel=\"lightbox[2022]\"><img loading=\"lazy\" decoding=\"async\" class=\"alignleft size-thumbnail wp-image-2037\" alt=\"B-RC03-RW-Kloster_Arnsburg-03-Unterwegs_nach_Melbach-WEB\" src=\"https:\/\/www.rc03-ilbenstadt.de\/wp-content\/uploads\/2013\/06\/B-RC03-RW-Kloster_Arnsburg-03-Unterwegs_nach_Melbach-WEB-150x150.jpg\" width=\"150\" height=\"150\" \/><\/a><\/td>\n<td><a href=\"https:\/\/www.rc03-ilbenstadt.de\/wp-content\/uploads\/2013\/06\/B-RC03-RW-Kloster_Arnsburg-04-Landschaft_bei_Melbach-WEB.jpg\" rel=\"lightbox[2022]\"><img loading=\"lazy\" decoding=\"async\" class=\"alignleft size-thumbnail wp-image-2038\" alt=\"B-RC03-RW-Kloster_Arnsburg-04-Landschaft_bei_Melbach-WEB\" src=\"https:\/\/www.rc03-ilbenstadt.de\/wp-content\/uploads\/2013\/06\/B-RC03-RW-Kloster_Arnsburg-04-Landschaft_bei_Melbach-WEB-150x150.jpg\" width=\"150\" height=\"150\" \/><\/a><\/td>\n<\/tr>\n<tr>\n<td><a href=\"https:\/\/www.rc03-ilbenstadt.de\/wp-content\/uploads\/2013\/06\/B-RC03-RW-Kloster_Arnsburg-14-R\u00f6merstra\u00dfe+Radgruppe-WEB.jpg\" rel=\"lightbox[2022]\"><img loading=\"lazy\" decoding=\"async\" class=\"alignleft size-thumbnail wp-image-2039\" alt=\"B-RC03-RW-Kloster_Arnsburg-14-R\u00f6merstra\u00dfe+Radgruppe-WEB\" src=\"https:\/\/www.rc03-ilbenstadt.de\/wp-content\/uploads\/2013\/06\/B-RC03-RW-Kloster_Arnsburg-14-R\u00f6merstra\u00dfe+Radgruppe-WEB-150x150.jpg\" width=\"150\" height=\"150\" \/><\/a><\/td>\n<td><a href=\"https:\/\/www.rc03-ilbenstadt.de\/wp-content\/uploads\/2013\/06\/B-RC03-RW-Kloster_Arnsburg-18-R\u00f6merstra\u00dfe-Landschaft_Nordost-WEB.jpg\" rel=\"lightbox[2022]\"><img loading=\"lazy\" decoding=\"async\" class=\"alignleft size-thumbnail wp-image-2040\" alt=\"B-RC03-RW-Kloster_Arnsburg-18-R\u00f6merstra\u00dfe-Landschaft_Nordost-WEB\" src=\"https:\/\/www.rc03-ilbenstadt.de\/wp-content\/uploads\/2013\/06\/B-RC03-RW-Kloster_Arnsburg-18-R\u00f6merstra\u00dfe-Landschaft_Nordost-WEB-150x150.jpg\" width=\"150\" height=\"150\" \/><\/a><\/td>\n<td><a href=\"https:\/\/www.rc03-ilbenstadt.de\/wp-content\/uploads\/2013\/06\/B-RC03-RW-Kloster_Arnsburg-20-Radgruppe_vor_M\u00fcnzenberg-WEB.jpg\" rel=\"lightbox[2022]\"><img loading=\"lazy\" decoding=\"async\" class=\"alignleft size-thumbnail wp-image-2041\" alt=\"B-RC03-RW-Kloster_Arnsburg-20-Radgruppe_vor_M\u00fcnzenberg-WEB\" src=\"https:\/\/www.rc03-ilbenstadt.de\/wp-content\/uploads\/2013\/06\/B-RC03-RW-Kloster_Arnsburg-20-Radgruppe_vor_M\u00fcnzenberg-WEB-150x150.jpg\" width=\"150\" height=\"150\" \/><\/a><\/td>\n<\/tr>\n<tr>\n<td><a href=\"https:\/\/www.rc03-ilbenstadt.de\/wp-content\/uploads\/2013\/06\/B-RC03-RW-Kloster_Arnsburg-22-Radgrp_nach_Trais-M\u00fcnzenberg-Lichteinfall-WEB.jpg\" rel=\"lightbox[2022]\"><img loading=\"lazy\" decoding=\"async\" class=\"alignleft size-thumbnail wp-image-2042\" alt=\"B-RC03-RW-Kloster_Arnsburg-22-Radgrp_nach_Trais-M\u00fcnzenberg-Lichteinfall-WEB\" src=\"https:\/\/www.rc03-ilbenstadt.de\/wp-content\/uploads\/2013\/06\/B-RC03-RW-Kloster_Arnsburg-22-Radgrp_nach_Trais-M\u00fcnzenberg-Lichteinfall-WEB-150x150.jpg\" width=\"150\" height=\"150\" \/><\/a><\/td>\n<td><a href=\"https:\/\/www.rc03-ilbenstadt.de\/wp-content\/uploads\/2013\/06\/B-RC03-RW-Kloster_Arnsburg-25-Radgrp_nach_Trais-M\u00fcnzenberg-Lichteinfal-WEB.jpg\" rel=\"lightbox[2022]\"><img loading=\"lazy\" decoding=\"async\" class=\"alignleft size-thumbnail wp-image-2043\" alt=\"B-RC03-RW-Kloster_Arnsburg-25-Radgrp_nach_Trais-M\u00fcnzenberg-Lichteinfal-WEB\" src=\"https:\/\/www.rc03-ilbenstadt.de\/wp-content\/uploads\/2013\/06\/B-RC03-RW-Kloster_Arnsburg-25-Radgrp_nach_Trais-M\u00fcnzenberg-Lichteinfal-WEB-150x150.jpg\" width=\"150\" height=\"150\" \/><\/a><\/td>\n<td><a href=\"https:\/\/www.rc03-ilbenstadt.de\/wp-content\/uploads\/2013\/06\/B-RC03-RW-Kloster_Arnsburg-29-Wegweiser-WEB.jpg\" rel=\"lightbox[2022]\"><img loading=\"lazy\" decoding=\"async\" class=\"alignleft size-thumbnail wp-image-2044\" alt=\"B-RC03-RW-Kloster_Arnsburg-29-Wegweiser-WEB\" src=\"https:\/\/www.rc03-ilbenstadt.de\/wp-content\/uploads\/2013\/06\/B-RC03-RW-Kloster_Arnsburg-29-Wegweiser-WEB-150x150.jpg\" width=\"150\" height=\"150\" \/><\/a><\/td>\n<\/tr>\n<tr>\n<td><a href=\"https:\/\/www.rc03-ilbenstadt.de\/wp-content\/uploads\/2013\/06\/B-RC03-RW-Kloster_Arnsburg-30-Ankunft_in_Kloster-Arnsburg-WEB.jpg\" rel=\"lightbox[2022]\"><img loading=\"lazy\" decoding=\"async\" class=\"alignleft size-thumbnail wp-image-2045\" alt=\"B-RC03-RW-Kloster_Arnsburg-30-Ankunft_in_Kloster-Arnsburg-WEB\" src=\"https:\/\/www.rc03-ilbenstadt.de\/wp-content\/uploads\/2013\/06\/B-RC03-RW-Kloster_Arnsburg-30-Ankunft_in_Kloster-Arnsburg-WEB-150x150.jpg\" width=\"150\" height=\"150\" \/><\/a><\/td>\n<td><a href=\"https:\/\/www.rc03-ilbenstadt.de\/wp-content\/uploads\/2013\/06\/B-RC03-RW-Kloster_Arnsburg-31-Ankunft_in_Kloster-Arnsburg-WEB.jpg\" rel=\"lightbox[2022]\"><img loading=\"lazy\" decoding=\"async\" class=\"alignleft size-thumbnail wp-image-2046\" alt=\"B-RC03-RW-Kloster_Arnsburg-31-Ankunft_in_Kloster-Arnsburg-WEB\" src=\"https:\/\/www.rc03-ilbenstadt.de\/wp-content\/uploads\/2013\/06\/B-RC03-RW-Kloster_Arnsburg-31-Ankunft_in_Kloster-Arnsburg-WEB-150x150.jpg\" width=\"150\" height=\"150\" \/><\/a><\/td>\n<td><a href=\"https:\/\/www.rc03-ilbenstadt.de\/wp-content\/uploads\/2013\/06\/B-RC03-RW-Kloster_Arnsburg-34-Kloster-Arnsburg-Kriegsgr\u00e4ber-Bernd-WEB.jpg\" rel=\"lightbox[2022]\"><img loading=\"lazy\" decoding=\"async\" class=\"alignleft size-thumbnail wp-image-2047\" alt=\"B-RC03-RW-Kloster_Arnsburg-34-Kloster-Arnsburg-Kriegsgr\u00e4ber-Bernd-WEB\" src=\"https:\/\/www.rc03-ilbenstadt.de\/wp-content\/uploads\/2013\/06\/B-RC03-RW-Kloster_Arnsburg-34-Kloster-Arnsburg-Kriegsgr\u00e4ber-Bernd-WEB-150x150.jpg\" width=\"150\" height=\"150\" \/><\/a><\/td>\n<\/tr>\n<tr>\n<td><a href=\"https:\/\/www.rc03-ilbenstadt.de\/wp-content\/uploads\/2013\/06\/B-RC03-RW-Kloster_Arnsburg-35-Kloster-Arnsburg-Kriegsgr\u00e4ber-Brunnen-WEB.jpg\" rel=\"lightbox[2022]\"><img loading=\"lazy\" decoding=\"async\" class=\"alignleft size-thumbnail wp-image-2048\" alt=\"B-RC03-RW-Kloster_Arnsburg-35-Kloster-Arnsburg-Kriegsgr\u00e4ber-Brunnen-WEB\" src=\"https:\/\/www.rc03-ilbenstadt.de\/wp-content\/uploads\/2013\/06\/B-RC03-RW-Kloster_Arnsburg-35-Kloster-Arnsburg-Kriegsgr\u00e4ber-Brunnen-WEB-150x150.jpg\" width=\"150\" height=\"150\" \/><\/a><\/td>\n<td><a href=\"https:\/\/www.rc03-ilbenstadt.de\/wp-content\/uploads\/2013\/06\/B-RC03-RW-Kloster_Arnsburg-37-Kloster-Arnsburg-Kriegsgr\u00e4ber-Gedenkst\u00e4tte-WEB.jpg\" rel=\"lightbox[2022]\"><img loading=\"lazy\" decoding=\"async\" class=\"alignleft size-thumbnail wp-image-2049\" alt=\"B-RC03-RW-Kloster_Arnsburg-37-Kloster-Arnsburg-Kriegsgr\u00e4ber-Gedenkst\u00e4tte-WEB\" src=\"https:\/\/www.rc03-ilbenstadt.de\/wp-content\/uploads\/2013\/06\/B-RC03-RW-Kloster_Arnsburg-37-Kloster-Arnsburg-Kriegsgr\u00e4ber-Gedenkst\u00e4tte-WEB-150x150.jpg\" width=\"150\" height=\"150\" \/><\/a><\/td>\n<td><a href=\"https:\/\/www.rc03-ilbenstadt.de\/wp-content\/uploads\/2013\/06\/B-RC03-RW-Kloster_Arnsburg-38-Kloster-Arnsburg-Kriegsgr\u00e4ber-Kapellenblick-WEB.jpg\" rel=\"lightbox[2022]\"><img loading=\"lazy\" decoding=\"async\" class=\"alignleft size-thumbnail wp-image-2050\" alt=\"B-RC03-RW-Kloster_Arnsburg-38-Kloster-Arnsburg-Kriegsgr\u00e4ber-Kapellenblick-WEB\" src=\"https:\/\/www.rc03-ilbenstadt.de\/wp-content\/uploads\/2013\/06\/B-RC03-RW-Kloster_Arnsburg-38-Kloster-Arnsburg-Kriegsgr\u00e4ber-Kapellenblick-WEB-150x150.jpg\" width=\"150\" height=\"150\" \/><\/a><\/td>\n<\/tr>\n<tr>\n<td><a href=\"https:\/\/www.rc03-ilbenstadt.de\/wp-content\/uploads\/2013\/06\/B-RC03-RW-Kloster_Arnsburg-42-Klosterm\u00fchle-Radgrp-WEB.jpg\" rel=\"lightbox[2022]\"><img loading=\"lazy\" decoding=\"async\" class=\"alignleft size-thumbnail wp-image-2051\" alt=\"B-RC03-RW-Kloster_Arnsburg-42-Klosterm\u00fchle-Radgrp-WEB\" src=\"https:\/\/www.rc03-ilbenstadt.de\/wp-content\/uploads\/2013\/06\/B-RC03-RW-Kloster_Arnsburg-42-Klosterm\u00fchle-Radgrp-WEB-150x150.jpg\" width=\"150\" height=\"150\" \/><\/a><\/td>\n<td><a href=\"https:\/\/www.rc03-ilbenstadt.de\/wp-content\/uploads\/2013\/06\/B-RC03-RW-Kloster_Arnsburg-43-Klosterm\u00fchle-Radgrp-WEB.jpg\" rel=\"lightbox[2022]\"><img loading=\"lazy\" decoding=\"async\" class=\"alignleft size-thumbnail wp-image-2052\" alt=\"B-RC03-RW-Kloster_Arnsburg-43-Klosterm\u00fchle-Radgrp-WEB\" src=\"https:\/\/www.rc03-ilbenstadt.de\/wp-content\/uploads\/2013\/06\/B-RC03-RW-Kloster_Arnsburg-43-Klosterm\u00fchle-Radgrp-WEB-150x150.jpg\" width=\"150\" height=\"150\" \/><\/a><\/td>\n<td><a href=\"https:\/\/www.rc03-ilbenstadt.de\/wp-content\/uploads\/2013\/06\/B-RC03-RW-Kloster_Arnsburg-56-Klosterm\u00fchle-Radgrp-Dl-WEB.jpg\" rel=\"lightbox[2022]\"><img loading=\"lazy\" decoding=\"async\" class=\"alignleft size-thumbnail wp-image-2063\" alt=\"B-RC03-RW-Kloster_Arnsburg-56-Klosterm\u00fchle-Radgrp-Dl-WEB\" src=\"https:\/\/www.rc03-ilbenstadt.de\/wp-content\/uploads\/2013\/06\/B-RC03-RW-Kloster_Arnsburg-56-Klosterm\u00fchle-Radgrp-Dl-WEB-150x150.jpg\" width=\"150\" height=\"150\" \/><\/a><\/td>\n<\/tr>\n<tr>\n<td><a href=\"https:\/\/www.rc03-ilbenstadt.de\/wp-content\/uploads\/2013\/06\/B-RC03-RW-Kloster_Arnsburg-55-Klosterm\u00fchle-Radgrp-Dl-WEB.jpg\" rel=\"lightbox[2022]\"><img loading=\"lazy\" decoding=\"async\" class=\"alignleft size-thumbnail wp-image-2062\" alt=\"B-RC03-RW-Kloster_Arnsburg-55-Klosterm\u00fchle-Radgrp-Dl-WEB\" src=\"https:\/\/www.rc03-ilbenstadt.de\/wp-content\/uploads\/2013\/06\/B-RC03-RW-Kloster_Arnsburg-55-Klosterm\u00fchle-Radgrp-Dl-WEB-150x150.jpg\" width=\"150\" height=\"150\" \/><\/a><\/td>\n<td><a href=\"https:\/\/www.rc03-ilbenstadt.de\/wp-content\/uploads\/2013\/06\/B-RC03-RW-Kloster_Arnsburg-47-Kloster-Arnsburg-Abfahrt-WEB.jpg\" rel=\"lightbox[2022]\"><img loading=\"lazy\" decoding=\"async\" class=\"alignleft size-thumbnail wp-image-2053\" alt=\"B-RC03-RW-Kloster_Arnsburg-47-Kloster-Arnsburg-Abfahrt-WEB\" src=\"https:\/\/www.rc03-ilbenstadt.de\/wp-content\/uploads\/2013\/06\/B-RC03-RW-Kloster_Arnsburg-47-Kloster-Arnsburg-Abfahrt-WEB-150x150.jpg\" width=\"150\" height=\"150\" \/><\/a><\/td>\n<td><a href=\"https:\/\/www.rc03-ilbenstadt.de\/wp-content\/uploads\/2013\/06\/B-RC03-RW-Kloster_Arnsburg-49-Radgrp_im_Feld-WEB.jpg\" rel=\"lightbox[2022]\"><img loading=\"lazy\" decoding=\"async\" class=\"alignleft size-thumbnail wp-image-2054\" alt=\"B-RC03-RW-Kloster_Arnsburg-49-Radgrp_im_Feld-WEB\" src=\"https:\/\/www.rc03-ilbenstadt.de\/wp-content\/uploads\/2013\/06\/B-RC03-RW-Kloster_Arnsburg-49-Radgrp_im_Feld-WEB-150x150.jpg\" width=\"150\" height=\"150\" \/><\/a><\/td>\n<\/tr>\n<tr>\n<td><a href=\"https:\/\/www.rc03-ilbenstadt.de\/wp-content\/uploads\/2013\/06\/B-RC03-RW-Kloster_Arnsburg-50-Radgrp_am_W\u00f6lfersheimer_See-WEB.jpg\" rel=\"lightbox[2022]\"><img loading=\"lazy\" decoding=\"async\" class=\"alignleft size-thumbnail wp-image-2055\" alt=\"B-RC03-RW-Kloster_Arnsburg-50-Radgrp_am_W\u00f6lfersheimer_See-WEB\" src=\"https:\/\/www.rc03-ilbenstadt.de\/wp-content\/uploads\/2013\/06\/B-RC03-RW-Kloster_Arnsburg-50-Radgrp_am_W\u00f6lfersheimer_See-WEB-150x150.jpg\" width=\"150\" height=\"150\" \/><\/a><\/td>\n<td>\u00a0<a href=\"https:\/\/www.rc03-ilbenstadt.de\/wp-content\/uploads\/2013\/06\/B-RC03-RW-Kloster_Arnsburg-51-Radgrp_am_W\u00f6lfersheimer_See-WEB.jpg\" rel=\"lightbox[2022]\"><img loading=\"lazy\" decoding=\"async\" class=\"alignleft size-thumbnail wp-image-2056\" alt=\"B-RC03-RW-Kloster_Arnsburg-51-Radgrp_am_W\u00f6lfersheimer_See-WEB\" src=\"https:\/\/www.rc03-ilbenstadt.de\/wp-content\/uploads\/2013\/06\/B-RC03-RW-Kloster_Arnsburg-51-Radgrp_am_W\u00f6lfersheimer_See-WEB-150x150.jpg\" width=\"150\" height=\"150\" \/><\/a><\/td>\n<td>\u00a0<a href=\"https:\/\/www.rc03-ilbenstadt.de\/wp-content\/uploads\/2013\/06\/B-RC03-RW-Kloster_Arnsburg-54-Radgrp_am_W\u00f6lfersheimer_See-WEB.jpg\" rel=\"lightbox[2022]\"><img loading=\"lazy\" decoding=\"async\" class=\"alignleft size-thumbnail wp-image-2057\" alt=\"B-RC03-RW-Kloster_Arnsburg-54-Radgrp_am_W\u00f6lfersheimer_See-WEB\" src=\"https:\/\/www.rc03-ilbenstadt.de\/wp-content\/uploads\/2013\/06\/B-RC03-RW-Kloster_Arnsburg-54-Radgrp_am_W\u00f6lfersheimer_See-WEB-150x150.jpg\" width=\"150\" height=\"150\" \/><\/a><\/td>\n<\/tr>\n<\/tbody>\n<\/table>\n<p>Bildnachweis:<br \/>\nLutz Delling\/Wilhelm Schr\u00f6der<\/p>\n","protected":false},"excerpt":{"rendered":"<p>Am Samstag f\u00fchrte der RC 03 Ilbenstadt eine Tagestour nach Kloster Arnsburg durch. Gestartet wurde am B\u00fcrgerhaus in Ilbenstadt. Die Fahrt ging\u00a0gem\u00fctlich\u00a0auf guten Radwegen und herrlichen Landschaften \u00fcber Melbach, die alte R\u00f6merstra\u00dfe und Muschenheim nach Arnsburg in die alte Klosterm\u00fchle. &hellip; <a href=\"https:\/\/www.rc03-ilbenstadt.de\/?p=2022\">Weiterlesen <span class=\"meta-nav\">&rarr;<\/span><\/a><\/p>\n","protected":false},"author":9,"featured_media":0,"comment_status":"closed","ping_status":"closed","sticky":false,"template":"","format":"standard","meta":{"_crdt_document":"","footnotes":""},"categories":[1],"tags":[],"class_list":["post-2022","post","type-post","status-publish","format-standard","hentry","category-allgemein"],"_links":{"self":[{"href":"https:\/\/www.rc03-ilbenstadt.de\/index.php?rest_route=\/wp\/v2\/posts\/2022","targetHints":{"allow":["GET"]}}],"collection":[{"href":"https:\/\/www.rc03-ilbenstadt.de\/index.php?rest_route=\/wp\/v2\/posts"}],"about":[{"href":"https:\/\/www.rc03-ilbenstadt.de\/index.php?rest_route=\/wp\/v2\/types\/post"}],"author":[{"embeddable":true,"href":"https:\/\/www.rc03-ilbenstadt.de\/index.php?rest_route=\/wp\/v2\/users\/9"}],"replies":[{"embeddable":true,"href":"https:\/\/www.rc03-ilbenstadt.de\/index.php?rest_route=%2Fwp%2Fv2%2Fcomments&post=2022"}],"version-history":[{"count":0,"href":"https:\/\/www.rc03-ilbenstadt.de\/index.php?rest_route=\/wp\/v2\/posts\/2022\/revisions"}],"wp:attachment":[{"href":"https:\/\/www.rc03-ilbenstadt.de\/index.php?rest_route=%2Fwp%2Fv2%2Fmedia&parent=2022"}],"wp:term":[{"taxonomy":"category","embeddable":true,"href":"https:\/\/www.rc03-ilbenstadt.de\/index.php?rest_route=%2Fwp%2Fv2%2Fcategories&post=2022"},{"taxonomy":"post_tag","embeddable":true,"href":"https:\/\/www.rc03-ilbenstadt.de\/index.php?rest_route=%2Fwp%2Fv2%2Ftags&post=2022"}],"curies":[{"name":"wp","href":"https:\/\/api.w.org\/{rel}","templated":true}]}}