{"id":2026,"date":"2013-06-23T18:02:33","date_gmt":"2013-06-23T16:02:33","guid":{"rendered":"http:\/\/www.rc03-ilbenstadt.de\/?p=2026"},"modified":"2013-06-23T20:39:40","modified_gmt":"2013-06-23T18:39:40","slug":"radtourenfahrt-rtf-bei-der-skg-frankfurt-am-sonntag-dem-23-juni-2013","status":"publish","type":"post","link":"https:\/\/www.rc03-ilbenstadt.de\/?p=2026","title":{"rendered":"Radtourenfahrt (RTF) bei der SKG Frankfurt am Sonntag, dem 23. Juni 2013"},"content":{"rendered":"<div id=\"attachment_2031\" style=\"width: 160px\" class=\"wp-caption alignleft\"><a href=\"https:\/\/www.rc03-ilbenstadt.de\/wp-content\/uploads\/2013\/06\/B-RC03-130623-RTF_SKG-Frankfurt-02-Start+Ziel-Betrieb-WEB.jpg\" rel=\"lightbox[2026]\"><img loading=\"lazy\" decoding=\"async\" aria-describedby=\"caption-attachment-2031\" class=\"size-thumbnail wp-image-2031\" alt=\"B-RC03-130623-RTF_SKG-Frankfurt-02-Start+Ziel-Betrieb-WEB\" src=\"https:\/\/www.rc03-ilbenstadt.de\/wp-content\/uploads\/2013\/06\/B-RC03-130623-RTF_SKG-Frankfurt-02-Start+Ziel-Betrieb-WEB-150x150.jpg\" width=\"150\" height=\"150\" \/><\/a><p id=\"caption-attachment-2031\" class=\"wp-caption-text\">Start und Ziel<\/p><\/div>\n<p>Zur heutigen Radtourenfahrt (RTF) bei der SKG Frankfurt mit Start und Ziel in Frankfurt-Niederrad, Bezirkssportanlage Hahnstra\u00dfe, hatte der RC 03 Ilbenstadt wieder eine kleine Mannschaft gemeldet. Die Mannschaftsmitglieder waren \u00fcberwiegend im Sternfahrtmodus nach Frankfurt unterwegs. Hier hat der ein oder andere auf bekannten Strecken den ein oder anderen Regenschauer durchfahren, wobei es auf der Strecke bei einem guten Timing trocken<!--more--> geblieben ist.<br \/>\nDie RTF fand bei gutem Radfahrwetter statt. Ein \u00fcberwiegend bew\u00f6lkter Himmel war bei Temperaturen von 16\u00b0 bis 20\u00b0 Celsius unser Begleiter. Wenn die Sonne eine L\u00fccke erhaschte, war es sehr angenehm. Ein frischer Wind, der mit Geschwindigkeiten um die 25 km\/h aus S\u00fcdwest blies, war auf der \u00fcberwiegend flachen Strecke die Herausforderung. In der Gruppe eine gut l\u00f6sbare Aufgabe. Als Einzelfahrer kam man jedoch auch gut gegen den Wind an, da er nicht permanent frontal genommen werden musste und gro\u00dfe Streckenteile mit Seiten- oder R\u00fcckenwind Erleichterung beim Pedalieren brachten. Einige Kilometer vor Eppertshausen war die Stra\u00dfe nass. Hier musste ein Schauer kurz vor unserer Durchfahrt nieder gegangen sein. In Eppertshausen setzte ein leichter Regen an, der mit so wenigen Tropfen gefallen ist, so dass er den Namen Regen eigentlich nicht verdient hatte. Bis auf diese kurzen Episoden war keine Regengefahr mehr in (optimistischer) Sicht.<br \/>\nDie Strecke durch das hessische Ried war gut ausgeschildert. Die wechselnden Wolkenformationen, kurze sonnige Abschnitte und das Spiel des Windes auf den Feldern, mit B\u00fcschen und B\u00e4umen ergaben sch\u00f6ne Bilder, welche die bekannte Landschaft abwechslungsreich darboten und die Tour kurzweilig werden lie\u00dfen. Die Kontrollstellen waren \u00fcberdurchschnittlich gut mit Verpflegung ausgestattet. Zu den \u00fcblichen Bananen, \u00c4pfeln und Tee wurden Schmalz- und K\u00e4sebrote aber auch Rosinenkuchen gereicht. Auch an Start und Ziel war die Verpflegung an Kuchentheke und Grill reichlich, so dass hier die verlorenen Kalorien ersetzt und dazu ein kleiner Speicher angelegt werden konnte. Vor dem Sportheim sa\u00dfen wir gut unter B\u00e4umen, teilweise auch unter Pavillons, deren Standfestigkeit durch den Wind auf eine harte Probe gestellt wurde. Der Rahmen f\u00fcr einen geselligen Abschluss dieser Tour war gut und zur Mittagszeit fanden sich auch viele Sportlerinnen und Sportler am Ziel ein. Insgesamt haben rund 550 Sportlerinnen und Sportler den Weg nach Frankfurt gefunden.<br \/>\nDie SKG Frankfurt ehrte die siegreichen BDR-Vereine. Vorn lag der RV Hattersheim vor Edelweiss Frankfurt und Opel R\u00fcsselsheim. Es gab keine Pokale, daf\u00fcr Urkunden und Wein. Wir teilten uns mit anderen Vereinen die hinteren Pl\u00e4tze.<\/p>\n<p>Am n\u00e4chsten Sonntag starten wir beim RV Wanderlust Gambach. Die Touren f\u00fchren aus der Wetterau in den Gie\u00dfener Raum, in der Spitze fast bis Herborn und Dillenburg. Das Wetter verspricht Niederschlagsfreiheit und angenehme Temperaturen, so dass einer Radtour nichts entgegen steht.<\/p>\n<p>Einige Impressionen der RTF in Frankfurt-Niederrad:<\/p>\n<table>\n<tbody>\n<tr>\n<td><a href=\"https:\/\/www.rc03-ilbenstadt.de\/wp-content\/uploads\/2013\/06\/B-RC03-130623-RTF_SKG-Frankfurt-01-Start+Ziel-Fahrr\u00e4der-WEB.jpg\" rel=\"lightbox[2026]\"><img loading=\"lazy\" decoding=\"async\" class=\"alignleft size-thumbnail wp-image-2032\" alt=\"B-RC03-130623-RTF_SKG-Frankfurt-01-Start+Ziel-Fahrr\u00e4der-WEB\" src=\"https:\/\/www.rc03-ilbenstadt.de\/wp-content\/uploads\/2013\/06\/B-RC03-130623-RTF_SKG-Frankfurt-01-Start+Ziel-Fahrr\u00e4der-WEB-150x150.jpg\" width=\"150\" height=\"150\" \/><\/a><\/td>\n<td><\/td>\n<td><a href=\"https:\/\/www.rc03-ilbenstadt.de\/wp-content\/uploads\/2013\/06\/B-RC03-130623-RTF_SKG-Frankfurt-05-Streckenimpressionen-WEB.jpg\" rel=\"lightbox[2026]\"><img loading=\"lazy\" decoding=\"async\" class=\"alignleft size-thumbnail wp-image-2028\" alt=\"B-RC03-130623-RTF_SKG-Frankfurt-05-Streckenimpressionen-WEB\" src=\"https:\/\/www.rc03-ilbenstadt.de\/wp-content\/uploads\/2013\/06\/B-RC03-130623-RTF_SKG-Frankfurt-05-Streckenimpressionen-WEB-150x150.jpg\" width=\"150\" height=\"150\" \/><\/a><\/td>\n<td><\/td>\n<td><a href=\"https:\/\/www.rc03-ilbenstadt.de\/wp-content\/uploads\/2013\/06\/B-RC03-130623-RTF_SKG-Frankfurt-06-Streckenimpressionen-WEB.jpg\" rel=\"lightbox[2026]\"><img loading=\"lazy\" decoding=\"async\" class=\"alignleft size-thumbnail wp-image-2027\" alt=\"B-RC03-130623-RTF_SKG-Frankfurt-06-Streckenimpressionen-WEB\" src=\"https:\/\/www.rc03-ilbenstadt.de\/wp-content\/uploads\/2013\/06\/B-RC03-130623-RTF_SKG-Frankfurt-06-Streckenimpressionen-WEB-150x150.jpg\" width=\"150\" height=\"150\" \/><\/a><\/td>\n<\/tr>\n<tr>\n<td><a href=\"https:\/\/www.rc03-ilbenstadt.de\/wp-content\/uploads\/2013\/06\/B-RC03-130623-RTF_SKG-Frankfurt-04-Streckenimpressionen-WEB.jpg\" rel=\"lightbox[2026]\"><img loading=\"lazy\" decoding=\"async\" class=\"alignleft size-thumbnail wp-image-2029\" alt=\"B-RC03-130623-RTF_SKG-Frankfurt-04-Streckenimpressionen-WEB\" src=\"https:\/\/www.rc03-ilbenstadt.de\/wp-content\/uploads\/2013\/06\/B-RC03-130623-RTF_SKG-Frankfurt-04-Streckenimpressionen-WEB-150x150.jpg\" width=\"150\" height=\"150\" \/><\/a><\/td>\n<td><\/td>\n<td><a href=\"https:\/\/www.rc03-ilbenstadt.de\/wp-content\/uploads\/2013\/06\/B-RC03-130623-RTF_SKG-Frankfurt-03-Streckenimpressionen-WEB.jpg\" rel=\"lightbox[2026]\"><img loading=\"lazy\" decoding=\"async\" class=\"alignleft size-thumbnail wp-image-2030\" alt=\"B-RC03-130623-RTF_SKG-Frankfurt-03-Streckenimpressionen-WEB\" src=\"https:\/\/www.rc03-ilbenstadt.de\/wp-content\/uploads\/2013\/06\/B-RC03-130623-RTF_SKG-Frankfurt-03-Streckenimpressionen-WEB-150x150.jpg\" width=\"150\" height=\"150\" \/><\/a><\/td>\n<td><\/td>\n<td><\/td>\n<\/tr>\n<\/tbody>\n<\/table>\n<p>&nbsp;<\/p>\n","protected":false},"excerpt":{"rendered":"<p>Zur heutigen Radtourenfahrt (RTF) bei der SKG Frankfurt mit Start und Ziel in Frankfurt-Niederrad, Bezirkssportanlage Hahnstra\u00dfe, hatte der RC 03 Ilbenstadt wieder eine kleine Mannschaft gemeldet. Die Mannschaftsmitglieder waren \u00fcberwiegend im Sternfahrtmodus nach Frankfurt unterwegs. Hier hat der ein oder &hellip; <a href=\"https:\/\/www.rc03-ilbenstadt.de\/?p=2026\">Weiterlesen <span class=\"meta-nav\">&rarr;<\/span><\/a><\/p>\n","protected":false},"author":9,"featured_media":0,"comment_status":"closed","ping_status":"closed","sticky":false,"template":"","format":"standard","meta":{"_crdt_document":"","footnotes":""},"categories":[1],"tags":[],"class_list":["post-2026","post","type-post","status-publish","format-standard","hentry","category-allgemein"],"_links":{"self":[{"href":"https:\/\/www.rc03-ilbenstadt.de\/index.php?rest_route=\/wp\/v2\/posts\/2026","targetHints":{"allow":["GET"]}}],"collection":[{"href":"https:\/\/www.rc03-ilbenstadt.de\/index.php?rest_route=\/wp\/v2\/posts"}],"about":[{"href":"https:\/\/www.rc03-ilbenstadt.de\/index.php?rest_route=\/wp\/v2\/types\/post"}],"author":[{"embeddable":true,"href":"https:\/\/www.rc03-ilbenstadt.de\/index.php?rest_route=\/wp\/v2\/users\/9"}],"replies":[{"embeddable":true,"href":"https:\/\/www.rc03-ilbenstadt.de\/index.php?rest_route=%2Fwp%2Fv2%2Fcomments&post=2026"}],"version-history":[{"count":0,"href":"https:\/\/www.rc03-ilbenstadt.de\/index.php?rest_route=\/wp\/v2\/posts\/2026\/revisions"}],"wp:attachment":[{"href":"https:\/\/www.rc03-ilbenstadt.de\/index.php?rest_route=%2Fwp%2Fv2%2Fmedia&parent=2026"}],"wp:term":[{"taxonomy":"category","embeddable":true,"href":"https:\/\/www.rc03-ilbenstadt.de\/index.php?rest_route=%2Fwp%2Fv2%2Fcategories&post=2026"},{"taxonomy":"post_tag","embeddable":true,"href":"https:\/\/www.rc03-ilbenstadt.de\/index.php?rest_route=%2Fwp%2Fv2%2Ftags&post=2026"}],"curies":[{"name":"wp","href":"https:\/\/api.w.org\/{rel}","templated":true}]}}