{"id":2074,"date":"2013-06-30T23:03:35","date_gmt":"2013-06-30T21:03:35","guid":{"rendered":"http:\/\/www.rc03-ilbenstadt.de\/?p=2074"},"modified":"2013-06-30T23:46:35","modified_gmt":"2013-06-30T21:46:35","slug":"radtourenfahrt-rtf-beim-rv-wanderlust-1912-gambach-am-sonntag-dem-30-juni-2013","status":"publish","type":"post","link":"https:\/\/www.rc03-ilbenstadt.de\/?p=2074","title":{"rendered":"Radtourenfahrt (RTF) beim RV Wanderlust 1912 Gambach am Sonntag, dem 30. Juni 2013"},"content":{"rendered":"<div id=\"attachment_2080\" style=\"width: 160px\" class=\"wp-caption alignleft\"><a href=\"https:\/\/www.rc03-ilbenstadt.de\/wp-content\/uploads\/2013\/06\/B-RC03-130630-RTF_Gambach-06-Siegerehrung_mit_Kurt-WEB.jpg\" rel=\"lightbox[2074]\"><img loading=\"lazy\" decoding=\"async\" aria-describedby=\"caption-attachment-2080\" class=\"size-thumbnail wp-image-2080 \" alt=\"B-RC03-130630-RTF_Gambach-06-Siegerehrung_mit_Kurt-WEB\" src=\"https:\/\/www.rc03-ilbenstadt.de\/wp-content\/uploads\/2013\/06\/B-RC03-130630-RTF_Gambach-06-Siegerehrung_mit_Kurt-WEB-150x150.jpg\" width=\"150\" height=\"150\" \/><\/a><p id=\"caption-attachment-2080\" class=\"wp-caption-text\">Siegerehrung mit Kurt L\u00f6chner<\/p><\/div>\n<p>Bei meist sonnigem Wetter, am Morgen allerdings noch recht k\u00fchlen Temperaturen haben wir am 30.06.2013 an der Radtourenfahrt (RTF) in Gambach teilgenommen. Der RV Wanderlust 1912 Gambach hatte gleichzeitig auch zur Countrytourenfahrt (CTF) und zum Radmarathon eingeladen. Die Strecke f\u00fchrte auf weitgehend verkehrsarmen Stra\u00dfen durch das wellige Gel\u00e4nde des Gie\u00dfener Raumes bis in den Westerwald.<\/p>\n<p><span style=\"font-family: Arial,sans-serif;\">Im Anschluss konnte man bei Sonnenschein und angenehmen Temperaturen gem\u00fctlich auf dem<!--more--> Sportgel\u00e4nde im Freien fachsimpeln und angeregte Gespr\u00e4che f\u00fchren. <\/span><\/p>\n<p><span style=\"font-family: Arial,sans-serif;\">Wir waren an diesem Sonntag wieder mit einer gro\u00dfen Mannschaft am Start und errangen mit 22 gestarteten Fahrerinnen und Fahrern den zweiten Platz, Hungen mit 21 den dritten und Nieder-Weisel mit 23 den ersten Platz bei der RTF- Wertung. Bei der CTF-Wertung siegte Hungen mit 11 Startern vor Gr\u00fcnberg mit 7 und Rockenberg mit 6 Fahrern. Am Marathon nahmen 65 Starter teil.<br \/>\n<\/span><\/p>\n<p>Text und Fotos: Inge Schr\u00f6der<\/p>\n<p>Ausgew\u00e4hlte Fotos:<\/p>\n<table>\n<tbody>\n<tr>\n<td><a href=\"https:\/\/www.rc03-ilbenstadt.de\/wp-content\/uploads\/2013\/06\/B-RC03-130630-RTF_Gambach-01-Im_Ziel-WEB.jpg\" rel=\"lightbox[2074]\"><img loading=\"lazy\" decoding=\"async\" class=\"alignleft size-thumbnail wp-image-2075\" alt=\"B-RC03-130630-RTF_Gambach-01-Im_Ziel-WEB\" src=\"https:\/\/www.rc03-ilbenstadt.de\/wp-content\/uploads\/2013\/06\/B-RC03-130630-RTF_Gambach-01-Im_Ziel-WEB-150x150.jpg\" width=\"150\" height=\"150\" \/><\/a><\/td>\n<td><\/td>\n<td><a href=\"https:\/\/www.rc03-ilbenstadt.de\/wp-content\/uploads\/2013\/06\/B-RC03-130630-RTF_Gambach-02-Im_Ziel-WEB.jpg\" rel=\"lightbox[2074]\"><img loading=\"lazy\" decoding=\"async\" class=\"alignleft size-thumbnail wp-image-2076\" alt=\"B-RC03-130630-RTF_Gambach-02-Im_Ziel-WEB\" src=\"https:\/\/www.rc03-ilbenstadt.de\/wp-content\/uploads\/2013\/06\/B-RC03-130630-RTF_Gambach-02-Im_Ziel-WEB-150x150.jpg\" width=\"150\" height=\"150\" \/><\/a><\/td>\n<td><\/td>\n<td><a href=\"https:\/\/www.rc03-ilbenstadt.de\/wp-content\/uploads\/2013\/06\/B-RC03-130630-RTF_Gambach-03-Im_Ziel-WEB.jpg\" rel=\"lightbox[2074]\"><img loading=\"lazy\" decoding=\"async\" class=\"alignleft size-thumbnail wp-image-2077\" alt=\"B-RC03-130630-RTF_Gambach-03-Im_Ziel-WEB\" src=\"https:\/\/www.rc03-ilbenstadt.de\/wp-content\/uploads\/2013\/06\/B-RC03-130630-RTF_Gambach-03-Im_Ziel-WEB-150x150.jpg\" width=\"150\" height=\"150\" \/><\/a><\/td>\n<\/tr>\n<tr>\n<td><a href=\"https:\/\/www.rc03-ilbenstadt.de\/wp-content\/uploads\/2013\/06\/B-RC03-130630-RTF_Gambach-04-Im_Ziel-WEB.jpg\" rel=\"lightbox[2074]\"><img loading=\"lazy\" decoding=\"async\" class=\"alignleft size-thumbnail wp-image-2078\" alt=\"B-RC03-130630-RTF_Gambach-04-Im_Ziel-WEB\" src=\"https:\/\/www.rc03-ilbenstadt.de\/wp-content\/uploads\/2013\/06\/B-RC03-130630-RTF_Gambach-04-Im_Ziel-WEB-150x150.jpg\" width=\"150\" height=\"150\" \/><\/a><\/td>\n<td><\/td>\n<td><\/td>\n<td><\/td>\n<td><\/td>\n<\/tr>\n<\/tbody>\n<\/table>\n","protected":false},"excerpt":{"rendered":"<p>Bei meist sonnigem Wetter, am Morgen allerdings noch recht k\u00fchlen Temperaturen haben wir am 30.06.2013 an der Radtourenfahrt (RTF) in Gambach teilgenommen. Der RV Wanderlust 1912 Gambach hatte gleichzeitig auch zur Countrytourenfahrt (CTF) und zum Radmarathon eingeladen. Die Strecke f\u00fchrte &hellip; <a href=\"https:\/\/www.rc03-ilbenstadt.de\/?p=2074\">Weiterlesen <span class=\"meta-nav\">&rarr;<\/span><\/a><\/p>\n","protected":false},"author":9,"featured_media":0,"comment_status":"closed","ping_status":"closed","sticky":false,"template":"","format":"standard","meta":{"_crdt_document":"","footnotes":""},"categories":[1],"tags":[],"class_list":["post-2074","post","type-post","status-publish","format-standard","hentry","category-allgemein"],"_links":{"self":[{"href":"https:\/\/www.rc03-ilbenstadt.de\/index.php?rest_route=\/wp\/v2\/posts\/2074","targetHints":{"allow":["GET"]}}],"collection":[{"href":"https:\/\/www.rc03-ilbenstadt.de\/index.php?rest_route=\/wp\/v2\/posts"}],"about":[{"href":"https:\/\/www.rc03-ilbenstadt.de\/index.php?rest_route=\/wp\/v2\/types\/post"}],"author":[{"embeddable":true,"href":"https:\/\/www.rc03-ilbenstadt.de\/index.php?rest_route=\/wp\/v2\/users\/9"}],"replies":[{"embeddable":true,"href":"https:\/\/www.rc03-ilbenstadt.de\/index.php?rest_route=%2Fwp%2Fv2%2Fcomments&post=2074"}],"version-history":[{"count":0,"href":"https:\/\/www.rc03-ilbenstadt.de\/index.php?rest_route=\/wp\/v2\/posts\/2074\/revisions"}],"wp:attachment":[{"href":"https:\/\/www.rc03-ilbenstadt.de\/index.php?rest_route=%2Fwp%2Fv2%2Fmedia&parent=2074"}],"wp:term":[{"taxonomy":"category","embeddable":true,"href":"https:\/\/www.rc03-ilbenstadt.de\/index.php?rest_route=%2Fwp%2Fv2%2Fcategories&post=2074"},{"taxonomy":"post_tag","embeddable":true,"href":"https:\/\/www.rc03-ilbenstadt.de\/index.php?rest_route=%2Fwp%2Fv2%2Ftags&post=2074"}],"curies":[{"name":"wp","href":"https:\/\/api.w.org\/{rel}","templated":true}]}}