{"id":2096,"date":"2013-07-09T00:04:43","date_gmt":"2013-07-08T22:04:43","guid":{"rendered":"http:\/\/www.rc03-ilbenstadt.de\/?p=2096"},"modified":"2013-07-09T00:04:43","modified_gmt":"2013-07-08T22:04:43","slug":"radtourenfahrt-rtf-beim-rtc-sandhasen-88-wolfersheim-am-sonntag-dem-07-juli-2013","status":"publish","type":"post","link":"https:\/\/www.rc03-ilbenstadt.de\/?p=2096","title":{"rendered":"Radtourenfahrt (RTF) beim RTC &#8222;Sandhasen&#8220; 88 W\u00f6lfersheim am Sonntag, dem 07. Juli 2013"},"content":{"rendered":"<div id=\"attachment_2095\" style=\"width: 160px\" class=\"wp-caption alignleft\"><a href=\"https:\/\/www.rc03-ilbenstadt.de\/wp-content\/uploads\/2013\/07\/B-RC03-130707-04-Siegerehrung_mit_Giovanni-WEB.jpg\" rel=\"lightbox[2096]\"><img loading=\"lazy\" decoding=\"async\" aria-describedby=\"caption-attachment-2095\" class=\"size-thumbnail wp-image-2095\" alt=\"Giovanni Di Rosa mit dem Pokal f\u00fcr den 5. Platz\" src=\"https:\/\/www.rc03-ilbenstadt.de\/wp-content\/uploads\/2013\/07\/B-RC03-130707-04-Siegerehrung_mit_Giovanni-WEB-150x150.jpg\" width=\"150\" height=\"150\" \/><\/a><p id=\"caption-attachment-2095\" class=\"wp-caption-text\">Giovanni Di Rosa mit dem Pokal f\u00fcr den 5. Platz<\/p><\/div>\n<p>Die 24. Sandhasen-Tour des RTC &#8222;Sandhasen&#8220; 88 W\u00f6lfersheim hat 391 Teilnehmerinnen und Teilnehmer zum Start nach W\u00f6lfersheim-Melbach gelockt. Strahlender Sonnenschein und Temperaturen um die 28\u00b0 Celsius, dazu die sch\u00f6nen Landschaften von Wetterau und Vogelsberg belohnten alle, die es sich an diesem Tage nicht nehmen lie\u00dfen, hier in die Pedale zu treten. Die Anfahrt war f\u00fcr viele aus der s\u00fcdlichen Wetterau und dem Rhein-Main-Gebiet durch den Ironman nicht ganz einfach, musste man sich doch einen Weg um die <!--more-->Wettkampfstrecke suchen. Diese Gro\u00dfveranstaltung hat den Sandhasen sicherlich viele Teilnehmer gekostet. Die Triathleten, die sonst gerne bei Radtourenveranstaltungen an den Start gehen, fehlten. Dazu wurden viele Fahrerinnen und Fahrer bei der Sicherung der Ironman-Radfahrstrecke als Helfer eingesetzt. Letztlich scheuten einige die durch Sperrungen und Umleitungen erschwerte Anfahrt nach W\u00f6lfersheim-Melbach. Zudem war mit der zeitgleich stattfindenden RTF in Wiesbaden-Auringen eine Alternative geboten.<\/p>\n<p>Wir hatten eine 15-k\u00f6pfige Mannschaft in W\u00f6lfersheim aufgeboten und konnten den Pokal f\u00fcr den f\u00fcnften Platz erringen. Den Wanderpokal mussten wir an den RV &#8222;Wanderlust&#8220; 1912 Gambach, der mit 31 Startern angetreten war, abgeben. Der zweite Platz wurde vom RV &#8222;Germania&#8220; 1912 Hungen mit 20 Startern belegt. Den dritten Platz teilten sich mit jeweils 19 Startern der RV &#8222;Germania 04&#8220; Nieder-Weisel und der RV 1910 Ober-M\u00f6rlen. In 2014 werden wir erneut in den Wettbewerb um den Wanderpokal eintreten, der mit Unterbrechungen bereits 4 mal in unserem Besitz war.<\/p>\n<p>Am Start und Ziel war im Dorfgemeinschaftshaus f\u00fcr das leibliche Wohl gesorgt. Hier konnten wir uns nach der Tour st\u00e4rken und austauschen.<\/p>\n<table>\n<tbody>\n<tr>\n<td><a href=\"https:\/\/www.rc03-ilbenstadt.de\/wp-content\/uploads\/2013\/07\/B-RC03-130707-01-Mannschaftsteile_im_Ziel-WEB.jpg\" rel=\"lightbox[2096]\"><img loading=\"lazy\" decoding=\"async\" class=\"alignleft size-thumbnail wp-image-2093\" alt=\"B-RC03-130707-01-Mannschaftsteile_im_Ziel-WEB\" src=\"https:\/\/www.rc03-ilbenstadt.de\/wp-content\/uploads\/2013\/07\/B-RC03-130707-01-Mannschaftsteile_im_Ziel-WEB-150x150.jpg\" width=\"150\" height=\"150\" \/><\/a><\/td>\n<td><\/td>\n<td><a href=\"https:\/\/www.rc03-ilbenstadt.de\/wp-content\/uploads\/2013\/07\/B-RC03-130707-02-Mannschaftsteile_im_Ziel-WEB.jpg\" rel=\"lightbox[2096]\"><img loading=\"lazy\" decoding=\"async\" class=\"alignleft size-thumbnail wp-image-2094\" alt=\"B-RC03-130707-02-Mannschaftsteile_im_Ziel-WEB\" src=\"https:\/\/www.rc03-ilbenstadt.de\/wp-content\/uploads\/2013\/07\/B-RC03-130707-02-Mannschaftsteile_im_Ziel-WEB-150x150.jpg\" width=\"150\" height=\"150\" \/><\/a><\/td>\n<\/tr>\n<\/tbody>\n<\/table>\n<p>Am n\u00e4chsten Sonntag, dem 14. Juli 2013, gehen wir beim RSV Gr\u00fcnberg an den Start, der reizvolle Touren in mittelhessischen Regionen vom Gie\u00dfener Raum in den n\u00f6rdlichen Vogelsbergkreis bis hin zu den H\u00f6hen des Vogelsberges ausgeschrieben hat.<\/p>\n","protected":false},"excerpt":{"rendered":"<p>Die 24. Sandhasen-Tour des RTC &#8222;Sandhasen&#8220; 88 W\u00f6lfersheim hat 391 Teilnehmerinnen und Teilnehmer zum Start nach W\u00f6lfersheim-Melbach gelockt. Strahlender Sonnenschein und Temperaturen um die 28\u00b0 Celsius, dazu die sch\u00f6nen Landschaften von Wetterau und Vogelsberg belohnten alle, die es sich an &hellip; <a href=\"https:\/\/www.rc03-ilbenstadt.de\/?p=2096\">Weiterlesen <span class=\"meta-nav\">&rarr;<\/span><\/a><\/p>\n","protected":false},"author":9,"featured_media":0,"comment_status":"closed","ping_status":"closed","sticky":false,"template":"","format":"standard","meta":{"_crdt_document":"","footnotes":""},"categories":[1],"tags":[],"class_list":["post-2096","post","type-post","status-publish","format-standard","hentry","category-allgemein"],"_links":{"self":[{"href":"https:\/\/www.rc03-ilbenstadt.de\/index.php?rest_route=\/wp\/v2\/posts\/2096","targetHints":{"allow":["GET"]}}],"collection":[{"href":"https:\/\/www.rc03-ilbenstadt.de\/index.php?rest_route=\/wp\/v2\/posts"}],"about":[{"href":"https:\/\/www.rc03-ilbenstadt.de\/index.php?rest_route=\/wp\/v2\/types\/post"}],"author":[{"embeddable":true,"href":"https:\/\/www.rc03-ilbenstadt.de\/index.php?rest_route=\/wp\/v2\/users\/9"}],"replies":[{"embeddable":true,"href":"https:\/\/www.rc03-ilbenstadt.de\/index.php?rest_route=%2Fwp%2Fv2%2Fcomments&post=2096"}],"version-history":[{"count":0,"href":"https:\/\/www.rc03-ilbenstadt.de\/index.php?rest_route=\/wp\/v2\/posts\/2096\/revisions"}],"wp:attachment":[{"href":"https:\/\/www.rc03-ilbenstadt.de\/index.php?rest_route=%2Fwp%2Fv2%2Fmedia&parent=2096"}],"wp:term":[{"taxonomy":"category","embeddable":true,"href":"https:\/\/www.rc03-ilbenstadt.de\/index.php?rest_route=%2Fwp%2Fv2%2Fcategories&post=2096"},{"taxonomy":"post_tag","embeddable":true,"href":"https:\/\/www.rc03-ilbenstadt.de\/index.php?rest_route=%2Fwp%2Fv2%2Ftags&post=2096"}],"curies":[{"name":"wp","href":"https:\/\/api.w.org\/{rel}","templated":true}]}}