{"id":2123,"date":"2013-07-15T18:36:28","date_gmt":"2013-07-15T16:36:28","guid":{"rendered":"http:\/\/www.rc03-ilbenstadt.de\/?p=2123"},"modified":"2013-07-16T10:06:32","modified_gmt":"2013-07-16T08:06:32","slug":"radtourenfahrt-rtf-beim-rsc-grunberg-am-sonntag-dem-14-juli-2013","status":"publish","type":"post","link":"https:\/\/www.rc03-ilbenstadt.de\/?p=2123","title":{"rendered":"Radtourenfahrt (RTF) beim RSC Gr\u00fcnberg am Sonntag, dem 14. Juli 2013"},"content":{"rendered":"<div id=\"attachment_2125\" style=\"width: 160px\" class=\"wp-caption alignleft\"><a href=\"https:\/\/www.rc03-ilbenstadt.de\/wp-content\/uploads\/2013\/07\/B-RC03-130714-04-RTF_Gr\u00fcnberg-Streckenimpressionen_mit_WernerS-WEB.jpg\" rel=\"lightbox[2123]\"><img loading=\"lazy\" decoding=\"async\" aria-describedby=\"caption-attachment-2125\" class=\"size-thumbnail wp-image-2125\" alt=\"B-RC03-130714-04-RTF_Gr\u00fcnberg-Streckenimpressionen_mit_WernerS-WEB\" src=\"https:\/\/www.rc03-ilbenstadt.de\/wp-content\/uploads\/2013\/07\/B-RC03-130714-04-RTF_Gr\u00fcnberg-Streckenimpressionen_mit_WernerS-WEB-150x150.jpg\" width=\"150\" height=\"150\" \/><\/a><p id=\"caption-attachment-2125\" class=\"wp-caption-text\">Werner S. auf der Strecke<\/p><\/div>\n<p>Am Sonntag hatten wir zur Radtourenfahrt (RTF) in Gr\u00fcnberg ein tolles Wetter. Alle gemeldeten Fahrerinnen\u00a0 und Fahrer waren am Start. Dazu kamen Klaus B. und Erwin hatte sich des Beistandes seiner Ehefrau Marlene versichert. Am Start war es noch angenehm frisch. Unsere beiden Sternfahrer Karl und Werner B. trafen wir auf unser Anfahrt bei R\u00f6thges bei ihrer ersten Pause. Karl hatte sich auch w\u00e4rmerer Kleidung entledigt, denn bei dem fr\u00fchen Start der Beiden war es doch noch empfindlich k\u00fchl. <!--more--><br \/>\nDie Landschaft in Mittelhessen empfing uns mit ihrer sonnendurchfluteten H\u00fcgellandschaft. Es ging zun\u00e4chst in Richtung Gie\u00dfen. Der Verkehr war sehr gering und so konnte man ungest\u00f6rt seinen Gedanken nachh\u00e4ngen und die Landschaft genie\u00dfen. In Richtung des Vogelsberges nahmen die zu bew\u00e4ltigenden H\u00f6henmeter zu, denen man jedoch durch das Abbiegen auf die 45- oder 76-Kilometer-Schleife zum Teil entgehen konnte. Wer jedoch die langen Strecken unter die R\u00e4der nahm, wurde wieder an lange Auf- und Abfahrten erinnert, die man im Laufe seiner Radelleidenschaft schon das ein oder andere Mal bew\u00e4ltigt hatte.<br \/>\nDie RTF-Strecke war gut ausgeschildert. Der ein oder andere Pfeil w\u00e4re jedoch auf der rechten Stra\u00dfenseite besser aufgehoben gewesen. Am Start- und Ziel war ein sonniger Platz garantiert. Das Angebot an Getr\u00e4nken, Gegrilltem, Kaffee und Kuchen war gut und ausreichend, um die Speicher nach dieser Ausdauerleistung wieder zu f\u00fcllen.<\/p>\n<p>Die Siegerehrung, die der erste Vorsitzende des RSC Gr\u00fcnberg, Friedhelm G\u00f6rge und die RTF-Fachwartin Ulla Heckert mit einem Gemeindevertreter durchf\u00fchrten, brachte in der Vereinswertung der BDR-Vereine folgendes Ergebnis:<\/p>\n<p>1. RV &#8222;Germania 1912&#8220; Hungen (20 gestartete Fahrer)<br \/>\n2. RV &#8222;Germania 04&#8220; Nieder-Weisel (18 gestartete Fahrer)<br \/>\n3. RV 1904\/27 Gie\u00dfen-Klein-Linden (17 gestartete Fahrer)<br \/>\n4. RV &#8222;Wanderlust 1912&#8220; Gambach (15 gestartete Fahrer)<br \/>\n5. RV &#8222;Vorw\u00e4rts&#8220; Anspach (14 gestartete Fahrer)<br \/>\nDie Gr\u00fcnberger haben bei den vorgemeldeten Vereinen nach der tats\u00e4chlichen Starterzahl die Pokale vergeben. <b><\/b><\/p>\n<p>Der Vertreter der Sparkasse Oberhessen \u00fcbergab an den RSC Gr\u00fcnberg 400 EUR als Anschubfinanzierung eines Bikeparks. In der anschlie\u00dfenden Tombola gewann Lothar ein Buch zur Fitness von Kindern, gesponsort von dem Institut f\u00fcr Sportern\u00e4hrung und eine &#8222;Gr\u00fcnberg&#8220;-Kaffeetasse. Dieter durfte sich \u00fcber ein Picknick to go &#8222;hessisch&#8220; f\u00fcr zwei Personen vom Sporthotel in Gr\u00fcnberg freuen.<\/p>\n<p>Insgesamt fanden wir in Gr\u00fcnberg eine gelungene Veranstaltung vor, die sich im n\u00e4chsten Jahr f\u00fcr einen gr\u00f6\u00dferen Teilnehmerkreis empfiehlt<\/p>\n<p>Eine kleine Bildauswahl:<br \/>\n<b> <\/b><b> <\/b><\/p>\n<table>\n<tbody>\n<tr>\n<td><a href=\"https:\/\/www.rc03-ilbenstadt.de\/wp-content\/uploads\/2013\/07\/B-RC03-130714-01-RTF_Gr\u00fcnberg-Sternfahrer_bei_R\u00f6thges-WEB.jpg\" rel=\"lightbox[2123]\"><img loading=\"lazy\" decoding=\"async\" class=\"alignleft size-thumbnail wp-image-2105\" alt=\"B-RC03-130714-01-RTF_Gr\u00fcnberg-Sternfahrer_bei_R\u00f6thges-WEB\" src=\"https:\/\/www.rc03-ilbenstadt.de\/wp-content\/uploads\/2013\/07\/B-RC03-130714-01-RTF_Gr\u00fcnberg-Sternfahrer_bei_R\u00f6thges-WEB-150x150.jpg\" width=\"150\" height=\"150\" \/><\/a><\/td>\n<td><\/td>\n<td><a href=\"https:\/\/www.rc03-ilbenstadt.de\/wp-content\/uploads\/2013\/07\/B-RC03-130714-02-RTF_Gr\u00fcnberg-Streckenimpressionen-WEB.jpg\" rel=\"lightbox[2123]\"><img loading=\"lazy\" decoding=\"async\" class=\"alignleft size-thumbnail wp-image-2106\" alt=\"B-RC03-130714-02-RTF_Gr\u00fcnberg-Streckenimpressionen-WEB\" src=\"https:\/\/www.rc03-ilbenstadt.de\/wp-content\/uploads\/2013\/07\/B-RC03-130714-02-RTF_Gr\u00fcnberg-Streckenimpressionen-WEB-150x150.jpg\" width=\"150\" height=\"150\" \/><\/a><\/td>\n<td><\/td>\n<td><a href=\"https:\/\/www.rc03-ilbenstadt.de\/wp-content\/uploads\/2013\/07\/B-RC03-130714-10-RTF_Gr\u00fcnberg-Streckenimpressionen-WEB.jpg\" rel=\"lightbox[2123]\"><img loading=\"lazy\" decoding=\"async\" class=\"alignleft size-thumbnail wp-image-2109\" alt=\"B-RC03-130714-10-RTF_Gr\u00fcnberg-Streckenimpressionen-WEB\" src=\"https:\/\/www.rc03-ilbenstadt.de\/wp-content\/uploads\/2013\/07\/B-RC03-130714-10-RTF_Gr\u00fcnberg-Streckenimpressionen-WEB-150x150.jpg\" width=\"150\" height=\"150\" \/><\/a><\/td>\n<\/tr>\n<tr>\n<td><a href=\"https:\/\/www.rc03-ilbenstadt.de\/wp-content\/uploads\/2013\/07\/B-RC03-130714-03-RTF_Gr\u00fcnberg-Streckenimpressionen-WEB.jpg\" rel=\"lightbox[2123]\"><img loading=\"lazy\" decoding=\"async\" class=\"alignleft size-thumbnail wp-image-2107\" alt=\"B-RC03-130714-03-RTF_Gr\u00fcnberg-Streckenimpressionen-WEB\" src=\"https:\/\/www.rc03-ilbenstadt.de\/wp-content\/uploads\/2013\/07\/B-RC03-130714-03-RTF_Gr\u00fcnberg-Streckenimpressionen-WEB-150x150.jpg\" width=\"150\" height=\"150\" \/><\/a><\/td>\n<td><\/td>\n<td><a href=\"https:\/\/www.rc03-ilbenstadt.de\/wp-content\/uploads\/2013\/07\/B-RC03-130714-06-RTF_Gr\u00fcnberg-Streckenimpressionen-WEB.jpg\" rel=\"lightbox[2123]\"><img loading=\"lazy\" decoding=\"async\" class=\"alignleft size-thumbnail wp-image-2108\" alt=\"B-RC03-130714-06-RTF_Gr\u00fcnberg-Streckenimpressionen-WEB\" src=\"https:\/\/www.rc03-ilbenstadt.de\/wp-content\/uploads\/2013\/07\/B-RC03-130714-06-RTF_Gr\u00fcnberg-Streckenimpressionen-WEB-150x150.jpg\" width=\"150\" height=\"150\" \/><\/a><\/td>\n<td><\/td>\n<td><a href=\"https:\/\/www.rc03-ilbenstadt.de\/wp-content\/uploads\/2013\/07\/B-RC03-130714-11-RTF_Gr\u00fcnberg-Streckenimpressionen-WEB.jpg\" rel=\"lightbox[2123]\"><img loading=\"lazy\" decoding=\"async\" class=\"alignleft size-thumbnail wp-image-2110\" alt=\"B-RC03-130714-11-RTF_Gr\u00fcnberg-Streckenimpressionen-WEB\" src=\"https:\/\/www.rc03-ilbenstadt.de\/wp-content\/uploads\/2013\/07\/B-RC03-130714-11-RTF_Gr\u00fcnberg-Streckenimpressionen-WEB-150x150.jpg\" width=\"150\" height=\"150\" \/><\/a><\/td>\n<\/tr>\n<tr>\n<td><a href=\"https:\/\/www.rc03-ilbenstadt.de\/wp-content\/uploads\/2013\/07\/B-RC03-130714-24-RTF_Gr\u00fcnberg-Sternfahrertisch-WEB.jpg\" rel=\"lightbox[2123]\"><img loading=\"lazy\" decoding=\"async\" class=\"alignleft size-thumbnail wp-image-2116\" alt=\"B-RC03-130714-24-RTF_Gr\u00fcnberg-Sternfahrertisch-WEB\" src=\"https:\/\/www.rc03-ilbenstadt.de\/wp-content\/uploads\/2013\/07\/B-RC03-130714-24-RTF_Gr\u00fcnberg-Sternfahrertisch-WEB-150x150.jpg\" width=\"150\" height=\"150\" \/><\/a><\/td>\n<td><\/td>\n<td><a href=\"https:\/\/www.rc03-ilbenstadt.de\/wp-content\/uploads\/2013\/07\/B-RC03-130714-20-RTF_Gr\u00fcnberg-Sternfahrertisch-WEB.jpg\" rel=\"lightbox[2123]\"><img loading=\"lazy\" decoding=\"async\" class=\"alignleft size-thumbnail wp-image-2115\" alt=\"B-RC03-130714-20-RTF_Gr\u00fcnberg-Sternfahrertisch-WEB\" src=\"https:\/\/www.rc03-ilbenstadt.de\/wp-content\/uploads\/2013\/07\/B-RC03-130714-20-RTF_Gr\u00fcnberg-Sternfahrertisch-WEB-150x150.jpg\" width=\"150\" height=\"150\" \/><\/a><\/td>\n<td><\/td>\n<td><a href=\"https:\/\/www.rc03-ilbenstadt.de\/wp-content\/uploads\/2013\/07\/B-RC03-130714-19-RTF_Gr\u00fcnberg-Sternfahrertisch-WEB.jpg\" rel=\"lightbox[2123]\"><img loading=\"lazy\" decoding=\"async\" class=\"alignleft size-thumbnail wp-image-2114\" alt=\"B-RC03-130714-19-RTF_Gr\u00fcnberg-Sternfahrertisch-WEB\" src=\"https:\/\/www.rc03-ilbenstadt.de\/wp-content\/uploads\/2013\/07\/B-RC03-130714-19-RTF_Gr\u00fcnberg-Sternfahrertisch-WEB-150x150.jpg\" width=\"150\" height=\"150\" \/><\/a><\/td>\n<\/tr>\n<tr>\n<td><a href=\"https:\/\/www.rc03-ilbenstadt.de\/wp-content\/uploads\/2013\/07\/B-RC03-130714-29-RTF_Gr\u00fcnberg-St\u00e4rkung_nach_der_Tour-WEB.jpg\" rel=\"lightbox[2123]\"><img loading=\"lazy\" decoding=\"async\" class=\"alignleft size-thumbnail wp-image-2118\" alt=\"B-RC03-130714-29-RTF_Gr\u00fcnberg-St\u00e4rkung_nach_der_Tour-WEB\" src=\"https:\/\/www.rc03-ilbenstadt.de\/wp-content\/uploads\/2013\/07\/B-RC03-130714-29-RTF_Gr\u00fcnberg-St\u00e4rkung_nach_der_Tour-WEB-150x150.jpg\" width=\"150\" height=\"150\" \/><\/a><\/td>\n<td><\/td>\n<td><a href=\"https:\/\/www.rc03-ilbenstadt.de\/wp-content\/uploads\/2013\/07\/B-RC03-130714-30-RTF_Gr\u00fcnberg-St\u00e4rkung_nach_der_Tour-WEB.jpg\" rel=\"lightbox[2123]\"><img loading=\"lazy\" decoding=\"async\" class=\"alignleft size-thumbnail wp-image-2119\" alt=\"B-RC03-130714-30-RTF_Gr\u00fcnberg-St\u00e4rkung_nach_der_Tour-WEB\" src=\"https:\/\/www.rc03-ilbenstadt.de\/wp-content\/uploads\/2013\/07\/B-RC03-130714-30-RTF_Gr\u00fcnberg-St\u00e4rkung_nach_der_Tour-WEB-150x150.jpg\" width=\"150\" height=\"150\" \/><\/a><\/td>\n<td><\/td>\n<td><a href=\"https:\/\/www.rc03-ilbenstadt.de\/wp-content\/uploads\/2013\/07\/B-RC03-130714-28-RTF_Gr\u00fcnberg-St\u00e4rkung_nach_der_Tour-WEB.jpg\" rel=\"lightbox[2123]\"><img loading=\"lazy\" decoding=\"async\" class=\"alignleft size-thumbnail wp-image-2117\" alt=\"B-RC03-130714-28-RTF_Gr\u00fcnberg-St\u00e4rkung_nach_der_Tour-WEB\" src=\"https:\/\/www.rc03-ilbenstadt.de\/wp-content\/uploads\/2013\/07\/B-RC03-130714-28-RTF_Gr\u00fcnberg-St\u00e4rkung_nach_der_Tour-WEB-150x150.jpg\" width=\"150\" height=\"150\" \/><\/a><\/td>\n<\/tr>\n<tr>\n<td><a href=\"https:\/\/www.rc03-ilbenstadt.de\/wp-content\/uploads\/2013\/07\/B-RC03-130714-17-RTF_Gr\u00fcnberg-Siegerehrung_RTF+CTF-WEB.jpg\" rel=\"lightbox[2123]\"><img loading=\"lazy\" decoding=\"async\" class=\"alignleft size-thumbnail wp-image-2113\" alt=\"B-RC03-130714-17-RTF_Gr\u00fcnberg-Siegerehrung_RTF+CTF-WEB\" src=\"https:\/\/www.rc03-ilbenstadt.de\/wp-content\/uploads\/2013\/07\/B-RC03-130714-17-RTF_Gr\u00fcnberg-Siegerehrung_RTF+CTF-WEB-150x150.jpg\" width=\"150\" height=\"150\" \/><\/a><\/td>\n<td><\/td>\n<td><a href=\"https:\/\/www.rc03-ilbenstadt.de\/wp-content\/uploads\/2013\/07\/B-RC03-130714-14-RTF_Gr\u00fcnberg-Ziel-Runder_Tisch-WEB.jpg\" rel=\"lightbox[2123]\"><img loading=\"lazy\" decoding=\"async\" class=\"alignleft size-thumbnail wp-image-2112\" alt=\"B-RC03-130714-14-RTF_Gr\u00fcnberg-Ziel-Runder_Tisch-WEB\" src=\"https:\/\/www.rc03-ilbenstadt.de\/wp-content\/uploads\/2013\/07\/B-RC03-130714-14-RTF_Gr\u00fcnberg-Ziel-Runder_Tisch-WEB-150x150.jpg\" width=\"150\" height=\"150\" \/><\/a><\/td>\n<td><\/td>\n<td><a href=\"https:\/\/www.rc03-ilbenstadt.de\/wp-content\/uploads\/2013\/07\/B-RC03-130714-12-RTF_Gr\u00fcnberg-Ziel-Bei_der_Arbeit-WEB.jpg\" rel=\"lightbox[2123]\"><img loading=\"lazy\" decoding=\"async\" class=\"alignleft size-thumbnail wp-image-2111\" alt=\"B-RC03-130714-12-RTF_Gr\u00fcnberg-Ziel-Bei_der_Arbeit-WEB\" src=\"https:\/\/www.rc03-ilbenstadt.de\/wp-content\/uploads\/2013\/07\/B-RC03-130714-12-RTF_Gr\u00fcnberg-Ziel-Bei_der_Arbeit-WEB-150x150.jpg\" width=\"150\" height=\"150\" \/><\/a><\/td>\n<\/tr>\n<tr>\n<td><a href=\"https:\/\/www.rc03-ilbenstadt.de\/wp-content\/uploads\/2013\/07\/B-RC03-130714-40-RTF_Gr\u00fcnberg-Ziel-Runder_Tisch-Bild_EVA-WEB.jpg\" rel=\"lightbox[2123]\"><img loading=\"lazy\" decoding=\"async\" class=\"alignleft size-thumbnail wp-image-2122\" alt=\"B-RC03-130714-40-RTF_Gr\u00fcnberg-Ziel-Runder_Tisch-Bild_EVA-WEB\" src=\"https:\/\/www.rc03-ilbenstadt.de\/wp-content\/uploads\/2013\/07\/B-RC03-130714-40-RTF_Gr\u00fcnberg-Ziel-Runder_Tisch-Bild_EVA-WEB-150x150.jpg\" width=\"150\" height=\"150\" \/><\/a><\/td>\n<td><\/td>\n<td><a href=\"https:\/\/www.rc03-ilbenstadt.de\/wp-content\/uploads\/2013\/07\/B-RC03-130714-33-RTF_Gr\u00fcnberg-St\u00e4rkung_nach_der_Tour-WEB.jpg\" rel=\"lightbox[2123]\"><img loading=\"lazy\" decoding=\"async\" class=\"alignleft size-thumbnail wp-image-2121\" alt=\"B-RC03-130714-33-RTF_Gr\u00fcnberg-St\u00e4rkung_nach_der_Tour-WEB\" src=\"https:\/\/www.rc03-ilbenstadt.de\/wp-content\/uploads\/2013\/07\/B-RC03-130714-33-RTF_Gr\u00fcnberg-St\u00e4rkung_nach_der_Tour-WEB-150x150.jpg\" width=\"150\" height=\"150\" \/><\/a><\/td>\n<td><\/td>\n<td><a href=\"https:\/\/www.rc03-ilbenstadt.de\/wp-content\/uploads\/2013\/07\/B-RC03-130714-31-RTF_Gr\u00fcnberg-St\u00e4rkung_nach_der_Tour-WEB.jpg\" rel=\"lightbox[2123]\"><img loading=\"lazy\" decoding=\"async\" class=\"alignleft size-thumbnail wp-image-2120\" alt=\"B-RC03-130714-31-RTF_Gr\u00fcnberg-St\u00e4rkung_nach_der_Tour-WEB\" src=\"https:\/\/www.rc03-ilbenstadt.de\/wp-content\/uploads\/2013\/07\/B-RC03-130714-31-RTF_Gr\u00fcnberg-St\u00e4rkung_nach_der_Tour-WEB-150x150.jpg\" width=\"150\" height=\"150\" \/><\/a><\/td>\n<\/tr>\n<\/tbody>\n<\/table>\n<p>Bildnachweis:<br \/>\nEva Schreiber &#8211; Gruppenbild in der letzten Reihe links<br \/>\nI.u.W. Schr\u00f6der<\/p>\n","protected":false},"excerpt":{"rendered":"<p>Am Sonntag hatten wir zur Radtourenfahrt (RTF) in Gr\u00fcnberg ein tolles Wetter. Alle gemeldeten Fahrerinnen\u00a0 und Fahrer waren am Start. Dazu kamen Klaus B. und Erwin hatte sich des Beistandes seiner Ehefrau Marlene versichert. Am Start war es noch angenehm &hellip; <a href=\"https:\/\/www.rc03-ilbenstadt.de\/?p=2123\">Weiterlesen <span class=\"meta-nav\">&rarr;<\/span><\/a><\/p>\n","protected":false},"author":9,"featured_media":0,"comment_status":"closed","ping_status":"closed","sticky":false,"template":"","format":"standard","meta":{"_crdt_document":"","footnotes":""},"categories":[1],"tags":[],"class_list":["post-2123","post","type-post","status-publish","format-standard","hentry","category-allgemein"],"_links":{"self":[{"href":"https:\/\/www.rc03-ilbenstadt.de\/index.php?rest_route=\/wp\/v2\/posts\/2123","targetHints":{"allow":["GET"]}}],"collection":[{"href":"https:\/\/www.rc03-ilbenstadt.de\/index.php?rest_route=\/wp\/v2\/posts"}],"about":[{"href":"https:\/\/www.rc03-ilbenstadt.de\/index.php?rest_route=\/wp\/v2\/types\/post"}],"author":[{"embeddable":true,"href":"https:\/\/www.rc03-ilbenstadt.de\/index.php?rest_route=\/wp\/v2\/users\/9"}],"replies":[{"embeddable":true,"href":"https:\/\/www.rc03-ilbenstadt.de\/index.php?rest_route=%2Fwp%2Fv2%2Fcomments&post=2123"}],"version-history":[{"count":0,"href":"https:\/\/www.rc03-ilbenstadt.de\/index.php?rest_route=\/wp\/v2\/posts\/2123\/revisions"}],"wp:attachment":[{"href":"https:\/\/www.rc03-ilbenstadt.de\/index.php?rest_route=%2Fwp%2Fv2%2Fmedia&parent=2123"}],"wp:term":[{"taxonomy":"category","embeddable":true,"href":"https:\/\/www.rc03-ilbenstadt.de\/index.php?rest_route=%2Fwp%2Fv2%2Fcategories&post=2123"},{"taxonomy":"post_tag","embeddable":true,"href":"https:\/\/www.rc03-ilbenstadt.de\/index.php?rest_route=%2Fwp%2Fv2%2Ftags&post=2123"}],"curies":[{"name":"wp","href":"https:\/\/api.w.org\/{rel}","templated":true}]}}