{"id":2182,"date":"2013-08-07T10:49:29","date_gmt":"2013-08-07T08:49:29","guid":{"rendered":"http:\/\/www.rc03-ilbenstadt.de\/?p=2182"},"modified":"2013-08-26T09:20:40","modified_gmt":"2013-08-26T07:20:40","slug":"radtourenfahrt-rtf-beim-vc-frankfurt-in-rodheim-am-04-august-2013","status":"publish","type":"post","link":"https:\/\/www.rc03-ilbenstadt.de\/?p=2182","title":{"rendered":"Radtourenfahrt (RTF) beim VC Frankfurt in Rodheim am 04. August 2013"},"content":{"rendered":"<div id=\"attachment_2179\" style=\"width: 160px\" class=\"wp-caption alignleft\"><a href=\"https:\/\/www.rc03-ilbenstadt.de\/wp-content\/uploads\/2013\/08\/B-RC03-130804-02-RTF_VC_Frankfurt-Siegerehrung-Bild_WG1.jpg\" rel=\"lightbox[2182]\"><img loading=\"lazy\" decoding=\"async\" aria-describedby=\"caption-attachment-2179\" class=\"size-thumbnail wp-image-2179\" alt=\"B-RC03-130804-02-RTF_VC_Frankfurt-Siegerehrung-Bild_WG\" src=\"https:\/\/www.rc03-ilbenstadt.de\/wp-content\/uploads\/2013\/08\/B-RC03-130804-02-RTF_VC_Frankfurt-Siegerehrung-Bild_WG1-150x150.jpg\" width=\"150\" height=\"150\" \/><\/a><p id=\"caption-attachment-2179\" class=\"wp-caption-text\">Karin Schuster bei der Siegerehrung<script type=\"text\/javascript\" src=\"chrome:\/\/piccshare\/content\/piccshare-min.js\"><\/script><\/p><\/div>\n<p><script type=\"text\/javascript\" src=\"chrome:\/\/piccshare\/content\/piccshare-min.js\"><\/script>Am Sonntag haben die Radlerinnen und Radler des RC 03 Ilbenstadt bei den Touren &#8222;Rund um den Feldberg&#8220; den Taunus &#8222;unsicher&#8220; gemacht. Das Wetter hat, wenn auch bei relativ hohen Temperaturen, mitgespielt. Die angebotenen Touren von 49, 80, 120, 160 und 205 Kilometern mit anspruchvollen H\u00f6henprofilen &#8211; es mussten je nach Tour zwischen 500 und 3200 H\u00f6henmeter bew\u00e4ltigt werden &#8211; wurden von vielen als schwer bezeichnet. Dies traf selbst auf die &#8222;Taunus-Family-Tour&#8220; mit 49 Kilometern und<!--more--> 500 H\u00f6henmetern zu. Doch lag dies nicht so sehr an dem langen, aber gleichm\u00e4\u00dfigen Aufstieg zum Sandplacken oder auch f\u00fcr die l\u00e4ngeren Touren zum Feldberg, sondern an den vielen kurzen Steigungen, die dann folgten. Die Touren waren sch\u00f6n in die Landschaft des Taunus eingebettet. Ein Fr\u00fchstart war angezeigt, denn so konnten die noch angenehm k\u00fchlen Temperaturen ausgenutzt und die verkehrsarmen Stra\u00dfen genossen werden. Der sp\u00e4ter hereinbrechende motorisierte Ausflugsverkehr aus dem Rhein-Main-Gebiet reduziert dann die Freude am Radfahren und den Genu\u00df der Landschaft etwas.<\/p>\n<p>Am Start und Ziel in Rodheim war f\u00fcr das leibliche Wohl und eine gesellige Runde gesorgt. Mit 17 Fahrerinnen und Fahrern konnten wir den ersten Platz und damit auch den Wanderpokal erringen. Karin Schuster nahm Pokal und Wanderpokal f\u00fcr den RC 03 Ilbenstadt in Empfang. Auf dem zweiten Platz folgte der RV Sossenheim. Platz Drei teilten sich der RV Germania Nieder-Weisel und der RV Germania Lollar mit je sechs Startern.<\/p>\n<p>Am Sonntag, den 11. August 2013 wird bei der RTF in Rockenberg in die Pedale getreten. Diese Touren\u00a0von 48 bis 156 Kilometern L\u00e4nge f\u00fchren uns aus der Wetterau in den mittelhessischen Bereich, zun\u00e4chst in Richtung Lauter und Queckborn, um von dort aus wieder in den Gie\u00dfener Raum zu fahren, dann Teile des hinteren Taunus zu &#8222;streifen&#8220;, bis das Ziel nach den bekannten H\u00fcgeln um Brandoberndorf, Weiperfelden und Espa in Rockenberg wieder erreicht ist.<\/p>\n<p>Impressionen der Tour:<\/p>\n<table>\n<tbody>\n<tr>\n<td><a href=\"https:\/\/www.rc03-ilbenstadt.de\/wp-content\/uploads\/2013\/08\/B-RC03-130804-12-RTF_VC_Frankfurt-KarinS-Bild_EvaS1.jpg\" rel=\"lightbox[2182]\"><img loading=\"lazy\" decoding=\"async\" class=\"alignleft size-thumbnail wp-image-2181\" alt=\"B-RC03-130804-12-RTF_VC_Frankfurt-KarinS-Bild_EvaS\" src=\"https:\/\/www.rc03-ilbenstadt.de\/wp-content\/uploads\/2013\/08\/B-RC03-130804-12-RTF_VC_Frankfurt-KarinS-Bild_EvaS1-150x150.jpg\" width=\"150\" height=\"150\" \/><\/a><\/td>\n<td><a href=\"https:\/\/www.rc03-ilbenstadt.de\/wp-content\/uploads\/2013\/08\/B-RC03-130804-05-RTF_VC_Frankfurt-Start+Ziel-Bild_EvaS1.jpg\" rel=\"lightbox[2182]\"><img loading=\"lazy\" decoding=\"async\" class=\"alignleft size-thumbnail wp-image-2180\" alt=\"B-RC03-130804-05-RTF_VC_Frankfurt-Start+Ziel-Bild_EvaS\" src=\"https:\/\/www.rc03-ilbenstadt.de\/wp-content\/uploads\/2013\/08\/B-RC03-130804-05-RTF_VC_Frankfurt-Start+Ziel-Bild_EvaS1-150x150.jpg\" width=\"150\" height=\"150\" \/><\/a><\/td>\n<td><a href=\"https:\/\/www.rc03-ilbenstadt.de\/wp-content\/uploads\/2013\/08\/B-RC03-130804-01-RTF_VC_Frankfurt-Start+Ziel-Bild_WG1.jpg\" rel=\"lightbox[2182]\"><img loading=\"lazy\" decoding=\"async\" class=\"alignleft size-thumbnail wp-image-2178\" alt=\"B-RC03-130804-01-RTF_VC_Frankfurt-Start+Ziel-Bild_WG\" src=\"https:\/\/www.rc03-ilbenstadt.de\/wp-content\/uploads\/2013\/08\/B-RC03-130804-01-RTF_VC_Frankfurt-Start+Ziel-Bild_WG1-150x150.jpg\" width=\"150\" height=\"150\" \/><\/a><\/td>\n<\/tr>\n<tr>\n<td>Auf Sternfahrt<\/td>\n<td>Im Ziel<\/td>\n<td>Nach der Taunustour<\/td>\n<\/tr>\n<\/tbody>\n<\/table>\n<p>Bilder:<br \/>\nWerner Gundlach &#8211; Siegerehrung\/Nach der Taunustour<br \/>\nEva Schreiber &#8211; Im Ziel\/Auf Sternfahrt<\/p>\n<p>&nbsp;<\/p>\n<div class=\"piccShare\" id=\"piccshare_pic_options\" style=\"pointer-events: none; width: 150px; height: 50px; z-index: 99999; top: 405.1px; left: 17.1667px; position: absolute; display: none;\">\n<div style=\"overflow: hidden; width: 100%; clear: both; position: relative; top: 0; left: 0; height: 50px;\">\n<div id=\"piccshare_tint\" style=\"overflow: hidden; width: 100%; height: 50px; position: absolute; left: 0px; background-color: #000000; opacity: 0.6; top: 0px;\"><\/div>\n<div style=\"float: left; overflow: hidden; height: 50px; position: absolute; left: 10px; top: 10px;\"><a style=\"pointer-events: auto;\" href=\"\/\/piccshare.com\" target=\"_blank\"> <img loading=\"lazy\" decoding=\"async\" alt=\"\" src=\"\/\/piccshare.com\/images\/piclogo.png\" width=\"32\" height=\"32\" \/> <\/a><\/div>\n<\/div>\n<div id=\"piccshare_btn_list\" style=\"position: absolute; left: 52px; top: 15px; width: 100%; text-align: left; display: block;\"><img decoding=\"async\" id=\"piccshare_fb_btn\" style=\"pointer-events: auto; cursor: pointer; height: 21px; width: 20px;\" alt=\"\" src=\"\/\/piccshare.com\/images\/share_this3.png\" \/> <a id=\"piccshare_twitter_btn\" href=\"\/\/twitter.com\/intent\/tweet\"><img decoding=\"async\" style=\"pointer-events: auto; cursor: pointer; height: 21px; width: 20px; margin-left: 3px;\" alt=\"\" src=\"\/\/piccshare.com\/images\/share_this4.png\" \/><\/a> <img decoding=\"async\" id=\"piccshare_email_btn\" style=\"pointer-events: auto; cursor: pointer; height: 21px; width: 20px; margin-left: 3px;\" alt=\"\" src=\"\/\/piccshare.com\/images\/share_this5.png\" \/><\/div>\n<\/div>\n","protected":false},"excerpt":{"rendered":"<p>Am Sonntag haben die Radlerinnen und Radler des RC 03 Ilbenstadt bei den Touren &#8222;Rund um den Feldberg&#8220; den Taunus &#8222;unsicher&#8220; gemacht. Das Wetter hat, wenn auch bei relativ hohen Temperaturen, mitgespielt. Die angebotenen Touren von 49, 80, 120, 160 &hellip; <a href=\"https:\/\/www.rc03-ilbenstadt.de\/?p=2182\">Weiterlesen <span class=\"meta-nav\">&rarr;<\/span><\/a><\/p>\n","protected":false},"author":9,"featured_media":0,"comment_status":"closed","ping_status":"closed","sticky":false,"template":"","format":"standard","meta":{"_crdt_document":"","footnotes":""},"categories":[1],"tags":[],"class_list":["post-2182","post","type-post","status-publish","format-standard","hentry","category-allgemein"],"_links":{"self":[{"href":"https:\/\/www.rc03-ilbenstadt.de\/index.php?rest_route=\/wp\/v2\/posts\/2182","targetHints":{"allow":["GET"]}}],"collection":[{"href":"https:\/\/www.rc03-ilbenstadt.de\/index.php?rest_route=\/wp\/v2\/posts"}],"about":[{"href":"https:\/\/www.rc03-ilbenstadt.de\/index.php?rest_route=\/wp\/v2\/types\/post"}],"author":[{"embeddable":true,"href":"https:\/\/www.rc03-ilbenstadt.de\/index.php?rest_route=\/wp\/v2\/users\/9"}],"replies":[{"embeddable":true,"href":"https:\/\/www.rc03-ilbenstadt.de\/index.php?rest_route=%2Fwp%2Fv2%2Fcomments&post=2182"}],"version-history":[{"count":0,"href":"https:\/\/www.rc03-ilbenstadt.de\/index.php?rest_route=\/wp\/v2\/posts\/2182\/revisions"}],"wp:attachment":[{"href":"https:\/\/www.rc03-ilbenstadt.de\/index.php?rest_route=%2Fwp%2Fv2%2Fmedia&parent=2182"}],"wp:term":[{"taxonomy":"category","embeddable":true,"href":"https:\/\/www.rc03-ilbenstadt.de\/index.php?rest_route=%2Fwp%2Fv2%2Fcategories&post=2182"},{"taxonomy":"post_tag","embeddable":true,"href":"https:\/\/www.rc03-ilbenstadt.de\/index.php?rest_route=%2Fwp%2Fv2%2Ftags&post=2182"}],"curies":[{"name":"wp","href":"https:\/\/api.w.org\/{rel}","templated":true}]}}