{"id":2197,"date":"2013-08-15T14:21:43","date_gmt":"2013-08-15T12:21:43","guid":{"rendered":"http:\/\/www.rc03-ilbenstadt.de\/?p=2197"},"modified":"2013-08-15T14:59:28","modified_gmt":"2013-08-15T12:59:28","slug":"radtourenfahrt-rtf-des-rv-rockenberg-am-sonntag-dem-11-august-2013","status":"publish","type":"post","link":"https:\/\/www.rc03-ilbenstadt.de\/?p=2197","title":{"rendered":"Radtourenfahrt (RTF) des RV Rockenberg am Sonntag, dem 11. August 2013"},"content":{"rendered":"<div id=\"attachment_2195\" style=\"width: 160px\" class=\"wp-caption alignleft\"><a href=\"https:\/\/www.rc03-ilbenstadt.de\/wp-content\/uploads\/2013\/08\/B-RC03-130811-09-RTF_Rockenberg-Start+Ziel-Siegerehrung-WEB.jpg\" rel=\"lightbox[2197]\"><img loading=\"lazy\" decoding=\"async\" aria-describedby=\"caption-attachment-2195\" class=\"size-thumbnail wp-image-2195\" alt=\"Siegerehrung im Radtourenfahren (RTF)\" src=\"https:\/\/www.rc03-ilbenstadt.de\/wp-content\/uploads\/2013\/08\/B-RC03-130811-09-RTF_Rockenberg-Start+Ziel-Siegerehrung-WEB-150x150.jpg\" width=\"150\" height=\"150\" \/><\/a><p id=\"caption-attachment-2195\" class=\"wp-caption-text\">Siegerehrung im Radtourenfahren (RTF)<\/p><\/div>\n<p>Die Radtourenfahrt in Rockenberg fand bei sehr gutem Radfahrwetter statt, das allerdings in den fr\u00fchen Morgenstunden durch Temperaturen, die gerade noch im einstelligen Bereich verharrten, alle Lebensgeister abrupt weckte. Schattige Walddurchfahrten n\u00f6tigten denen, die auf Armlinge, Jacken und anderen w\u00e4rmenden Schnickschnack verzichteten doch eine Willensanstrengung ab, freudig entspannt die Tour zu genie\u00dfen. Ich bin sicher, dass es allen gelungen ist, die Landschaft Mittelhessens, zwischen Lauter,<!--more--> Queckborn und dem Gie\u00dfener Raum, sowie auch den n\u00f6rdlichen Taunusrand mit seinen H\u00fcgeln\u00a0 der den Pedaleuren auf den Touren im dreistelligen Kilometerbereich vorbehalten war,\u00a0 zu erfahren. Insgesamt waren mehr als 700 Radlerinnen und Radler in Rockenberg am Start gewesen.<\/p>\n<p><script type=\"text\/javascript\" src=\"chrome:\/\/piccshare\/content\/piccshare-min.js\"><\/script>Im Ziel trafen sich dann wieder viele Ilbenst\u00e4dter Sportlerinnen und Sportler, die mehrheitlich im Sternfahrtmodus angereist waren. In geselliger Runde wurden Neuigkeiten ausgetauscht, Verabredungen getroffen und m\u00f6glicherweise auch ein bisschen Radlerlatein gesponnen. Farbe ins Spiel oder besser ins Gesicht brachte dann ein Sturz eines Vereinskameraden, der w\u00e4hrend der Woche ohne Helm auf einer inner\u00f6rtlichen Fahrt zu Fall kam und dem Gott sei Dank ernsthaften Verletzungen erspart blieben. Die einhellige Bef\u00fcrwortung des Fahrens mit Helm auch au\u00dferhalb einer RTF hat denn auch am Ende dieser Nachricht gestanden. Die Physik unterscheidet nicht zwischen allt\u00e4glichem und sportlichem Radfahren. Allein die Fallh\u00f6he ist schon f\u00fcr schwere Verletzungen urs\u00e4chlich, denn ein Erwachsener schl\u00e4gt mit dem Kopf bei ungebremstem Fall schon mit gut 20 km\/h auf dem Pflaster auf!<\/p>\n<p>Doch verlassen wir das unerfreuliche Thema und wenden uns der Siegerehrung der BDR-Vereine zu. In diesem Wettbewerb mussten wir uns dem RV &#8222;Wanderlust&#8220; Gambach knapp geschlagen geben, der mit 23 gemeldeten und 21 gestarteten Fahrern den ersten Platz belegte. Wir hatten 24 Fahrerinnen und Fahrer gemeldet, brachten dann aber tats\u00e4chlich nur 20 an den Start. Auf den Pl\u00e4tzen drei bis f\u00fcnf folgten der RV Hungen (18 Starter), der RV Ober-M\u00f6rlen (14 Starter) und der RV Klein-Linden (14 Starter, weniger Vormeldungen). Dass uns der erste Platz knapp entging, ist \u00e4rgerlich, doch haben wir eine sch\u00f6ne Tour genie\u00dfen k\u00f6nnen und konnten uns am Ziel rege austauschen.<br \/>\nAm n\u00e4chsten Sonntag gehen wir beim RV Sossenheim im Frankfurter Stadtteil Riedberg an den Start. Dieser Stadtteil liegt am n\u00f6rdlichen Rand Frankfurts und so muss bei der Anreise im Sternfahrtmodus die Frankfurter Innenstadt nicht durchquert werden.<\/p>\n<p>Die Strecken f\u00fchren uns wieder in die westliche Wetterau zur\u00fcck, nach Bad Nauheim und Ober-M\u00f6rlen, um von dort aus \u00fcber Hoch-Weisel, Brandoberndorf, Wernborn und Wehrheim doch noch etwas vom Taunus in die Tour zu packen, bevor es wieder \u00fcber Burgholzhausen und Ober-Erlenbach flach dem Ziel entgegen geht. Kurz vor dem Ziel sind laut Plan die &#8222;Kalb\u00e4cher Alpen&#8220; zu \u00fcberwinden. Ich kenne diese nicht, vermute aber eine Autobahnbr\u00fcckenerhebung hinter diesem Begriff. Vielleicht kann mich jemand nach der Tour aufkl\u00e4ren. Wer die 111 Kilometer nicht unter die R\u00e4der nimmt, wird nur von einer stark verk\u00fcrzten Taunusschleife betroffen. Insgesamt erwartet uns keine uninteressante Tour, da wir von dieser Seite nicht oft ins Geschehen eingreifen.<\/p>\n<p>Impressionen aus Rockenberg:<\/p>\n<table border=\"0\">\n<tbody>\n<tr>\n<td><a href=\"https:\/\/www.rc03-ilbenstadt.de\/wp-content\/uploads\/2013\/08\/B-RC03-130811-01-RTF_Rockenberg-Start+Ziel-\u00dcberblick-WEB.jpg\" rel=\"lightbox[2197]\"><img loading=\"lazy\" decoding=\"async\" class=\"alignleft size-thumbnail wp-image-2189\" alt=\"B-RC03-130811-01-RTF_Rockenberg-Start+Ziel-\u00dcberblick-WEB\" src=\"https:\/\/www.rc03-ilbenstadt.de\/wp-content\/uploads\/2013\/08\/B-RC03-130811-01-RTF_Rockenberg-Start+Ziel-\u00dcberblick-WEB-150x150.jpg\" width=\"150\" height=\"150\" \/><\/a><\/td>\n<td><a href=\"https:\/\/www.rc03-ilbenstadt.de\/wp-content\/uploads\/2013\/08\/B-RC03-130811-04-RTF_Rockenberg-Start+Ziel-WernerS-Parkplatzsuche-WEB.jpg\" rel=\"lightbox[2197]\"><img loading=\"lazy\" decoding=\"async\" class=\"alignleft size-thumbnail wp-image-2191\" alt=\"B-RC03-130811-04-RTF_Rockenberg-Start+Ziel-WernerS-Parkplatzsuche-WEB\" src=\"https:\/\/www.rc03-ilbenstadt.de\/wp-content\/uploads\/2013\/08\/B-RC03-130811-04-RTF_Rockenberg-Start+Ziel-WernerS-Parkplatzsuche-WEB-150x150.jpg\" width=\"150\" height=\"150\" \/><\/a><\/td>\n<td><a href=\"https:\/\/www.rc03-ilbenstadt.de\/wp-content\/uploads\/2013\/08\/B-RC03-130811-05-RTF_Rockenberg-Start+Ziel-WernerSW-Parkplatz_gefunden-WEB.jpg\" rel=\"lightbox[2197]\"><img loading=\"lazy\" decoding=\"async\" class=\"alignleft size-thumbnail wp-image-2192\" alt=\"B-RC03-130811-05-RTF_Rockenberg-Start+Ziel-WernerSW-Parkplatz_gefunden-WEB\" src=\"https:\/\/www.rc03-ilbenstadt.de\/wp-content\/uploads\/2013\/08\/B-RC03-130811-05-RTF_Rockenberg-Start+Ziel-WernerSW-Parkplatz_gefunden-WEB-150x150.jpg\" width=\"150\" height=\"150\" \/><\/a><\/td>\n<\/tr>\n<tr>\n<td><a href=\"https:\/\/www.rc03-ilbenstadt.de\/wp-content\/uploads\/2013\/08\/B-RC03-130811-13-RTF_Rockenberg-Start+Ziel-Mannschaftsteil-WEB.jpg\" rel=\"lightbox[2197]\"><img loading=\"lazy\" decoding=\"async\" class=\"alignleft size-thumbnail wp-image-2196\" alt=\"B-RC03-130811-13-RTF_Rockenberg-Start+Ziel-Mannschaftsteil-WEB\" src=\"https:\/\/www.rc03-ilbenstadt.de\/wp-content\/uploads\/2013\/08\/B-RC03-130811-13-RTF_Rockenberg-Start+Ziel-Mannschaftsteil-WEB-150x150.jpg\" width=\"150\" height=\"150\" \/><\/a><\/td>\n<td><a href=\"https:\/\/www.rc03-ilbenstadt.de\/wp-content\/uploads\/2013\/08\/B-RC03-130811-03-RTF_Rockenberg-Start+Ziel-Karin+Marlene+Giovanni-WEB.jpg\" rel=\"lightbox[2197]\"><img loading=\"lazy\" decoding=\"async\" class=\"alignleft size-thumbnail wp-image-2190\" alt=\"B-RC03-130811-03-RTF_Rockenberg-Start+Ziel-Karin+Marlene+Giovanni-WEB\" src=\"https:\/\/www.rc03-ilbenstadt.de\/wp-content\/uploads\/2013\/08\/B-RC03-130811-03-RTF_Rockenberg-Start+Ziel-Karin+Marlene+Giovanni-WEB-150x150.jpg\" width=\"150\" height=\"150\" \/><\/a><\/td>\n<td><a href=\"https:\/\/www.rc03-ilbenstadt.de\/wp-content\/uploads\/2013\/08\/B-RC03-130811-06-RTF_Rockenberg-Start+Ziel-Aufbruch_Erwin-WEB.jpg\" rel=\"lightbox[2197]\"><img loading=\"lazy\" decoding=\"async\" class=\"alignleft size-thumbnail wp-image-2193\" alt=\"B-RC03-130811-06-RTF_Rockenberg-Start+Ziel-Aufbruch_Erwin-WEB\" src=\"https:\/\/www.rc03-ilbenstadt.de\/wp-content\/uploads\/2013\/08\/B-RC03-130811-06-RTF_Rockenberg-Start+Ziel-Aufbruch_Erwin-WEB-150x150.jpg\" width=\"150\" height=\"150\" \/><\/a><\/td>\n<\/tr>\n<tr>\n<td><a href=\"https:\/\/www.rc03-ilbenstadt.de\/wp-content\/uploads\/2013\/08\/B-RC03-130811-07-RTF_Rockenberg-Start+Ziel-Bewirtungszone-WEB.jpg\" rel=\"lightbox[2197]\"><img loading=\"lazy\" decoding=\"async\" class=\"alignleft size-thumbnail wp-image-2194\" alt=\"B-RC03-130811-07-RTF_Rockenberg-Start+Ziel-Bewirtungszone-WEB\" src=\"https:\/\/www.rc03-ilbenstadt.de\/wp-content\/uploads\/2013\/08\/B-RC03-130811-07-RTF_Rockenberg-Start+Ziel-Bewirtungszone-WEB-150x150.jpg\" width=\"150\" height=\"150\" \/><\/a><\/td>\n<td><\/td>\n<td><\/td>\n<\/tr>\n<\/tbody>\n<\/table>\n<p>&nbsp;<\/p>\n<p>&nbsp;<\/p>\n<p>&nbsp;<\/p>\n<div class=\"piccShare\" id=\"piccshare_pic_options\" style=\"pointer-events: none; width: 150px; height: 50px; z-index: 99999; top: 0px; left: 12.1667px; position: absolute; display: none;\">\n<div style=\"overflow: hidden; width: 100%; clear: both; position: relative; top: 0; left: 0; height: 50px;\">\n<div id=\"piccshare_tint\" style=\"overflow: hidden; width: 100%; height: 50px; position: absolute; left: 0px; background-color: #000000; opacity: 0.6; top: 0px;\"><\/div>\n<div style=\"float: left; overflow: hidden; height: 50px; position: absolute; left: 10px; top: 10px;\"><a style=\"pointer-events: auto;\" href=\"\/\/piccshare.com\" target=\"_blank\"> <img loading=\"lazy\" decoding=\"async\" alt=\"\" src=\"\/\/piccshare.com\/images\/piclogo.png\" width=\"32\" height=\"32\" \/> <\/a><\/div>\n<\/div>\n<div id=\"piccshare_btn_list\" style=\"position: absolute; left: 52px; top: 15px; width: 100%; text-align: left; display: block;\"><img decoding=\"async\" id=\"piccshare_fb_btn\" style=\"pointer-events: auto; cursor: pointer; height: 21px; width: 20px;\" alt=\"\" src=\"\/\/piccshare.com\/images\/share_this3.png\" \/> <a id=\"piccshare_twitter_btn\" href=\"\/\/twitter.com\/intent\/tweet\"><img decoding=\"async\" style=\"pointer-events: auto; cursor: pointer; height: 21px; width: 20px; margin-left: 3px;\" alt=\"\" src=\"\/\/piccshare.com\/images\/share_this4.png\" \/><\/a> <img decoding=\"async\" id=\"piccshare_email_btn\" style=\"pointer-events: auto; cursor: pointer; height: 21px; width: 20px; margin-left: 3px;\" alt=\"\" src=\"\/\/piccshare.com\/images\/share_this5.png\" \/><\/div>\n<\/div>\n","protected":false},"excerpt":{"rendered":"<p>Die Radtourenfahrt in Rockenberg fand bei sehr gutem Radfahrwetter statt, das allerdings in den fr\u00fchen Morgenstunden durch Temperaturen, die gerade noch im einstelligen Bereich verharrten, alle Lebensgeister abrupt weckte. Schattige Walddurchfahrten n\u00f6tigten denen, die auf Armlinge, Jacken und anderen w\u00e4rmenden &hellip; <a href=\"https:\/\/www.rc03-ilbenstadt.de\/?p=2197\">Weiterlesen <span class=\"meta-nav\">&rarr;<\/span><\/a><\/p>\n","protected":false},"author":9,"featured_media":0,"comment_status":"closed","ping_status":"closed","sticky":false,"template":"","format":"standard","meta":{"_crdt_document":"","footnotes":""},"categories":[1],"tags":[],"class_list":["post-2197","post","type-post","status-publish","format-standard","hentry","category-allgemein"],"_links":{"self":[{"href":"https:\/\/www.rc03-ilbenstadt.de\/index.php?rest_route=\/wp\/v2\/posts\/2197","targetHints":{"allow":["GET"]}}],"collection":[{"href":"https:\/\/www.rc03-ilbenstadt.de\/index.php?rest_route=\/wp\/v2\/posts"}],"about":[{"href":"https:\/\/www.rc03-ilbenstadt.de\/index.php?rest_route=\/wp\/v2\/types\/post"}],"author":[{"embeddable":true,"href":"https:\/\/www.rc03-ilbenstadt.de\/index.php?rest_route=\/wp\/v2\/users\/9"}],"replies":[{"embeddable":true,"href":"https:\/\/www.rc03-ilbenstadt.de\/index.php?rest_route=%2Fwp%2Fv2%2Fcomments&post=2197"}],"version-history":[{"count":0,"href":"https:\/\/www.rc03-ilbenstadt.de\/index.php?rest_route=\/wp\/v2\/posts\/2197\/revisions"}],"wp:attachment":[{"href":"https:\/\/www.rc03-ilbenstadt.de\/index.php?rest_route=%2Fwp%2Fv2%2Fmedia&parent=2197"}],"wp:term":[{"taxonomy":"category","embeddable":true,"href":"https:\/\/www.rc03-ilbenstadt.de\/index.php?rest_route=%2Fwp%2Fv2%2Fcategories&post=2197"},{"taxonomy":"post_tag","embeddable":true,"href":"https:\/\/www.rc03-ilbenstadt.de\/index.php?rest_route=%2Fwp%2Fv2%2Ftags&post=2197"}],"curies":[{"name":"wp","href":"https:\/\/api.w.org\/{rel}","templated":true}]}}