{"id":2211,"date":"2013-08-21T18:49:34","date_gmt":"2013-08-21T16:49:34","guid":{"rendered":"http:\/\/www.rc03-ilbenstadt.de\/?p=2211"},"modified":"2013-08-21T18:52:44","modified_gmt":"2013-08-21T16:52:44","slug":"radtourenfahrt-rtf-des-rv-sossenheim-am-sonntag-dem-18-august-2013-in-frankfurt-riedberg","status":"publish","type":"post","link":"https:\/\/www.rc03-ilbenstadt.de\/?p=2211","title":{"rendered":"Radtourenfahrt (RTF) des RV Sossenheim am Sonntag, dem 18. August 2013 in Frankfurt-Riedberg"},"content":{"rendered":"<p>Von der Radtourenfahrt (RTF) des RV Sossenheim mit Startort Frankfurt-Riedberg kann ich nur aus dritter Hand berichten, auch Bilder gibt es nicht, da ich dem Ruf der Rh\u00f6n und dem des RC 03 Ilbenstadt zum Vereinsausflug gefolgt bin. Unter <a href=\"http:\/\/www.mmbici.de\/w13\/inw13.htm\">http:\/\/www.mmbici.de<\/a>, dem Portal f\u00fcr RTF- und CTF-Bewertungen geben die Eintr\u00e4ge\u00a0 den ein oder anderen Eindruck von dieser Tour wieder. Die Wege von und aus Frankfurt werden als &#8222;CTF-verd\u00e4chtig&#8220; beschrieben, das Wetter reicht von windig bis regnerisch, so dass sich demjenigen, der die Tour nicht gefahren ist, ein verheerendes Bild bietet. M\u00f6glicherweise liegt die Wahrheit in der Mitte und sie ist auch<!--more--> von der pers\u00f6nlichen Einstellung und Ausr\u00fcstung abh\u00e4ngig. So schrieb &#8222;Roller&#8220; in <a href=\"http:\/\/www.mmbici.de\">www.mmbici.de<\/a>, dass ihm der holperige Streckenbelag nicht gest\u00f6rt hat, da er ohnehin mit dem &#8222;Crosser&#8220; unterwegs war. Dies sehen andere, die ihr Ger\u00e4t mit Hingabe pflegen, polieren und noch mehr lieb haben v\u00f6llig anders. Ein edles Carbonger\u00f6hr mit hochwertiger Gruppe, ultraleichten Laufr\u00e4dern mit gewichtsoptimierter und widerstandsarmer Bereifung versehen &#8211; ich neige m\u00f6glicherweise zu \u00dcbertreibungen &#8211; wird von dem Besitzer nur mit viel Bauchschmerzen \u00fcber eine solche Strecke gefahren und in vielen F\u00e4llen sogar abschnittsweise getragen. Doch die heutigen RTF beziehen schon mal Wirtschaftswege mit ein, um der ein oder anderen stark befahrenen Stra\u00dfe zu entgehen.<br \/>\nInsgesamt scheint es eine ereignisreiche Radtourenfahrt gewesen zu sein. solche Erlebnisse pr\u00e4gen sich ein und man hat noch Jahre sp\u00e4ter etwas zu erz\u00e4hlen &#8230;<\/p>\n<p><script type=\"text\/javascript\" src=\"chrome:\/\/piccshare\/content\/piccshare-min.js\"><\/script><br \/>\n<script type=\"text\/javascript\" src=\"chrome:\/\/piccshare\/content\/piccshare-min.js\"><\/script><br \/>\n<script type=\"text\/javascript\" src=\"chrome:\/\/piccshare\/content\/piccshare-min.js\"><\/script>Am n\u00e4chsten Sonntag wartet ein neues Abenteuer in Ober-M\u00f6rlen auf die RTF-Gemeinde.<\/p>\n<p>&nbsp;<\/p>\n<div class=\"piccShare\" id=\"piccshare_pic_options\" style=\"pointer-events: none; width: 250px; height: 50px; z-index: 99999; top: 0px; left: 0px; position: absolute; display: none;\">\n<div style=\"overflow: hidden; width: 100%; clear: both; position: relative; top: 0; left: 0; height: 50px;\">\n<div id=\"piccshare_tint\" style=\"overflow: hidden; width: 100%; height: 50px; position: absolute; left: 0; bottom: 0; background-color: #000000; opacity: 0.6;\"><\/div>\n<div style=\"float: left; overflow: hidden; height: 50px; position: absolute; left: 10px; top: 10px;\"><a style=\"pointer-events: auto;\" href=\"\/\/piccshare.com\" target=\"_blank\"> <img loading=\"lazy\" decoding=\"async\" alt=\"\" src=\"\/\/piccshare.com\/images\/piclogo.png\" width=\"32\" height=\"32\" \/> <\/a><\/div>\n<\/div>\n<div id=\"piccshare_btn_list\" style=\"position: absolute; left: 52px; top: 15px; width: 100%; text-align: left;\"><img decoding=\"async\" id=\"piccshare_fb_btn\" style=\"pointer-events: auto; cursor: pointer; height: 21px; width: 20px;\" alt=\"\" src=\"\/\/piccshare.com\/images\/share_this3.png\" \/> <a id=\"piccshare_twitter_btn\" href=\"\/\/twitter.com\/intent\/tweet\"><img decoding=\"async\" style=\"pointer-events: auto; cursor: pointer; height: 21px; width: 20px; margin-left: 3px;\" alt=\"\" src=\"\/\/piccshare.com\/images\/share_this4.png\" \/><\/a> <img decoding=\"async\" id=\"piccshare_email_btn\" style=\"pointer-events: auto; cursor: pointer; height: 21px; width: 20px; margin-left: 3px;\" alt=\"\" src=\"\/\/piccshare.com\/images\/share_this5.png\" \/><\/div>\n<\/div>\n","protected":false},"excerpt":{"rendered":"<p>Von der Radtourenfahrt (RTF) des RV Sossenheim mit Startort Frankfurt-Riedberg kann ich nur aus dritter Hand berichten, auch Bilder gibt es nicht, da ich dem Ruf der Rh\u00f6n und dem des RC 03 Ilbenstadt zum Vereinsausflug gefolgt bin. Unter http:\/\/www.mmbici.de, &hellip; <a href=\"https:\/\/www.rc03-ilbenstadt.de\/?p=2211\">Weiterlesen <span class=\"meta-nav\">&rarr;<\/span><\/a><\/p>\n","protected":false},"author":9,"featured_media":0,"comment_status":"closed","ping_status":"closed","sticky":false,"template":"","format":"standard","meta":{"_crdt_document":"","footnotes":""},"categories":[1],"tags":[],"class_list":["post-2211","post","type-post","status-publish","format-standard","hentry","category-allgemein"],"_links":{"self":[{"href":"https:\/\/www.rc03-ilbenstadt.de\/index.php?rest_route=\/wp\/v2\/posts\/2211","targetHints":{"allow":["GET"]}}],"collection":[{"href":"https:\/\/www.rc03-ilbenstadt.de\/index.php?rest_route=\/wp\/v2\/posts"}],"about":[{"href":"https:\/\/www.rc03-ilbenstadt.de\/index.php?rest_route=\/wp\/v2\/types\/post"}],"author":[{"embeddable":true,"href":"https:\/\/www.rc03-ilbenstadt.de\/index.php?rest_route=\/wp\/v2\/users\/9"}],"replies":[{"embeddable":true,"href":"https:\/\/www.rc03-ilbenstadt.de\/index.php?rest_route=%2Fwp%2Fv2%2Fcomments&post=2211"}],"version-history":[{"count":0,"href":"https:\/\/www.rc03-ilbenstadt.de\/index.php?rest_route=\/wp\/v2\/posts\/2211\/revisions"}],"wp:attachment":[{"href":"https:\/\/www.rc03-ilbenstadt.de\/index.php?rest_route=%2Fwp%2Fv2%2Fmedia&parent=2211"}],"wp:term":[{"taxonomy":"category","embeddable":true,"href":"https:\/\/www.rc03-ilbenstadt.de\/index.php?rest_route=%2Fwp%2Fv2%2Fcategories&post=2211"},{"taxonomy":"post_tag","embeddable":true,"href":"https:\/\/www.rc03-ilbenstadt.de\/index.php?rest_route=%2Fwp%2Fv2%2Ftags&post=2211"}],"curies":[{"name":"wp","href":"https:\/\/api.w.org\/{rel}","templated":true}]}}