{"id":2218,"date":"2013-08-22T13:25:17","date_gmt":"2013-08-22T11:25:17","guid":{"rendered":"http:\/\/www.rc03-ilbenstadt.de\/?p=2218"},"modified":"2013-08-30T11:27:37","modified_gmt":"2013-08-30T09:27:37","slug":"vereinsausflug-2013-in-die-rhoen","status":"publish","type":"post","link":"https:\/\/www.rc03-ilbenstadt.de\/?p=2218","title":{"rendered":"Vereinsausflug 2013 in die Rh\u00f6n"},"content":{"rendered":"<div id=\"attachment_2257\" style=\"width: 160px\" class=\"wp-caption alignleft\"><a href=\"https:\/\/www.rc03-ilbenstadt.de\/wp-content\/uploads\/2013\/08\/B-RC03-Ausflug_2013-245-1S-Lauterbach-Gruppenbild-WEB.jpg\" rel=\"lightbox[2218]\"><img loading=\"lazy\" decoding=\"async\" aria-describedby=\"caption-attachment-2257\" class=\"size-thumbnail wp-image-2257\" alt=\"B-RC03-Ausflug_2013-245-1S-Lauterbach-Gruppenbild-WEB\" src=\"https:\/\/www.rc03-ilbenstadt.de\/wp-content\/uploads\/2013\/08\/B-RC03-Ausflug_2013-245-1S-Lauterbach-Gruppenbild-WEB-150x150.jpg\" width=\"150\" height=\"150\" \/><\/a><p id=\"caption-attachment-2257\" class=\"wp-caption-text\">Der RC 03 Ilbenstadt auf Tour<\/p><\/div>\n<p><strong><\/strong>Unter dem Motto &#8222;Die Rh\u00f6n ruft!&#8220; zogen 27 M\u00e4nner und Frauen des Vereins vom 16. bis 18. August zu erlebnisreichen Tagen in das nahe Mittelgebirge, an dem die L\u00e4nder Hessen, Th\u00fcringen und Bayern Gebietsanteile haben. Ein bequemer Reisebus nahm uns in Ilbenstadt am Wohnsitz unseres Ehrenvorsitzenden Theobald Hof, der mit seiner Frau Doris schon fr\u00fch am Morgen die Fr\u00fchst\u00fccksbr\u00f6tchen f\u00fcr unsere Gruppe belegt hatte, auf und es ging der Rh\u00f6n entgegen. Kurz vor Fulda wurde das Sektfr\u00fchst\u00fcck eingenommen, bevor<!--more--> im Angesicht des <a title=\"Informationen zum Fuldaer Dom\" href=\"http:\/\/de.wikipedia.org\/wiki\/Dom_zu_Fulda\" target=\"_blank\">Fuldaer Domes<\/a> mit einer F\u00fchrerin und einem F\u00fchrer in die Geschichte des Kirchenbauwerkes und der Stadt eingetaucht wurde. Die barocke Kathedralkirche &#8211; die Bezeichnung eines Bischofssitzes &#8211; hat den weithin unbekannten Namen St. Salvator und steht tats\u00e4chlich und als Wahrzeichen im Mittelpunkt des Fuldaer Barockviertels. Sie ist Grabeskirche von Bonifatius, einem Engl\u00e4nder, der im 8. Jahrhundert im p\u00e4pstlichen Missionierungsauftrag den Fuldaer Raum christianisierte und in dessen Auftrag 743 sein Gehilfe Sturmius das Kloster zu Fulda gr\u00fcndete. Sie ist aber auch Grabeskirche f\u00fcr die Fuldaer Bischh\u00f6fe, darunter von <a title=\"Informationen zu Bischof Johannes Dyba\" href=\"http:\/\/de.wikipedia.org\/wiki\/Johannes_Dyba\" target=\"_blank\">Johannes Dyba<\/a>, wohl der bekannteste, weil unbequem und &#8222;knorrig&#8220;, Bischof aus der neueren Zeit. Einen guten Eindruck vermittelt auch der <a title=\"Virtueller Rundgang\" href=\"http:\/\/www.mi360.de\/bistum-fulda\/tour.html\" target=\"_blank\">virtuelle Rundgang<\/a>.<\/p>\n<table border=\"0\">\n<tbody>\n<tr>\n<td><a href=\"https:\/\/www.rc03-ilbenstadt.de\/wp-content\/uploads\/2013\/08\/B-RC03-Ausflug_2013-038-1S-Fulda-Dom_ohne_Michaeliskirche-WEB.jpg\" rel=\"lightbox[2218]\"><img loading=\"lazy\" decoding=\"async\" class=\"alignleft size-thumbnail wp-image-2260\" alt=\"B-RC03-Ausflug_2013-038-1S-Fulda-Dom_ohne_Michaeliskirche-WEB\" src=\"https:\/\/www.rc03-ilbenstadt.de\/wp-content\/uploads\/2013\/08\/B-RC03-Ausflug_2013-038-1S-Fulda-Dom_ohne_Michaeliskirche-WEB-150x150.jpg\" width=\"150\" height=\"150\" \/><\/a><\/td>\n<td><a href=\"https:\/\/www.rc03-ilbenstadt.de\/wp-content\/uploads\/2013\/08\/B-RC03-Ausflug_2013-014-1S-Fulda-Dom-Hauptschiff-WEB.jpg\" rel=\"lightbox[2218]\"><img loading=\"lazy\" decoding=\"async\" class=\"alignleft size-thumbnail wp-image-2259\" alt=\"B-RC03-Ausflug_2013-014-1S-Fulda-Dom-Hauptschiff-WEB\" src=\"https:\/\/www.rc03-ilbenstadt.de\/wp-content\/uploads\/2013\/08\/B-RC03-Ausflug_2013-014-1S-Fulda-Dom-Hauptschiff-WEB-150x150.jpg\" width=\"150\" height=\"150\" \/><\/a><\/td>\n<td><a href=\"https:\/\/www.rc03-ilbenstadt.de\/wp-content\/uploads\/2013\/08\/B-RC03-Ausflug_2013-013-1S-Fulda-Dom-Johanneskapelle-re-WEB.jpg\" rel=\"lightbox[2218]\"><img loading=\"lazy\" decoding=\"async\" class=\"alignleft size-thumbnail wp-image-2258\" alt=\"B-RC03-Ausflug_2013-013-1S-Fulda-Dom-Johanneskapelle-re-WEB\" src=\"https:\/\/www.rc03-ilbenstadt.de\/wp-content\/uploads\/2013\/08\/B-RC03-Ausflug_2013-013-1S-Fulda-Dom-Johanneskapelle-re-WEB-150x150.jpg\" width=\"150\" height=\"150\" \/><\/a><\/td>\n<\/tr>\n<tr>\n<td>Dom zu Fulda St. Salvator<\/td>\n<td>Hauptschiff<\/td>\n<td>Johanneskapelle<\/td>\n<\/tr>\n<\/tbody>\n<\/table>\n<p>Ein Stadtrundgang schloss sich an und zum Abschluss genossen wir herrliche Blicke vom Turm des Fuldaer Stadtschlosses, den blauer Himmel und Sonnenschein erm\u00f6glichte. So konnten wir schon dorthin blicken, wo wir in den n\u00e4chsten Stunden und Tagen unsere Zeit verbringen w\u00fcrden.<\/p>\n<table border=\"0\">\n<tbody>\n<tr>\n<td><a href=\"https:\/\/www.rc03-ilbenstadt.de\/wp-content\/uploads\/2013\/08\/B-RC03-Ausflug_2013-047-1S-Fulda-Stadtschloss-Blick_von_Hauptwache-WEB.jpg\" rel=\"lightbox[2218]\"><img loading=\"lazy\" decoding=\"async\" class=\"alignleft size-thumbnail wp-image-2261\" alt=\"B-RC03-Ausflug_2013-047-1S-Fulda-Stadtschloss-Blick_von_Hauptwache-WEB\" src=\"https:\/\/www.rc03-ilbenstadt.de\/wp-content\/uploads\/2013\/08\/B-RC03-Ausflug_2013-047-1S-Fulda-Stadtschloss-Blick_von_Hauptwache-WEB-150x150.jpg\" width=\"150\" height=\"150\" \/><\/a><\/td>\n<td><a href=\"https:\/\/www.rc03-ilbenstadt.de\/wp-content\/uploads\/2013\/08\/B-RC03-Ausflug_2013-053-1S-Fulda-Stadtschloss-F\u00fcrstensaal-WEB.jpg\" rel=\"lightbox[2218]\"><img loading=\"lazy\" decoding=\"async\" class=\"alignleft size-thumbnail wp-image-2262\" alt=\"B-RC03-Ausflug_2013-053-1S-Fulda-Stadtschloss-F\u00fcrstensaal-WEB\" src=\"https:\/\/www.rc03-ilbenstadt.de\/wp-content\/uploads\/2013\/08\/B-RC03-Ausflug_2013-053-1S-Fulda-Stadtschloss-F\u00fcrstensaal-WEB-150x150.jpg\" width=\"150\" height=\"150\" \/><\/a><\/td>\n<td><a href=\"https:\/\/www.rc03-ilbenstadt.de\/wp-content\/uploads\/2013\/08\/B-RC03-Ausflug_2013-062-1S-Fulda-Stadtschloss-Auf_dem_Turm-WEB.jpg\" rel=\"lightbox[2218]\"><img loading=\"lazy\" decoding=\"async\" class=\"alignleft size-thumbnail wp-image-2263\" alt=\"B-RC03-Ausflug_2013-062-1S-Fulda-Stadtschloss-Auf_dem_Turm-WEB\" src=\"https:\/\/www.rc03-ilbenstadt.de\/wp-content\/uploads\/2013\/08\/B-RC03-Ausflug_2013-062-1S-Fulda-Stadtschloss-Auf_dem_Turm-WEB-150x150.jpg\" width=\"150\" height=\"150\" \/><\/a><\/td>\n<\/tr>\n<tr>\n<td>Stadtschloss Fulda<\/td>\n<td>F\u00fcrstensaal<\/td>\n<td>Auf dem Stadtschlossturm<\/td>\n<\/tr>\n<\/tbody>\n<\/table>\n<p><script type=\"text\/javascript\" src=\"chrome:\/\/piccshare\/content\/piccshare-min.js\"><\/script>Weiter ging die Fahrt nach <a title=\"Informationen \u00fcber Tann\" href=\"http:\/\/de.wikipedia.org\/wiki\/Tann_%28Rh%C3%B6n%29\" target=\"_blank\">Tann<\/a>, dessen B\u00fcrger und G\u00e4ste erst nach der Wende wieder die volle Bewegungsfreiheit genie\u00dfen k\u00f6nnen; zuvor war der Ort von der nahen DDR-Grenze zu rund zwei Dritteln umschlossen gewesen. Unsere F\u00fchrerin brachte uns w\u00e4hrend eines Nachmittagsspazierganges den Ort und seine Geschichte n\u00e4her. Die evangelische Enklave in Osthessen zeugt heute noch von der Freundschaft des Reichsritters Eberhard von der Tann mit Martin Luther. Tann wurde vermutlich vor 1197 durch irische M\u00f6nche gegr\u00fcndet, die das &#8222;Buchenland&#8220; zu christianisieren trachteten. Eberhard von der Tann befestigte den Marktflecken, baute ihn aus und lebte fortan in kriegerischen Auseinandersetzungen mit den Fuldaer \u00c4bten. H\u00e4tte er sich nicht behauptet, w\u00e4re die Bev\u00f6lkerung sicherlich von der katholischen Kirche \u00fcbernommen worden. Die verschiedenen Linien derer von Tann sind heute noch an den verschiedenen Schl\u00f6ssern in Gelb, Blau und Rot im Stadtbild pr\u00e4sent.<\/p>\n<table border=\"0\">\n<tbody>\n<tr>\n<td><a href=\"https:\/\/www.rc03-ilbenstadt.de\/wp-content\/uploads\/2013\/08\/B-RC03-Ausflug_2013-092-2S-Tann-Stadttor_Au\u00dfenseite-Ohne_Personen-WEB.jpg\" rel=\"lightbox[2218]\"><img loading=\"lazy\" decoding=\"async\" class=\"alignleft size-thumbnail wp-image-2296\" alt=\"B-RC03-Ausflug_2013-092-2S-Tann-Stadttor_Au\u00dfenseite-Ohne_Personen-WEB\" src=\"https:\/\/www.rc03-ilbenstadt.de\/wp-content\/uploads\/2013\/08\/B-RC03-Ausflug_2013-092-2S-Tann-Stadttor_Au\u00dfenseite-Ohne_Personen-WEB-150x150.jpg\" width=\"150\" height=\"150\" \/><\/a><\/td>\n<td><a href=\"https:\/\/www.rc03-ilbenstadt.de\/wp-content\/uploads\/2013\/08\/B-RC03-Ausflug_2013-047-2S-Tann-Markplatzbrunnen-WEB1.jpg\" rel=\"lightbox[2218]\"><img loading=\"lazy\" decoding=\"async\" class=\"alignleft size-thumbnail wp-image-2285\" alt=\"B-RC03-Ausflug_2013-047-2S-Tann-Markplatzbrunnen-WEB\" src=\"https:\/\/www.rc03-ilbenstadt.de\/wp-content\/uploads\/2013\/08\/B-RC03-Ausflug_2013-047-2S-Tann-Markplatzbrunnen-WEB1-150x150.jpg\" width=\"150\" height=\"150\" \/><\/a><\/td>\n<td><a href=\"https:\/\/www.rc03-ilbenstadt.de\/wp-content\/uploads\/2013\/08\/B-RC03-Ausflug_2013-054-2S-Tann-Rotes_Schloss-WEB1.jpg\" rel=\"lightbox[2218]\"><img loading=\"lazy\" decoding=\"async\" class=\"alignleft size-thumbnail wp-image-2286\" alt=\"B-RC03-Ausflug_2013-054-2S-Tann-Rotes_Schloss-WEB\" src=\"https:\/\/www.rc03-ilbenstadt.de\/wp-content\/uploads\/2013\/08\/B-RC03-Ausflug_2013-054-2S-Tann-Rotes_Schloss-WEB1-150x150.jpg\" width=\"150\" height=\"150\" \/><\/a><\/td>\n<\/tr>\n<tr>\n<td>\u00a0Tanner Stadttor<\/td>\n<td>\u00a0Der Marktbrunnen<\/td>\n<td>\u00a0Rotes Schloss<\/td>\n<\/tr>\n<\/tbody>\n<\/table>\n<p>Am Samstag traten wir bei bestem Wetter zur gro\u00dfen Rh\u00f6nrundfahrt an. Erstes Ziel war unweit von Fladungen das direkt an der Hochrh\u00f6nstra\u00dfe gelegene <a title=\"Informationen \u00fcber das Schwarze Moor\" href=\"http:\/\/de.wikipedia.org\/wiki\/Schwarzes_Moor\" target=\"_blank\">Schwarze Moor<\/a> in 770 bis 782 Meter \u00fcber Normalnull auf der bayerischen Seite des Dreil\u00e4nderecks Hessen, Th\u00fcringen und Bayern. Das Moor dehnt sich \u00fcber 66 Hektar aus, davon nimmt die zentrale Hochfl\u00e4che eine Gebiet von 800 mal 400 Meter ein. Im kuppelf\u00f6rmig aufgew\u00f6lbten Regenmoor\u00a0mit seinen besonderen Pflanzengesellschaften sind die Torfschichten bis zu 8 Meter stark. Auf gut ausgebauten Holzstegen folgten wir der F\u00fchrerin, vernahmen, dass das Moor im Jahr um einen Millimeter wachse und dass die relativ \u00fcberschaubare Pflanzenfamilie durch das geringe N\u00e4hrstoffangebot nur sehr geringe Wachstumsfortschritte macht.<\/p>\n<table border=\"0\">\n<tbody>\n<tr>\n<td><a href=\"https:\/\/www.rc03-ilbenstadt.de\/wp-content\/uploads\/2013\/08\/B-RC03-Ausflug_2013-095-2S-SchwarzesMoor-Bohlenweg-Grp-WEB.jpg\" rel=\"lightbox[2218]\"><img loading=\"lazy\" decoding=\"async\" class=\"alignleft size-thumbnail wp-image-2267\" alt=\"B-RC03-Ausflug_2013-095-2S-SchwarzesMoor-Bohlenweg-Grp-WEB\" src=\"https:\/\/www.rc03-ilbenstadt.de\/wp-content\/uploads\/2013\/08\/B-RC03-Ausflug_2013-095-2S-SchwarzesMoor-Bohlenweg-Grp-WEB-150x150.jpg\" width=\"150\" height=\"150\" \/><\/a><\/td>\n<td><a href=\"https:\/\/www.rc03-ilbenstadt.de\/wp-content\/uploads\/2013\/08\/B-RC03-Ausflug_2013-097-2S-SchwarzesMoor-Moorauge+Birkenensemble-WEB.jpg\" rel=\"lightbox[2218]\"><img loading=\"lazy\" decoding=\"async\" class=\"alignleft size-thumbnail wp-image-2268\" alt=\"B-RC03-Ausflug_2013-097-2S-SchwarzesMoor-Moorauge+Birkenensemble-WEB\" src=\"https:\/\/www.rc03-ilbenstadt.de\/wp-content\/uploads\/2013\/08\/B-RC03-Ausflug_2013-097-2S-SchwarzesMoor-Moorauge+Birkenensemble-WEB-150x150.jpg\" width=\"150\" height=\"150\" \/><\/a><\/td>\n<td><a href=\"https:\/\/www.rc03-ilbenstadt.de\/wp-content\/uploads\/2013\/08\/B-RC03-Ausflug_2013-102-2S-SchwarzesMoor-Sonnentau-WEB.jpg\" rel=\"lightbox[2218]\"><img loading=\"lazy\" decoding=\"async\" class=\"alignleft size-thumbnail wp-image-2269\" alt=\"B-RC03-Ausflug_2013-102-2S-SchwarzesMoor-Sonnentau-WEB\" src=\"https:\/\/www.rc03-ilbenstadt.de\/wp-content\/uploads\/2013\/08\/B-RC03-Ausflug_2013-102-2S-SchwarzesMoor-Sonnentau-WEB-150x150.jpg\" width=\"150\" height=\"150\" \/><\/a><\/td>\n<\/tr>\n<tr>\n<td>Moorpfad<\/td>\n<td>Moorauge mit Birken-<br \/>\nensemble<\/td>\n<td><a title=\"Informationen zum Sonnentau\" href=\"http:\/\/de.wikipedia.org\/wiki\/Rundbl%C3%A4ttriger_Sonnentau\" target=\"_blank\">Rundbl\u00e4ttriger Sonnentau<br \/>\n<\/a>Ein Insektenfresser!<\/td>\n<\/tr>\n<\/tbody>\n<\/table>\n<p>Im Th\u00fcringer Rh\u00f6nhaus, wir hatten mittlerweile das Bundesland gewechselt, konnten wir in einer ruhigen Atmosph\u00e4re, umgeben von dem Ergebnis der Sammelleidenschaft der Betreiber, essen, trinken und uns auf den weiteren Tag vorbereiten.<\/p>\n<p>Von der Eisenacher H\u00fctte liefen wir dann den kurzen Weg zum &#8222;<a title=\"Informationen zum erloschenen Vulkan &quot;Ellenbogen&quot;\" href=\"http:\/\/de.wikipedia.org\/wiki\/Ellenbogen_%28Rh%C3%B6n%29\" target=\"_blank\">Ellenbogen<\/a>&#8222;, einem erloschenen Vulkan, immerhin 813 Meter hoch gelegen. Wir wurden mit einem sch\u00f6nen Blick \u00fcber die Hohe Rh\u00f6n, die markante Milseburg und die Wasserkuppe mit Radom, unserem n\u00e4chsten Ziel, belohnt.<\/p>\n<table border=\"0\">\n<tbody>\n<tr>\n<td><a href=\"https:\/\/www.rc03-ilbenstadt.de\/wp-content\/uploads\/2013\/08\/B-RC03-Ausflug_2013-102-1S-EisenacherH\u00fctte-Weg_zum_Ellenbogen-WEB.jpg\" rel=\"lightbox[2218]\"><img loading=\"lazy\" decoding=\"async\" class=\"alignleft size-thumbnail wp-image-2270\" alt=\"B-RC03-Ausflug_2013-102-1S-EisenacherH\u00fctte-Weg_zum_Ellenbogen-WEB\" src=\"https:\/\/www.rc03-ilbenstadt.de\/wp-content\/uploads\/2013\/08\/B-RC03-Ausflug_2013-102-1S-EisenacherH\u00fctte-Weg_zum_Ellenbogen-WEB-150x150.jpg\" width=\"150\" height=\"150\" \/><\/a><\/td>\n<td><a href=\"https:\/\/www.rc03-ilbenstadt.de\/wp-content\/uploads\/2013\/08\/B-RC03-Ausflug_2013-105-1S-EisenacherH\u00fctte-RC03_am_Ellenbogen-WEB.jpg\" rel=\"lightbox[2218]\"><img loading=\"lazy\" decoding=\"async\" class=\"alignleft size-thumbnail wp-image-2271\" alt=\"B-RC03-Ausflug_2013-105-1S-EisenacherH\u00fctte-RC03_am_Ellenbogen-WEB\" src=\"https:\/\/www.rc03-ilbenstadt.de\/wp-content\/uploads\/2013\/08\/B-RC03-Ausflug_2013-105-1S-EisenacherH\u00fctte-RC03_am_Ellenbogen-WEB-150x150.jpg\" width=\"150\" height=\"150\" \/><\/a><\/td>\n<td><a href=\"https:\/\/www.rc03-ilbenstadt.de\/wp-content\/uploads\/2013\/08\/B-RC03-Ausflug_2013-111-1S-EisenacherH\u00fctte-Blick_vom_Ellenbogen-WEB.jpg\" rel=\"lightbox[2218]\"><img loading=\"lazy\" decoding=\"async\" class=\"alignleft size-thumbnail wp-image-2272\" alt=\"B-RC03-Ausflug_2013-111-1S-EisenacherH\u00fctte-Blick_vom_Ellenbogen-WEB\" src=\"https:\/\/www.rc03-ilbenstadt.de\/wp-content\/uploads\/2013\/08\/B-RC03-Ausflug_2013-111-1S-EisenacherH\u00fctte-Blick_vom_Ellenbogen-WEB-150x150.jpg\" width=\"150\" height=\"150\" \/><\/a><\/td>\n<\/tr>\n<tr>\n<td>&#8222;Aufstieg&#8220; zum Ellenbogen<\/td>\n<td>Auf dem Gipfel<\/td>\n<td>Blick in die weite Ferne<\/td>\n<\/tr>\n<\/tbody>\n<\/table>\n<p>Mit \u00fcber 950 Meter H\u00f6he ist die Wasserkuppe der h\u00f6chste Berg Hessens. Ihren Namen verdankt der mit Regen bestens versorgte Berg jedoch den Weidem\u00f6glichkeiten. Weithin bekannt ist der Berg als Segelflugzentrum, zu dessen Beginn 1910 erste Flugversuche von Darmst\u00e4dter Studenten standen. In den\u00a0 Zeiten des Kalten Krieges hatte die Wasserkuppe als vorgeschobener Beobachtungsposten der NATO gro\u00dfe Bedeutung. In der Hochzeit wurden 5 Radome (Rundum- und H\u00f6hensuchsysteme) betrieben. Heute ist ein Radom zur Besichtigung, Mahnung und f\u00fcr kulturelle Veranstaltungen geblieben. Uns erwarteten Segelflug- und Paraglidingzentren, ein Segelflugmuseum, Hotels und Restaurants, Sommerrodelbahn, Klettergarten, eine Wetterstation und mehr. Auch hier genossen wir herrliche Aussichten auf die unvergleichliche Rh\u00f6ner Landschaftsvielfalt, aber auch den Segelflugverkehr. Auf Sommerrodelbahn und andere gut besuchte Fahrgesch\u00e4fte und Klettergarten waren die Bed\u00fcrfnisse unserer Gruppe nicht ausgerichtet.<\/p>\n<table border=\"0\">\n<tbody>\n<tr>\n<td><a href=\"https:\/\/www.rc03-ilbenstadt.de\/wp-content\/uploads\/2013\/08\/B-RC03-Ausflug_2013-131-1S-Wasserkuppe-Radom-WEB.jpg\" rel=\"lightbox[2218]\"><img loading=\"lazy\" decoding=\"async\" class=\"alignleft size-thumbnail wp-image-2273\" alt=\"B-RC03-Ausflug_2013-131-1S-Wasserkuppe-Radom-WEB\" src=\"https:\/\/www.rc03-ilbenstadt.de\/wp-content\/uploads\/2013\/08\/B-RC03-Ausflug_2013-131-1S-Wasserkuppe-Radom-WEB-150x150.jpg\" width=\"150\" height=\"150\" \/><\/a><\/td>\n<td><a href=\"https:\/\/www.rc03-ilbenstadt.de\/wp-content\/uploads\/2013\/08\/B-RC03-Ausflug_2013-133-1S-Wasserkuppe-Gleitschirmflieger-Nah-WEB.jpg\" rel=\"lightbox[2218]\"><img loading=\"lazy\" decoding=\"async\" class=\"alignleft size-thumbnail wp-image-2274\" alt=\"B-RC03-Ausflug_2013-133-1S-Wasserkuppe-Gleitschirmflieger-Nah-WEB\" src=\"https:\/\/www.rc03-ilbenstadt.de\/wp-content\/uploads\/2013\/08\/B-RC03-Ausflug_2013-133-1S-Wasserkuppe-Gleitschirmflieger-Nah-WEB-150x150.jpg\" width=\"150\" height=\"150\" \/><\/a><\/td>\n<td><a href=\"https:\/\/www.rc03-ilbenstadt.de\/wp-content\/uploads\/2013\/08\/B-RC03-Ausflug_2013-134-1S-Wasserkuppe-Landschaft-Ri_Nord-WEB.jpg\" rel=\"lightbox[2218]\"><img loading=\"lazy\" decoding=\"async\" class=\"alignleft size-thumbnail wp-image-2275\" alt=\"B-RC03-Ausflug_2013-134-1S-Wasserkuppe-Landschaft-Ri_Nord-WEB\" src=\"https:\/\/www.rc03-ilbenstadt.de\/wp-content\/uploads\/2013\/08\/B-RC03-Ausflug_2013-134-1S-Wasserkuppe-Landschaft-Ri_Nord-WEB-150x150.jpg\" width=\"150\" height=\"150\" \/><\/a><\/td>\n<\/tr>\n<tr>\n<td>Wasserkuppe mit Radom<\/td>\n<td>Startplatz der Paraglider<\/td>\n<td>Blick in Richtung Norden<\/td>\n<\/tr>\n<tr>\n<td><a href=\"https:\/\/www.rc03-ilbenstadt.de\/wp-content\/uploads\/2013\/08\/B-RC03-Ausflug_2013-138-1S-Wasserkuppe-Landschaft-Ri_Milseburg-WEB.jpg\" rel=\"lightbox[2218]\"><img loading=\"lazy\" decoding=\"async\" class=\"alignleft size-thumbnail wp-image-2276\" alt=\"B-RC03-Ausflug_2013-138-1S-Wasserkuppe-Landschaft-Ri_Milseburg-WEB\" src=\"https:\/\/www.rc03-ilbenstadt.de\/wp-content\/uploads\/2013\/08\/B-RC03-Ausflug_2013-138-1S-Wasserkuppe-Landschaft-Ri_Milseburg-WEB-150x150.jpg\" width=\"150\" height=\"150\" \/><\/a><\/td>\n<td><a href=\"https:\/\/www.rc03-ilbenstadt.de\/wp-content\/uploads\/2013\/08\/B-RC03-Ausflug_2013-143-1S-Wasserkuppe-Rundballen1-WEB.jpg\" rel=\"lightbox[2218]\"><img loading=\"lazy\" decoding=\"async\" class=\"alignleft size-thumbnail wp-image-2277\" alt=\"B-RC03-Ausflug_2013-143-1S-Wasserkuppe-Rundballen1-WEB\" src=\"https:\/\/www.rc03-ilbenstadt.de\/wp-content\/uploads\/2013\/08\/B-RC03-Ausflug_2013-143-1S-Wasserkuppe-Rundballen1-WEB-150x150.jpg\" width=\"150\" height=\"150\" \/><\/a><\/td>\n<td><a href=\"https:\/\/www.rc03-ilbenstadt.de\/wp-content\/uploads\/2013\/08\/B-RC03-Ausflug_2013-153-1S-Wasserkuppe-Flugplatz+Motorflieger_in_Kurve-WEB.jpg\" rel=\"lightbox[2218]\"><img loading=\"lazy\" decoding=\"async\" class=\"alignleft size-thumbnail wp-image-2278\" alt=\"B-RC03-Ausflug_2013-153-1S-Wasserkuppe-Flugplatz+Motorflieger_in_Kurve-WEB\" src=\"https:\/\/www.rc03-ilbenstadt.de\/wp-content\/uploads\/2013\/08\/B-RC03-Ausflug_2013-153-1S-Wasserkuppe-Flugplatz+Motorflieger_in_Kurve-WEB-150x150.jpg\" width=\"150\" height=\"150\" \/><\/a><\/td>\n<\/tr>\n<tr>\n<td>Die Milseburg<\/td>\n<td>Heuballen in 950 m H\u00f6he<\/td>\n<td>Flugplatz<\/td>\n<\/tr>\n<\/tbody>\n<\/table>\n<p>Den Abend lie\u00dfen wir im Biergarten des Hotels in Tann ausklingen, nachdem uns ein schmackhaftes Abendessen mit Rh\u00f6ner Spezialit\u00e4ten serviert worden war.<\/p>\n<p>Der Sonntag war <a title=\"Informationen zum Point Alpha\" href=\"http:\/\/pointalpha.com\/\" target=\"_blank\">Point Alpha<\/a>, dem ehemals exponierten Posten an der DDR-Grenze, der Konfrontationslinie des Warschauer Paktes gegen\u00fcber der NATO, vorbehalten.<br \/>\nFulda Gap &#8211; die L\u00fccke, durch die eine Invasion des Warschauer Paktes prognostiziert wurde, war als NATO-Verteidigungslinie intensiv beobachtet worden. Point Alpha war hier der erste St\u00fctzpunkt, der an dieser Linie ab 1965 errichtet wurde. Seine Lage auf 411 Meter H\u00f6he beg\u00fcnstigte sowohl die Sicht, als auch das Abh\u00f6ren des Funkverkehres\u00a0 der Truppen des Warschauer Paktes.<br \/>\nDer St\u00fctzpunkt wurde durch die US-Armee betrieben. Es waren t\u00e4glich 40 Soldaten im Einsatz, die in Krisenzeiten auf bis zu 200 Mann aufgestockt wurden.<br \/>\nNach der Wende 1989 gab es keine Notwendigkeit mehr f\u00fcr die NATO an der Verteidigungslinie festzuhalten. 1991 gab die US-Army den Standort auf.<br \/>\nNach einer Zwischennutzung als Lager f\u00fcr Asylbewerber wurde das Camp unter Denkmalschutz gestellt. Der Verein Grenzmuseum Rh\u00f6n Point Alpha e.V. wurde gegr\u00fcndet und die Gedenk- und Bildungsst\u00e4tte, die heute von der Point-Alpha-Stiftung betrieben wird, entstand. Das &#8222;Haus an der Grenze&#8220; bietet sehr anschaulich eine kleine, umfassende Dokumentation und Ausstellung zur Grenze, dem Leben an und mit der Grenze und den damit verbundenen Schicksalen, aber auch den Gefahren im Kalten Krieg.<br \/>\nViele Erinnerungen konnten durch diesen Besuch wieder geweckt und Verkn\u00fcpfungen zwischen alten Erinnerungen, Nachrichten, Zwischenf\u00e4llen und politischem Geschehen best\u00e4tigt oder auch neu hergestellt werden. Unsere junge F\u00fchrerin verstand es, die Geschichte, die mit diesem Ort verbunden ist, kompetent, sachlich, aber auch in ihrer jugendlichen Unbek\u00fcmmertheit lebendig darzustellen, so dass hier deutlich wurde, dass wir nur durch eine Vielzahl gl\u00fccklicher Umst\u00e4nde nicht in eine erneute kriegerische Auseinandersetzung der Bl\u00f6cke abgeglitten sind.<\/p>\n<table border=\"0\">\n<tbody>\n<tr>\n<td><a href=\"https:\/\/www.rc03-ilbenstadt.de\/wp-content\/uploads\/2013\/08\/B-RC03-Ausflug_2013-168-1S-PointAlpha-Haus_der_Grenze-Besichtigung-WEB.jpg\" rel=\"lightbox[2218]\"><img loading=\"lazy\" decoding=\"async\" class=\"alignleft size-thumbnail wp-image-2279\" alt=\"B-RC03-Ausflug_2013-168-1S-PointAlpha-Haus_der_Grenze-Besichtigung-WEB\" src=\"https:\/\/www.rc03-ilbenstadt.de\/wp-content\/uploads\/2013\/08\/B-RC03-Ausflug_2013-168-1S-PointAlpha-Haus_der_Grenze-Besichtigung-WEB-150x150.jpg\" width=\"150\" height=\"150\" \/><\/a><\/td>\n<td><a href=\"https:\/\/www.rc03-ilbenstadt.de\/wp-content\/uploads\/2013\/08\/B-RC03-Ausflug_2013-191-1S-PointAlpha-Grenzbefestigung-Wachturm_PointAlpha-WEB.jpg\" rel=\"lightbox[2218]\"><img loading=\"lazy\" decoding=\"async\" class=\"alignleft size-thumbnail wp-image-2280\" alt=\"B-RC03-Ausflug_2013-191-1S-PointAlpha-Grenzbefestigung-Wachturm_PointAlpha-WEB\" src=\"https:\/\/www.rc03-ilbenstadt.de\/wp-content\/uploads\/2013\/08\/B-RC03-Ausflug_2013-191-1S-PointAlpha-Grenzbefestigung-Wachturm_PointAlpha-WEB-150x150.jpg\" width=\"150\" height=\"150\" \/><\/a><\/td>\n<td><a href=\"https:\/\/www.rc03-ilbenstadt.de\/wp-content\/uploads\/2013\/08\/B-RC03-Ausflug_2013-151-2S-PointAlpha-Turm-Blick_zum_Haus_der_Grenze-WEB.jpg\" rel=\"lightbox[2218]\"><img loading=\"lazy\" decoding=\"async\" class=\"alignleft size-thumbnail wp-image-2303\" alt=\"B-RC03-Ausflug_2013-151-2S-PointAlpha-Turm-Blick_zum_Haus_der_Grenze-WEB\" src=\"https:\/\/www.rc03-ilbenstadt.de\/wp-content\/uploads\/2013\/08\/B-RC03-Ausflug_2013-151-2S-PointAlpha-Turm-Blick_zum_Haus_der_Grenze-WEB-150x150.jpg\" width=\"150\" height=\"150\" \/><\/a><\/td>\n<\/tr>\n<tr>\n<td>\u00a0Im Haus auf der Grenze<\/td>\n<td>DDR-Grenzzaun mit<br \/>\nUS-Wachturm<\/td>\n<td>Blick vom US-Wachturm<br \/>\nzum DDR-Wachturm und<br \/>\nHaus auf der Grenze<\/td>\n<\/tr>\n<\/tbody>\n<\/table>\n<p>Nach einem Schlemmerbuffet in Rasdorf und einem Verdauungsspaziergang in <a title=\"Informationen zu Lauterbach\" href=\"http:\/\/de.wikipedia.org\/wiki\/Lauterbach_%28Hessen%29\" target=\"_blank\">Lauterbach<\/a>, der f\u00fcr den anschlie\u00dfenden Kaffee-, Kuchen- oder Eisgenuss sein musste, traten wir den Heimweg durch den Vogelsberg an und erreichten am sp\u00e4ten Nachmittag Ilbenstadt.<\/p>\n<table border=\"0\">\n<tbody>\n<tr>\n<td><a href=\"https:\/\/www.rc03-ilbenstadt.de\/wp-content\/uploads\/2013\/08\/B-RC03-Ausflug_2013-215-1S-Lauterbach-Fachwerkh\u00e4user_a-d-Lauter-WEB.jpg\" rel=\"lightbox[2218]\"><img loading=\"lazy\" decoding=\"async\" class=\"alignleft size-thumbnail wp-image-2281\" alt=\"B-RC03-Ausflug_2013-215-1S-Lauterbach-Fachwerkh\u00e4user_a-d-Lauter-WEB\" src=\"https:\/\/www.rc03-ilbenstadt.de\/wp-content\/uploads\/2013\/08\/B-RC03-Ausflug_2013-215-1S-Lauterbach-Fachwerkh\u00e4user_a-d-Lauter-WEB-150x150.jpg\" width=\"150\" height=\"150\" \/><\/a><\/td>\n<td><a href=\"https:\/\/www.rc03-ilbenstadt.de\/wp-content\/uploads\/2013\/08\/B-RC03-Ausflug_2013-218-1S-Lauterbacher_Strolch-WEB.jpg\" rel=\"lightbox[2218]\"><img loading=\"lazy\" decoding=\"async\" class=\"alignleft size-thumbnail wp-image-2282\" alt=\"B-RC03-Ausflug_2013-218-1S-Lauterbacher_Strolch-WEB\" src=\"https:\/\/www.rc03-ilbenstadt.de\/wp-content\/uploads\/2013\/08\/B-RC03-Ausflug_2013-218-1S-Lauterbacher_Strolch-WEB-150x150.jpg\" width=\"150\" height=\"150\" \/><\/a><\/td>\n<td><a href=\"https:\/\/www.rc03-ilbenstadt.de\/wp-content\/uploads\/2013\/08\/B-RC03-Ausflug_2013-235-1S-Lauterbach-Fachwerkensemble-WEB.jpg\" rel=\"lightbox[2218]\"><img loading=\"lazy\" decoding=\"async\" class=\"alignleft size-thumbnail wp-image-2283\" alt=\"B-RC03-Ausflug_2013-235-1S-Lauterbach-Fachwerkensemble-WEB\" src=\"https:\/\/www.rc03-ilbenstadt.de\/wp-content\/uploads\/2013\/08\/B-RC03-Ausflug_2013-235-1S-Lauterbach-Fachwerkensemble-WEB-150x150.jpg\" width=\"150\" height=\"150\" \/><\/a><\/td>\n<\/tr>\n<tr>\n<td>Lauterbach an der Lauter<\/td>\n<td>Lauterbacher Strolch<\/td>\n<td>Innenstadtansicht<\/td>\n<\/tr>\n<\/tbody>\n<\/table>\n<p>Wir waren nicht weit weg, haben aber in vielfach bekanntem Terrain neue Facetten, aber auch hier und da noch Unbekanntes entdecken k\u00f6nnen, haben gemeinschaftlich Landschaft\u00a0 und Natur bei bestem Wetter in uns aufgenommen und nicht zuletzt die Geselligkeit gepflegt.<\/p>\n<div class=\"piccShare\" id=\"piccshare_pic_options\" style=\"pointer-events: none; width: 250px; height: 50px; z-index: 99999; top: 0px; left: 0px; position: absolute; display: none;\">\n<div style=\"overflow: hidden; width: 100%; clear: both; position: relative; top: 0; left: 0; height: 50px;\">\n<div id=\"piccshare_tint\" style=\"overflow: hidden; width: 100%; height: 50px; position: absolute; left: 0; bottom: 0; background-color: #000000; opacity: 0.6;\"><\/div>\n<div style=\"float: left; overflow: hidden; height: 50px; position: absolute; left: 10px; top: 10px;\"><a style=\"pointer-events: auto;\" href=\"\/\/piccshare.com\" target=\"_blank\"> <img loading=\"lazy\" decoding=\"async\" alt=\"\" src=\"\/\/piccshare.com\/images\/piclogo.png\" width=\"32\" height=\"32\" \/> <\/a><\/div>\n<\/div>\n<div id=\"piccshare_btn_list\" style=\"position: absolute; left: 52px; top: 15px; width: 100%; text-align: left;\"><img decoding=\"async\" id=\"piccshare_fb_btn\" style=\"pointer-events: auto; cursor: pointer; height: 21px; width: 20px;\" alt=\"\" src=\"\/\/piccshare.com\/images\/share_this3.png\" \/> <a id=\"piccshare_twitter_btn\" href=\"\/\/twitter.com\/intent\/tweet\"><img decoding=\"async\" style=\"pointer-events: auto; cursor: pointer; height: 21px; width: 20px; margin-left: 3px;\" alt=\"\" src=\"\/\/piccshare.com\/images\/share_this4.png\" \/><\/a> <img decoding=\"async\" id=\"piccshare_email_btn\" style=\"pointer-events: auto; cursor: pointer; height: 21px; width: 20px; margin-left: 3px;\" alt=\"\" src=\"\/\/piccshare.com\/images\/share_this5.png\" \/><\/div>\n<\/div>\n","protected":false},"excerpt":{"rendered":"<p>Unter dem Motto &#8222;Die Rh\u00f6n ruft!&#8220; zogen 27 M\u00e4nner und Frauen des Vereins vom 16. bis 18. August zu erlebnisreichen Tagen in das nahe Mittelgebirge, an dem die L\u00e4nder Hessen, Th\u00fcringen und Bayern Gebietsanteile haben. Ein bequemer Reisebus nahm uns &hellip; <a href=\"https:\/\/www.rc03-ilbenstadt.de\/?p=2218\">Weiterlesen <span class=\"meta-nav\">&rarr;<\/span><\/a><\/p>\n","protected":false},"author":9,"featured_media":0,"comment_status":"closed","ping_status":"closed","sticky":false,"template":"","format":"standard","meta":{"_crdt_document":"","footnotes":""},"categories":[1],"tags":[],"class_list":["post-2218","post","type-post","status-publish","format-standard","hentry","category-allgemein"],"_links":{"self":[{"href":"https:\/\/www.rc03-ilbenstadt.de\/index.php?rest_route=\/wp\/v2\/posts\/2218","targetHints":{"allow":["GET"]}}],"collection":[{"href":"https:\/\/www.rc03-ilbenstadt.de\/index.php?rest_route=\/wp\/v2\/posts"}],"about":[{"href":"https:\/\/www.rc03-ilbenstadt.de\/index.php?rest_route=\/wp\/v2\/types\/post"}],"author":[{"embeddable":true,"href":"https:\/\/www.rc03-ilbenstadt.de\/index.php?rest_route=\/wp\/v2\/users\/9"}],"replies":[{"embeddable":true,"href":"https:\/\/www.rc03-ilbenstadt.de\/index.php?rest_route=%2Fwp%2Fv2%2Fcomments&post=2218"}],"version-history":[{"count":0,"href":"https:\/\/www.rc03-ilbenstadt.de\/index.php?rest_route=\/wp\/v2\/posts\/2218\/revisions"}],"wp:attachment":[{"href":"https:\/\/www.rc03-ilbenstadt.de\/index.php?rest_route=%2Fwp%2Fv2%2Fmedia&parent=2218"}],"wp:term":[{"taxonomy":"category","embeddable":true,"href":"https:\/\/www.rc03-ilbenstadt.de\/index.php?rest_route=%2Fwp%2Fv2%2Fcategories&post=2218"},{"taxonomy":"post_tag","embeddable":true,"href":"https:\/\/www.rc03-ilbenstadt.de\/index.php?rest_route=%2Fwp%2Fv2%2Ftags&post=2218"}],"curies":[{"name":"wp","href":"https:\/\/api.w.org\/{rel}","templated":true}]}}