{"id":2247,"date":"2013-08-26T09:01:52","date_gmt":"2013-08-26T07:01:52","guid":{"rendered":"http:\/\/www.rc03-ilbenstadt.de\/?p=2247"},"modified":"2013-09-04T09:40:27","modified_gmt":"2013-09-04T07:40:27","slug":"radtourenfahrt-rtf-des-rv-ober-moerlen-am-sonntag-dem-25-august-2013","status":"publish","type":"post","link":"https:\/\/www.rc03-ilbenstadt.de\/?p=2247","title":{"rendered":"Radtourenfahrt (RTF) des RV Ober-M\u00f6rlen am Sonntag, dem 25. August 2013"},"content":{"rendered":"<div id=\"attachment_2245\" style=\"width: 160px\" class=\"wp-caption alignleft\"><a href=\"https:\/\/www.rc03-ilbenstadt.de\/wp-content\/uploads\/2013\/08\/B-RC03-130825-10-RTF_Ober-M\u00f6rlen-Siegerehrung_Elvira-WEB.jpg\" rel=\"lightbox[2247]\"><img loading=\"lazy\" decoding=\"async\" aria-describedby=\"caption-attachment-2245\" class=\"size-thumbnail wp-image-2245\" alt=\"B-RC03-130825-10-RTF_Ober-M\u00f6rlen-Siegerehrung_Elvira-WEB\" src=\"https:\/\/www.rc03-ilbenstadt.de\/wp-content\/uploads\/2013\/08\/B-RC03-130825-10-RTF_Ober-M\u00f6rlen-Siegerehrung_Elvira-WEB-150x150.jpg\" width=\"150\" height=\"150\" \/><\/a><p id=\"caption-attachment-2245\" class=\"wp-caption-text\">Elvira Dinges mit dem Pokal f\u00fcr den 2. Platz<\/p><\/div>\n<p>Die heutige RTF beim RV Ober-M\u00f6rlen war von CTF-w\u00fcrdigen Strecken, bew\u00f6lktem Himmel, Nebel in den Morgenstunden, der Gott sei Dank noch einen weiten Blick erm\u00f6glichte und ab dem fr\u00fchen Vormittag durch Regen gepr\u00e4gt. Im Vergleich zu den Fr\u00fchjahrstouren zum Beispiel in Niederdorfelden, Egelsbach oder Karben waren die Bedingungen am heutigen Tage fast ideal &#8230; Die Teilnehmerzahlen sind mir zwar nicht bekannt, aber der Betrieb an Start und Ziel, sowie auf den Strecken, hielt sich in Grenzen. Schade, dass die Arbeit<!--more--> des RV Ober-M\u00f6rlen nicht durch ein gro\u00dfes Teilnehmerfeld belohnt wurde. Die Streckenf\u00fchrung war gelungen, wenn auch \u00fcber die bereits eingangs erw\u00e4hnten CTF-w\u00fcrdigen Strecken gestritten werden kann. Von der Wetterau ging es wieder in den s\u00fcdlichen Gie\u00dfener Raum, um von dort den Bereich zwischen Lahn und n\u00f6rdlichem Taunusrand unter die R\u00e4der zu nehmen. Je nach Streckenwahl fiel der Taunuskontakt mehr oder minder intensiv aus.<br \/>\nDie Wirtschaftswege von und nach Ober-M\u00f6rlen, sowie auch im weiteren Verlauf der Tour immer wieder mal gern genutzt, waren f\u00fcr Rennr\u00e4der des High-End-Bereiches sicher zu meistern, doch den Fahrerinnen und Fahrern in deren S\u00e4tteln hat der nicht immer glatte Belag, die partiellen Verschmutzungen mit Erde und Stroh und die teilweise gro\u00dffl\u00e4chigen Pf\u00fctzen mehr Kopfschmerzen bereitet. Nach dem Verlassen des Wirtschaftsweges in Ostheim kam dann noch mit einer Pflasterstrecke ein kleines Schmankerl \u00e1 la Paris-Roubaix. Mit einem Querfeldeinrad oder auf Neudeutsch Cyclocross, war man gut ger\u00fcstet. Auf die 35 mm breiten Pneus 6 bar Druck gegeben und man rollte widerstandsarm, vor Pannen weitgehend gefeit \u00fcber die Strecke. So war auch der gro\u00dfe Anteil asphaltierter Stra\u00dfen flott zu bew\u00e4ltigen. Doch kamen auch die Fahrerinnen und Fahrer mit einer klassischen Rennmaschine gut und sicher ins Ziel.<br \/>\nZu Beginn der Tour hoffte man noch halbwegs trocken ins Ziel zu kommen. In M\u00fcnzenberg hat mich dann der erste kurze Regenschauer getroffen, um am Ortsende wieder zu versiegen. In Langg\u00f6ns konnte ich dann alle Hoffnungen begraben, setzte doch der leichte Regen ein, der unter <a href=\"http:\/\/www.wetter.com\">www.wetter.com<\/a> wie folgt definiert wird: <i>&#8222;Niederschlag in fl\u00fcssiger Form in einem Gebiet &gt;10 km\u00b2 und l\u00e4nger als 45 Minuten (auch mit Unterbrechungen), Tr\u00f6pfchengr\u00f6\u00dfe 0,6 bis 3 mm, Regenmengen bis 0,5 l\/Stunde&#8220;<\/i>. Anfangs schien sich der Regen der genannten Definition beugen zu wollen, doch schien mir die Tr\u00f6pfchengr\u00f6\u00dfe an der Obergrenze und die Dichte versprach mehr wie 0,5 l\/Stunde. Als ich das Forsthaus Butzbach passierte, lief denn auch der Niederschlag ungehemmt durch meine Schuhe und die Funktionsbekleidung musste zeigen, ob sie ihr Geld wert war. Gezeichnet vom Regen und dem Schmutz der Wirtschaftswege wurde dann doch das Ziel ereicht. Die Temperaturen waren ausreichend mild, so dass der Regen ertr\u00e4glich war. \u00dcberwiegend strahlten gut gelaunte Sportlerinnen und Sportler Zufriedenheit \u00fcber ihre Leistung aus. Bei Kaffee, Kuchen und einer Grillwurst konnte dann zum geselligen Teil \u00fcbergegangen werden.<\/p>\n<p>Den Wettbewerb der BDR-Vereine entschied der RV Wanderlust Gambach mit 19 Starterinnen und Startern f\u00fcr sich. Wir folgten mit 16 tats\u00e4chlich gestarten Radlerinnen und Radlern auf Platz zwei. Im Angesicht des Wetters hatten einige sich spontan entschlossen, das Fahrrad nicht dem Regen auszusetzen. Mit 11 Startern belegte der RV Neu Anspach Platz drei. Dahinter folgten der RV Nieder-Weisel (10 Starter), der RV Hungen (8 Starter), der RV Schwalbe Asslar (6 Starter) und auf dem siebten Platz der RV Oppershofen (5 Starter).<\/p>\n<p>Am 1. September 2013 geht die sonnt\u00e4gliche Radtourenfahrt nach Rheinhessen, in das Rebenland. Die SKG Bauschheim ist\u00a0 Veranstalter, gestartet wird in der Sporthalle Am Weinfass 83 in 65428 R\u00fcsselsheim-Bauscheim. Zur Weinlese kommen wir noch zu fr\u00fch. Diese wird erst im Oktober beginnen.<\/p>\n<p>Impressionen der Ober-M\u00f6rlener Tour:<\/p>\n<table border=\"0\">\n<tbody>\n<tr>\n<td><a href=\"https:\/\/www.rc03-ilbenstadt.de\/wp-content\/uploads\/2013\/08\/B-RC03-130825-01-RTF_Ober-M\u00f6rlen-Streckenimpressionen-vor_Ostheim-WEB.jpg\" rel=\"lightbox[2247]\"><img loading=\"lazy\" decoding=\"async\" class=\"alignleft size-thumbnail wp-image-2239\" alt=\"B-RC03-130825-01-RTF_Ober-M\u00f6rlen-Streckenimpressionen-vor_Ostheim-WEB\" src=\"https:\/\/www.rc03-ilbenstadt.de\/wp-content\/uploads\/2013\/08\/B-RC03-130825-01-RTF_Ober-M\u00f6rlen-Streckenimpressionen-vor_Ostheim-WEB-150x150.jpg\" width=\"150\" height=\"150\" \/><\/a><\/td>\n<td><a href=\"https:\/\/www.rc03-ilbenstadt.de\/wp-content\/uploads\/2013\/08\/B-RC03-130825-03-RTF_Ober-M\u00f6rlen-Streckenimpressionen-M\u00fcnzenburg-WEB.jpg\" rel=\"lightbox[2247]\"><img loading=\"lazy\" decoding=\"async\" class=\"alignleft size-thumbnail wp-image-2240\" alt=\"B-RC03-130825-03-RTF_Ober-M\u00f6rlen-Streckenimpressionen-M\u00fcnzenburg-WEB\" src=\"https:\/\/www.rc03-ilbenstadt.de\/wp-content\/uploads\/2013\/08\/B-RC03-130825-03-RTF_Ober-M\u00f6rlen-Streckenimpressionen-M\u00fcnzenburg-WEB-150x150.jpg\" width=\"150\" height=\"150\" \/><\/a><\/td>\n<td><a href=\"https:\/\/www.rc03-ilbenstadt.de\/wp-content\/uploads\/2013\/08\/B-RC03-130825-04-RTF_Ober-M\u00f6rlen-Kontrolle2-Kurt+DieterK-WEB.jpg\" rel=\"lightbox[2247]\"><img loading=\"lazy\" decoding=\"async\" class=\"alignleft size-thumbnail wp-image-2241\" alt=\"B-RC03-130825-04-RTF_Ober-M\u00f6rlen-Kontrolle2-Kurt+DieterK-WEB\" src=\"https:\/\/www.rc03-ilbenstadt.de\/wp-content\/uploads\/2013\/08\/B-RC03-130825-04-RTF_Ober-M\u00f6rlen-Kontrolle2-Kurt+DieterK-WEB-150x150.jpg\" width=\"150\" height=\"150\" \/><\/a><\/td>\n<\/tr>\n<tr>\n<td><a href=\"https:\/\/www.rc03-ilbenstadt.de\/wp-content\/uploads\/2013\/08\/B-RC03-130825-05-RTF_Ober-M\u00f6rlen-Streckenimpressionen-vor_Nieder-Weisel-WEB.jpg\" rel=\"lightbox[2247]\"><img loading=\"lazy\" decoding=\"async\" class=\"alignleft size-thumbnail wp-image-2242\" alt=\"B-RC03-130825-05-RTF_Ober-M\u00f6rlen-Streckenimpressionen-vor_Nieder-Weisel-WEB\" src=\"https:\/\/www.rc03-ilbenstadt.de\/wp-content\/uploads\/2013\/08\/B-RC03-130825-05-RTF_Ober-M\u00f6rlen-Streckenimpressionen-vor_Nieder-Weisel-WEB-150x150.jpg\" width=\"150\" height=\"150\" \/><\/a><\/td>\n<td><a href=\"https:\/\/www.rc03-ilbenstadt.de\/wp-content\/uploads\/2013\/08\/B-RC03-130825-06-RTF_Ober-M\u00f6rlen-Streckenimpressionen-vor_Nieder-Weisel-WEB.jpg\" rel=\"lightbox[2247]\"><img loading=\"lazy\" decoding=\"async\" class=\"alignleft size-thumbnail wp-image-2243\" alt=\"B-RC03-130825-06-RTF_Ober-M\u00f6rlen-Streckenimpressionen-vor_Nieder-Weisel-WEB\" src=\"https:\/\/www.rc03-ilbenstadt.de\/wp-content\/uploads\/2013\/08\/B-RC03-130825-06-RTF_Ober-M\u00f6rlen-Streckenimpressionen-vor_Nieder-Weisel-WEB-150x150.jpg\" width=\"150\" height=\"150\" \/><\/a><\/td>\n<td><a href=\"https:\/\/www.rc03-ilbenstadt.de\/wp-content\/uploads\/2013\/08\/B-RC03-130825-08-RTF_Ober-M\u00f6rlen-Ziel-DieterH-WEB.jpg\" rel=\"lightbox[2247]\"><img loading=\"lazy\" decoding=\"async\" class=\"alignleft size-thumbnail wp-image-2244\" alt=\"B-RC03-130825-08-RTF_Ober-M\u00f6rlen-Ziel-DieterH-WEB\" src=\"https:\/\/www.rc03-ilbenstadt.de\/wp-content\/uploads\/2013\/08\/B-RC03-130825-08-RTF_Ober-M\u00f6rlen-Ziel-DieterH-WEB-150x150.jpg\" width=\"150\" height=\"150\" \/><\/a><\/td>\n<\/tr>\n<tr>\n<td><a href=\"https:\/\/www.rc03-ilbenstadt.de\/wp-content\/uploads\/2013\/08\/B-RC03-130825-14-RTF_Ober-M\u00f6rlen-Siegerehrung_Elvira+KlausD-WEB.jpg\" rel=\"lightbox[2247]\"><img loading=\"lazy\" decoding=\"async\" class=\"alignleft size-thumbnail wp-image-2246\" alt=\"B-RC03-130825-14-RTF_Ober-M\u00f6rlen-Siegerehrung_Elvira+KlausD-WEB\" src=\"https:\/\/www.rc03-ilbenstadt.de\/wp-content\/uploads\/2013\/08\/B-RC03-130825-14-RTF_Ober-M\u00f6rlen-Siegerehrung_Elvira+KlausD-WEB-150x150.jpg\" width=\"150\" height=\"150\" \/><\/a><\/td>\n<td><\/td>\n<td><\/td>\n<\/tr>\n<\/tbody>\n<\/table>\n","protected":false},"excerpt":{"rendered":"<p>Die heutige RTF beim RV Ober-M\u00f6rlen war von CTF-w\u00fcrdigen Strecken, bew\u00f6lktem Himmel, Nebel in den Morgenstunden, der Gott sei Dank noch einen weiten Blick erm\u00f6glichte und ab dem fr\u00fchen Vormittag durch Regen gepr\u00e4gt. Im Vergleich zu den Fr\u00fchjahrstouren zum Beispiel &hellip; <a href=\"https:\/\/www.rc03-ilbenstadt.de\/?p=2247\">Weiterlesen <span class=\"meta-nav\">&rarr;<\/span><\/a><\/p>\n","protected":false},"author":9,"featured_media":0,"comment_status":"closed","ping_status":"closed","sticky":false,"template":"","format":"standard","meta":{"_crdt_document":"","footnotes":""},"categories":[1],"tags":[],"class_list":["post-2247","post","type-post","status-publish","format-standard","hentry","category-allgemein"],"_links":{"self":[{"href":"https:\/\/www.rc03-ilbenstadt.de\/index.php?rest_route=\/wp\/v2\/posts\/2247","targetHints":{"allow":["GET"]}}],"collection":[{"href":"https:\/\/www.rc03-ilbenstadt.de\/index.php?rest_route=\/wp\/v2\/posts"}],"about":[{"href":"https:\/\/www.rc03-ilbenstadt.de\/index.php?rest_route=\/wp\/v2\/types\/post"}],"author":[{"embeddable":true,"href":"https:\/\/www.rc03-ilbenstadt.de\/index.php?rest_route=\/wp\/v2\/users\/9"}],"replies":[{"embeddable":true,"href":"https:\/\/www.rc03-ilbenstadt.de\/index.php?rest_route=%2Fwp%2Fv2%2Fcomments&post=2247"}],"version-history":[{"count":0,"href":"https:\/\/www.rc03-ilbenstadt.de\/index.php?rest_route=\/wp\/v2\/posts\/2247\/revisions"}],"wp:attachment":[{"href":"https:\/\/www.rc03-ilbenstadt.de\/index.php?rest_route=%2Fwp%2Fv2%2Fmedia&parent=2247"}],"wp:term":[{"taxonomy":"category","embeddable":true,"href":"https:\/\/www.rc03-ilbenstadt.de\/index.php?rest_route=%2Fwp%2Fv2%2Fcategories&post=2247"},{"taxonomy":"post_tag","embeddable":true,"href":"https:\/\/www.rc03-ilbenstadt.de\/index.php?rest_route=%2Fwp%2Fv2%2Ftags&post=2247"}],"curies":[{"name":"wp","href":"https:\/\/api.w.org\/{rel}","templated":true}]}}