{"id":2313,"date":"2013-09-04T09:37:14","date_gmt":"2013-09-04T07:37:14","guid":{"rendered":"http:\/\/www.rc03-ilbenstadt.de\/?p=2313"},"modified":"2013-09-06T23:36:07","modified_gmt":"2013-09-06T21:36:07","slug":"radtourenfahrt-rtf-in-ilbenstadt-am-sonntag-dem-8-september-2013","status":"publish","type":"post","link":"https:\/\/www.rc03-ilbenstadt.de\/?p=2313","title":{"rendered":"Radtourenfahrt (RTF) in Ilbenstadt am Sonntag, dem 8. September 2013 &#8211; Ank\u00fcndigung"},"content":{"rendered":"<p><a href=\"https:\/\/www.rc03-ilbenstadt.de\/wp-content\/uploads\/2013\/09\/B-RTF-Ilbenstadt-Vorbereitung-Ortsschild-WEB.jpg\" rel=\"lightbox[2313]\"><img loading=\"lazy\" decoding=\"async\" class=\"alignleft size-thumbnail wp-image-2317\" style=\"margin: 5px;\" alt=\"B-RTF-Ilbenstadt-Vorbereitung-Ortsschild-WEB\" src=\"https:\/\/www.rc03-ilbenstadt.de\/wp-content\/uploads\/2013\/09\/B-RTF-Ilbenstadt-Vorbereitung-Ortsschild-WEB-150x150.jpg\" width=\"150\" height=\"150\" \/><\/a>Der Sp\u00e4tsommer wartet am Sonntag mit einem traumhaften Radlwetter. Die Temperaturen werden am Morgen um die 22\u00b0 Celsius liegen und steigen bis auf 28\u00b0 Celsius in den Mittagstunden. Der Himmel strahlt \u00fcberwiegend blau, allenfalls 1\/8 bis 3\/8 sind mit Wolken bedeckt. So steht einem Start bei der RTF &#8222;<a title=\"Ausschreibung der RTF &quot;Rund um Ilbenstadt&quot;\" href=\"https:\/\/www.rc03-ilbenstadt.de\/?page_id=328\" target=\"_blank\">Rund um Ilbenstadt<\/a>&#8220; kein nennenswertes Hindernis entgegen. Wir schildern vier Strecken Strecken f\u00fcr Sie aus. W\u00e4hrend die Touren mit 42 und 75 Kilometern die reizvolle Wetterau mit den jetzt \u00fcberwiegend abgeernteten Feldern durchqueren,<!--more--> streift die 114 Kilometer-Strecke mit Glash\u00fctten, Wenings, Bindsachsen und Gelnhaar schon mal den Vogelsberg. Unsere 156 Kilometer-Strecke erschlie\u00dft Ihnen die sp\u00e4tsommerliche Sch\u00f6nheit des Vogelsberges, fordert aber auch den Willen und die Kraft, die Steigungen zu meistern. Letzteres wird Ihnen mit der guten Kondition, die Sie sich im Laufe der langen Radfahrsaison erarbeitet haben, gelingen.<\/p>\n<p>An den Kontrollpunkten halten wir Bananen, Kekse, Tee und Wasser f\u00fcr Sie bereit. An Start und Ziel haben Sie die Gelegenheit, die Tour in geselliger Runde ausklingen zu lassen. F\u00fcr das leibliche Wohl wird mit Getr\u00e4nken, Gegrilltem und einer reichhaltigen Kuchentheke gesorgt.<\/p>\n<p><strong>F\u00fcr Einsteiger<br \/>\n<\/strong>Sie wissen nicht, was sich hinter einer organisierten Radtourenfahrt verbirgt? Kommen Sie zu uns und erfahren Sie im wahrsten Sinne des Wortes, was sich dahinter verbirgt. Jedermann ist willkommen. An das Sportger\u00e4t werden keine besonderen Anforderungen gestellt, obwohl das Rennrad von der Streckencharakteristik her sicher erste Wahl w\u00e4re. Im Gegensatz zu Trimmtouren oder dem Radwandern steht bei einer RTF schon der sportliche Aspekt im Vordergrund. Sie k\u00f6nnen Ihrem Leistungsstand entsprechend eine Strecke w\u00e4hlen und diese in Ihrem Tempo, Ihrem Rhythmus und damit innerhalb Ihrer individuellen M\u00f6glichkeiten absolvieren. Eine Zeitnahme erfolgt bei diesen Breitensportveranstaltungen nicht. Sie k\u00f6nnen die Tour alleine fahren oder sich anderen Radlerinnen und Radlern anschlie\u00dfen. Kommen Sie nach Ilbenstadt und genie\u00dfen Sie einen Tag rund um das Fahrrad!<\/p>\n<p>Die Ausschreibung zur RTF finden Sie auf unserer Seite unter &#8222;Veranstaltungen&#8220; und &#8222;<a title=\"Ausschreibung zur Herbst-RTF 2013\" href=\"https:\/\/www.rc03-ilbenstadt.de\/?page_id=328\" target=\"_blank\">Herbst RTF 2013<\/a>&#8222;<\/p>\n","protected":false},"excerpt":{"rendered":"<p>Der Sp\u00e4tsommer wartet am Sonntag mit einem traumhaften Radlwetter. Die Temperaturen werden am Morgen um die 22\u00b0 Celsius liegen und steigen bis auf 28\u00b0 Celsius in den Mittagstunden. Der Himmel strahlt \u00fcberwiegend blau, allenfalls 1\/8 bis 3\/8 sind mit Wolken &hellip; <a href=\"https:\/\/www.rc03-ilbenstadt.de\/?p=2313\">Weiterlesen <span class=\"meta-nav\">&rarr;<\/span><\/a><\/p>\n","protected":false},"author":9,"featured_media":0,"comment_status":"closed","ping_status":"closed","sticky":false,"template":"","format":"standard","meta":{"_crdt_document":"","footnotes":""},"categories":[1],"tags":[],"class_list":["post-2313","post","type-post","status-publish","format-standard","hentry","category-allgemein"],"_links":{"self":[{"href":"https:\/\/www.rc03-ilbenstadt.de\/index.php?rest_route=\/wp\/v2\/posts\/2313","targetHints":{"allow":["GET"]}}],"collection":[{"href":"https:\/\/www.rc03-ilbenstadt.de\/index.php?rest_route=\/wp\/v2\/posts"}],"about":[{"href":"https:\/\/www.rc03-ilbenstadt.de\/index.php?rest_route=\/wp\/v2\/types\/post"}],"author":[{"embeddable":true,"href":"https:\/\/www.rc03-ilbenstadt.de\/index.php?rest_route=\/wp\/v2\/users\/9"}],"replies":[{"embeddable":true,"href":"https:\/\/www.rc03-ilbenstadt.de\/index.php?rest_route=%2Fwp%2Fv2%2Fcomments&post=2313"}],"version-history":[{"count":0,"href":"https:\/\/www.rc03-ilbenstadt.de\/index.php?rest_route=\/wp\/v2\/posts\/2313\/revisions"}],"wp:attachment":[{"href":"https:\/\/www.rc03-ilbenstadt.de\/index.php?rest_route=%2Fwp%2Fv2%2Fmedia&parent=2313"}],"wp:term":[{"taxonomy":"category","embeddable":true,"href":"https:\/\/www.rc03-ilbenstadt.de\/index.php?rest_route=%2Fwp%2Fv2%2Fcategories&post=2313"},{"taxonomy":"post_tag","embeddable":true,"href":"https:\/\/www.rc03-ilbenstadt.de\/index.php?rest_route=%2Fwp%2Fv2%2Ftags&post=2313"}],"curies":[{"name":"wp","href":"https:\/\/api.w.org\/{rel}","templated":true}]}}