{"id":2360,"date":"2013-09-08T20:00:39","date_gmt":"2013-09-08T18:00:39","guid":{"rendered":"http:\/\/www.rc03-ilbenstadt.de\/?p=2360"},"modified":"2013-09-10T17:57:39","modified_gmt":"2013-09-10T15:57:39","slug":"radtourenfahrt-rtf-in-ilbenstadt-am-sonntag-dem-8-september-2013-bericht","status":"publish","type":"post","link":"https:\/\/www.rc03-ilbenstadt.de\/?p=2360","title":{"rendered":"Radtourenfahrt (RTF) in Ilbenstadt am Sonntag, dem 8. September 2013 &#8211; Bericht"},"content":{"rendered":"<div id=\"attachment_2495\" style=\"width: 160px\" class=\"wp-caption alignleft\"><a title=\"Siegerehrung der BDR-Vereine\" href=\"https:\/\/www.rc03-ilbenstadt.de\/wp-content\/uploads\/2013\/09\/B-RTF-130908-77-Ilbenstadt-Start+Ziel-Siegerehrung_Gruppenbild-Foto_IngeS-WEB.jpg\" rel=\"lightbox[2360]\"><img loading=\"lazy\" decoding=\"async\" aria-describedby=\"caption-attachment-2495\" class=\"size-thumbnail wp-image-2495\" style=\"margin-top: 5px; margin-bottom: 5px;\" alt=\"B-RTF-130908-77-Ilbenstadt-Start+Ziel-Siegerehrung_Gruppenbild-Foto_IngeS-WEB\" src=\"https:\/\/www.rc03-ilbenstadt.de\/wp-content\/uploads\/2013\/09\/B-RTF-130908-77-Ilbenstadt-Start+Ziel-Siegerehrung_Gruppenbild-Foto_IngeS-WEB-150x150.jpg\" width=\"150\" height=\"150\" \/><\/a><p id=\"caption-attachment-2495\" class=\"wp-caption-text\">Siegerehrung der BDR-Vereine<\/p><\/div>\n<p><strong>Unsere diesj\u00e4hrige Radtourenfahrt war von einem regnerischen Herbsteinbruch begleitet, der neben Konkurrenzveranstaltungen in Idstein und B\u00fcrstadt die Teilnehmerzahlen in den Keller sacken lie\u00df. Die Touren waren allesamt gut vorbereitet, die Ausschilderung und die Kontrollstellen, an denen es auch Obst, Kekse und Getr\u00e4nke gab, standen bis in den Vogelsberg. Zwei Servicefahrzeuge waren auf der Strecke und lediglich 110 Sportlerinnen und Sportler, die sich auf die vier Strecken von 42, 76, 114 und 156 Kilometern verteilten, und die kurz nach dem Start bei moderaten Temperaturen und niederschlagsfrei die Landschaften der Wetterau und des Vogelsbergs in sich aufnehmen konnten.<\/strong><\/p>\n<p><strong>An der Trimmtour durch die n\u00e4here Feldgemarkung um Ilbenstadt nahmen 49 Kinder, Frauen und M\u00e4nner teil. Zwei gro\u00dfe Mannschaften wurden durch die Ilbenst\u00e4dter Feuerwehr und durch den Turnverein gebildet.<!--more--><\/strong><\/p>\n<p>Zum <a title=\"Lifeticker von der RTF\" href=\"https:\/\/www.rc03-ilbenstadt.de\/?page_id=633\" target=\"_blank\">Liveticker<br \/>\n<\/a><span style=\"color: #ff0000;\"><span style=\"color: #000000;\">Zur<\/span> <a title=\"Zur Bildergalerie\" href=\"https:\/\/www.rc03-ilbenstadt.de\/?page_id=2387\" target=\"_blank\">Bildergalerie <\/a><\/span><\/p>\n<p><strong>Zur Radtourenfahrt (RTF):<\/strong><br \/>\nDie Tage der Vorbereitung, die schon f\u00fcr den harten Kern der Helfermannschaft um unseren RTF-Fachwart Werner Gundlach und um unseren 2. Vorsitzenden Peter Volk nicht unerhebliche Belastungen brachten, waren mit Veranstaltungsbeginn vorbei. Einen Teil unserer Erwartungen in ein gro\u00dfes Teilnehmerfeld mussten wir am Sonntagmorgen sehr fr\u00fch begraben, da gegen 05:30 Uhr starker Regen einsetzte, nachdem noch zur Wochenmitte ein traumhaftes Sp\u00e4tsommerwetter vorhergesagt worden war. Bis zum Veranstaltungsbeginn lie\u00df der Regen zwar etwas nach, h\u00f6rte aber nicht auf und auch die moderaten Temperaturen vermochten es nicht, den Gro\u00dfteil der Radlerinnen und Radler in den Sattel zu locken. So konnten wir nur 110 unentwegte Sportlerinnen und Sportler in Ilbenstadt am Start begr\u00fc\u00dfen, 50 weitere blieben trotz Voranmeldung und gezahltem Startgeld zu Hause. Der erste Radsportler kam bereits um 06:30 Uhr mit guter Beleuchtung auf dem Fahrrad aus Frankfurt angereist. Er war nass, zufrieden und f\u00fcr den weiteren Tag optimistisch und ging nach einer kurzen Kaffeepause um 07:00 Uhr auf die 156 Kilometer-Tour. So eingestellt kamen noch einige zum Start; die Sp\u00e4tstarter hatten auch an diesem Tag Gl\u00fcck, konnten sie doch ihre gew\u00e4hlte Tour ohne weiteren Niederschlag absolvieren.<br \/>\nDie 42 und die 76 Kilometer-Strecken blieben in der Wetterau. W\u00e4hrend die 42 Kilometer-Strecke \u00fcber Friedberg, Bingenheim und Staden wieder zum Ziel gef\u00fchrt wurde, konnten auf der 76 Kilometer-Strecke das &#8222;Wetterauer Tintenfass&#8220;, die M\u00fcnzenburg, passiert werden, bevor es \u00fcber Nidda und Dauernheim wieder nach Ilbenstadt ging. Diese Strecken werden von Sternfahrern gern genutzt, denen die Anfahrt per Rad auf die erbrachte Leistung angerechnet wird, damit sie die Punkte f\u00fcr den n\u00e4chsten Level auf 114 oder 156 Kilometer schaffen.<\/p>\n<p>Die 114 Kilometer-Tour lie\u00df denn schon ein bisschen Vogelsberggef\u00fchl in den Oberschenkeln aufkommen, denn hinter Nidda waren der ein oder andere H\u00fcgel im weiteren Tourverlauf \u00fcber Glash\u00fctten, Wenings und Bindsachsen zu bew\u00e4ltigen. Wer die 156 Kilometer unter die R\u00e4der nahm, brauchte sich um H\u00fcgel in der sch\u00f6nen Landschaft des Vogelsberges nicht zu sorgen. Wer die Ortsnamen Breungeshain, Hartmannshain, Grebenhain, W\u00fcstwillenroth und Nieder-Seemen kennt, wei\u00df auch, dass es ohne H\u00f6henmeter zu bew\u00e4ltigen nicht geht. Elf Radsportler hatten sich der Herausforderung gestellt und haben damit auch unsere logistischen Leistungen und die Betreuung durch die Kontrollstelle in Breungeshain und Nieder-Seemen nicht ins Leere laufen lassen.Die Streckenf\u00fchrung fand allgemein Anklang. Dass wir hier und da auch breite Wirtschaftswege, die auch als Radwege ausgewiesen sind, eingebaut hatten, war dem Bestreben geschuldet, die ein oder andere stark befahrene Stra\u00dfe zu umgehen. Allerdings muss ich auch die sonst von mir ge\u00fcbte &#8222;Kritik&#8220; (siehe Berichte zu Sossenheim und Ober-M\u00f6rlen) f\u00fcr diese Wegf\u00fchrung an die eigene Brust heften und dar\u00fcber hinaus unserem RTF-Fachwart f\u00fcr die verkehrssichernde Ma\u00dfnahme Respekt zollen. Es ist nicht immer leicht, alle Bed\u00fcrfnisse unter einen Hut zu bringen.<\/p>\n<p>Am Start und Ziel haben wir mit einer reichhaltigen Kuchentheke, mit Grillgut, Kartoffelpuffern und Getr\u00e4nken, den Rahmen geboten, der Ausdauersportlern nach Stunden auf dem Rad zu einer ersten Regeneration dienlich ist und der die Geselligkeit unter den Sportlern f\u00f6rdert. Hier konnte man den Austausch pflegen, der auf dem Rad\u00a0 nicht immer ausf\u00fchrlich gelingt oder man sich auf der Strecke wegen vorhandener Leistungsunterschiede kurz oder gar nicht sieht.<\/p>\n<p>Angesichts der geringen Teilnehmerzahl waren denn auch die Zahlen, die wir in der Siegerehrung zugrunde legen mussten, auf einem niedrigern Niveau.<br \/>\nFolgende Platzierungen sind erreicht worden:<\/p>\n<p>1. Platz mit 11 Startern &#8211; RV Ober-M\u00f6rlen<\/p>\n<p>2. Platz mit 10 Startern &#8211; RV Germania Nieder-Weisel<\/p>\n<p>3. Platz mit\u00a0\u00a0 9 Startern &#8211; RTC Sandhasen 1988 W\u00f6lfersheim<\/p>\n<p>4. Platz mit\u00a0\u00a0 8 Startern &#8211; Germania Hungen<\/p>\n<p>5. Platz mit\u00a0\u00a0 6 Startern &#8211; RC Hattersheim<\/p>\n<p>Der RC Hattersheim konnte den Wanderpokal in diesem Jahr nicht wieder verteidigen. J\u00f6rg Fedler vom RV Ober-M\u00f6rler durfte ihn in diesem Jahr in Empfang nehmen. Unsere Gl\u00fcckw\u00fcnsche gehen an die platzierten und wetterfesten Mannschaften. Wir danken herzlich f\u00fcr die Teilnahme an unserer Veranstaltung und hoffen auf ein Wiedersehen in Ilbenstadt im Jahr 2014.<\/p>\n<p><strong><br \/>\nZur Familien- und Trimmtour:<\/strong><\/p>\n<table border=\"0\">\n<tbody>\n<tr>\n<td><a href=\"https:\/\/www.rc03-ilbenstadt.de\/wp-content\/uploads\/2013\/09\/B-RTF-130908-87-Ilbenstadt-Start+Ziel-Siegereehrung-Trimmtour-Gruppenbild-Foto_IngeS-WEB.jpg\" rel=\"lightbox[2360]\"><img loading=\"lazy\" decoding=\"async\" class=\"size-thumbnail wp-image-2501  alignleft\" style=\"margin-top: 5px; margin-bottom: 5px;\" alt=\"Familien- und Trimmtour Die Siegerehrung der Mannschaften \" src=\"https:\/\/www.rc03-ilbenstadt.de\/wp-content\/uploads\/2013\/09\/B-RTF-130908-87-Ilbenstadt-Start+Ziel-Siegereehrung-Trimmtour-Gruppenbild-Foto_IngeS-WEB-150x150.jpg\" width=\"150\" height=\"150\" \/><\/a><\/td>\n<td><\/td>\n<td><a href=\"https:\/\/www.rc03-ilbenstadt.de\/wp-content\/uploads\/2013\/09\/B-RTF-130908-60-Ilbenstadt-Trimmtour-W\u00f6llstadt-Famileinfoto_Giovanni-WEB.jpg\" rel=\"lightbox[2360]\"><img loading=\"lazy\" decoding=\"async\" class=\"size-thumbnail wp-image-2484\" alt=\"B-RTF-130908-60-Ilbenstadt-Trimmtour-W\u00f6llstadt-Famileinfoto_Giovanni-WEB\" src=\"https:\/\/www.rc03-ilbenstadt.de\/wp-content\/uploads\/2013\/09\/B-RTF-130908-60-Ilbenstadt-Trimmtour-W\u00f6llstadt-Famileinfoto_Giovanni-WEB-150x150.jpg\" width=\"150\" height=\"150\" \/><\/a><\/td>\n<\/tr>\n<tr>\n<td>Familien- und<br \/>\nTrimmtour:<br \/>\nDie Siegerehrung der<br \/>\nMannschaften<\/td>\n<td><\/td>\n<td>Zwei Familien an der<br \/>\nKontrollstelle. Dabei der<br \/>\nj\u00fcngste Teilnehmer mit<br \/>\nder Startnummer 49<\/td>\n<\/tr>\n<\/tbody>\n<\/table>\n<p>Die Trimmtour wurde von unserem Radwanderfachwart Lutz Delling ausgeschildert. Er hat bei der Streckenf\u00fchrung darauf geachtet, dass Stra\u00dfen mit Kraftfahrzeugen au\u00dfen vor bleiben. Die Streckenl\u00e4nge wurde so gew\u00e4hlt, dass sie auch von Famlilien gut zu bew\u00e4ltigen war.<\/p>\n<p>Zun\u00e4chst radelte die Trimmgemeinde in Richtung Burg-Gr\u00e4fenrode, um dann nach Nieder-W\u00f6llstadt abzubiegen. Bei Ober-W\u00f6llstadt konnte sich an einer Kontrollstelle gelabt werden, Bananen, Kekse, Tee und Wasser hielten Giovanni DiRosa und Michael Hammann bereit. Von dort ging es weiter um Ober-W\u00f6llstadt herum in die Gemarkung nach Friedberg, um dann \u00fcber Bruchenbr\u00fccken und Assenheim wieder nach Ilbenstadt zu gelangen. Zwei gr\u00f6\u00dfere Gruppen konnten sich in diesem Jahr zur Teilnahme entschlie\u00dfen. Die Freiwillige Feuerwehr schickte als Einzelstarter Wolfgang Jurida auf die Strecke, der es offenbar eilig hatte, denn selbst die kulinarischen Gen\u00fcsse und die Bank an der Kontrollstelle in Ober-W\u00f6llstadt beachtete er kaum. Der urspr\u00fcngliche Verdacht, dass er als Vorhut Insiderwissen \u00fcber die Strecke weitergeben k\u00f6nnte, best\u00e4tigte sich nicht. Offensichtlich war er von einem privaten sonnt\u00e4glichen Termin getrieben in Eile \u00fcber die Strecke gehuscht und hat so seine Mannschaft nicht geschw\u00e4cht. Eine 13-k\u00f6pfige Feuerwehrmannschaft, dabei zwei Kinder, folgte sp\u00e4ter seinen Spuren. Der Pokalverteidiger, der Ilbenst\u00e4dter Turnverein, ging dann mit 13 Kindern und 22 Erwachsen auf die Strecke und sicherte sich so die Pokalverteidigung. Diesen beiden Gruppen folgten dann noch zwei Familien, deren j\u00fcngster Spross mit der Startnummer 49 offensichtlich der j\u00fcngste Teilnehmer war, der stolz und guter Dinge diese Herausforderung hinter sich gebracht hat. F\u00fcr die Kinder gab es Erinnerungsmedaillen, f\u00fcr die Pl\u00e4tze 1 und 2 Pokale. Den Wanderpokal der Firma <a title=\"TRADECONNECTIONKREBS\" href=\"http:\/\/www.tc-krebs.com\/Flash\/site1b-8.html\"><strong>TRADECONNECTIONKREBS<\/strong><\/a> \u2013 Digitale Mediengestaltung und Werbung, wurde vom Vorsitzenden des Turnvereins, Herwig Lauer, entgegen genommen.<\/p>\n<p>Im n\u00e4chsten Jahr wollen wir eine ge\u00e4nderte und nicht minder attraktive Strecke anbieten und hoffen, dass wir hier die diesj\u00e4hrigen Teilnehmerinnen und Teilnehmer wiedersehen und dar\u00fcber hinaus noch weitere Ortsvereine und Gruppen zur geselligen Trimmfahrt gewinnen k\u00f6nnen. Wir freuen uns besonders auf die angek\u00fcndigte Tandemfahrt von Herrn B\u00fcrgermeister Dr. Hertel mit unserem Pressevertreter, Herrn Dr. Udo Dickenberger.<\/p>\n","protected":false},"excerpt":{"rendered":"<p>Unsere diesj\u00e4hrige Radtourenfahrt war von einem regnerischen Herbsteinbruch begleitet, der neben Konkurrenzveranstaltungen in Idstein und B\u00fcrstadt die Teilnehmerzahlen in den Keller sacken lie\u00df. Die Touren waren allesamt gut vorbereitet, die Ausschilderung und die Kontrollstellen, an denen es auch Obst, Kekse &hellip; <a href=\"https:\/\/www.rc03-ilbenstadt.de\/?p=2360\">Weiterlesen <span class=\"meta-nav\">&rarr;<\/span><\/a><\/p>\n","protected":false},"author":9,"featured_media":0,"comment_status":"closed","ping_status":"closed","sticky":false,"template":"","format":"standard","meta":{"_crdt_document":"","footnotes":""},"categories":[1],"tags":[],"class_list":["post-2360","post","type-post","status-publish","format-standard","hentry","category-allgemein"],"_links":{"self":[{"href":"https:\/\/www.rc03-ilbenstadt.de\/index.php?rest_route=\/wp\/v2\/posts\/2360","targetHints":{"allow":["GET"]}}],"collection":[{"href":"https:\/\/www.rc03-ilbenstadt.de\/index.php?rest_route=\/wp\/v2\/posts"}],"about":[{"href":"https:\/\/www.rc03-ilbenstadt.de\/index.php?rest_route=\/wp\/v2\/types\/post"}],"author":[{"embeddable":true,"href":"https:\/\/www.rc03-ilbenstadt.de\/index.php?rest_route=\/wp\/v2\/users\/9"}],"replies":[{"embeddable":true,"href":"https:\/\/www.rc03-ilbenstadt.de\/index.php?rest_route=%2Fwp%2Fv2%2Fcomments&post=2360"}],"version-history":[{"count":0,"href":"https:\/\/www.rc03-ilbenstadt.de\/index.php?rest_route=\/wp\/v2\/posts\/2360\/revisions"}],"wp:attachment":[{"href":"https:\/\/www.rc03-ilbenstadt.de\/index.php?rest_route=%2Fwp%2Fv2%2Fmedia&parent=2360"}],"wp:term":[{"taxonomy":"category","embeddable":true,"href":"https:\/\/www.rc03-ilbenstadt.de\/index.php?rest_route=%2Fwp%2Fv2%2Fcategories&post=2360"},{"taxonomy":"post_tag","embeddable":true,"href":"https:\/\/www.rc03-ilbenstadt.de\/index.php?rest_route=%2Fwp%2Fv2%2Ftags&post=2360"}],"curies":[{"name":"wp","href":"https:\/\/api.w.org\/{rel}","templated":true}]}}