{"id":2428,"date":"2013-09-08T20:15:56","date_gmt":"2013-09-08T18:15:56","guid":{"rendered":"http:\/\/www.rc03-ilbenstadt.de\/?p=2428"},"modified":"2013-09-10T17:45:43","modified_gmt":"2013-09-10T15:45:43","slug":"radwanderung-des-rc-03-ilbenstadt-zur-ronneburg-am-samstag-dem-14-spetember-2013","status":"publish","type":"post","link":"https:\/\/www.rc03-ilbenstadt.de\/?p=2428","title":{"rendered":"Radwanderung des RC 03 Ilbenstadt zur Ronneburg am Samstag, dem 14. September 2013"},"content":{"rendered":"<p>Unser Fachwart Radwandern, Lutz Delling, hat eine Radtour f\u00fcr Samstag, den 14. September 2013 zur Ronneburg ausgearbeitet. Die Tour f\u00fchrt weitgehend abseits der Stra\u00dfen auf Wirtschafts- und Forstwegen, die zum Radverkehr freigegeben sind, durch die Landschaft der Wetterau zur Ronneburg. Der ein oder andere H\u00fcgel wird uns zun\u00e4chst noch den Blick auf die Ronneburg versperren, aber diese sind f\u00fcr alle Teilnehmer zu \u00fcberwinden. Die Tour wird entsprechend moderat angegangen.<\/p>\n<p>Die Ronneburg, eine 1231 erstmalig erw\u00e4hnte H\u00f6henburg, ist vermutlich schon sehr viel fr\u00fcher entstanden, da das althochdeutsche Wort &#8222;Rone&#8220; etwa<!--more--> umgefallener Baum bedeutet, das auf eine Palisadenbefestigung hindeuten k\u00f6nnte. Ein touristisch, wie historisch interesantes Ziel erwartet uns.<\/p>\n<p>Tourenr\u00e4der und Mountainbikes sind f\u00fcr diese Strecken erste Wahl. <strong>Um 09:30 Uhr geht es am B\u00fcrgerhaus in Ilbenstadt los<\/strong>. In Altenstadt kann gegen 10:30 Uhr zur Gruppe gesto\u00dfen werden. Es geht auf dem Limesweg nach Langenbergheim, weiter \u00fcber die Hohe Strasse nach Altwiedermus und zuletzt folgt der kurze Anstieg auf den Basaltkegel zur Ronneburg. Hier rasten wir, k\u00f6nnen essen und trinken und haben vor allem eine sch\u00f6ne Gelegenheit das alte Gem\u00e4uer der Ronneburg zu besichtigen.<\/p>\n<p>Zur\u00fcck geht es \u00fcber Diebach, Calbach und Altenstadt wieder nach Ilbenstadt. G\u00e4ste sind herzlich willkommen.<\/p>\n<p>&nbsp;<\/p>\n","protected":false},"excerpt":{"rendered":"<p>Unser Fachwart Radwandern, Lutz Delling, hat eine Radtour f\u00fcr Samstag, den 14. September 2013 zur Ronneburg ausgearbeitet. Die Tour f\u00fchrt weitgehend abseits der Stra\u00dfen auf Wirtschafts- und Forstwegen, die zum Radverkehr freigegeben sind, durch die Landschaft der Wetterau zur Ronneburg. &hellip; <a href=\"https:\/\/www.rc03-ilbenstadt.de\/?p=2428\">Weiterlesen <span class=\"meta-nav\">&rarr;<\/span><\/a><\/p>\n","protected":false},"author":9,"featured_media":0,"comment_status":"closed","ping_status":"closed","sticky":false,"template":"","format":"standard","meta":{"_crdt_document":"","footnotes":""},"categories":[1],"tags":[],"class_list":["post-2428","post","type-post","status-publish","format-standard","hentry","category-allgemein"],"_links":{"self":[{"href":"https:\/\/www.rc03-ilbenstadt.de\/index.php?rest_route=\/wp\/v2\/posts\/2428","targetHints":{"allow":["GET"]}}],"collection":[{"href":"https:\/\/www.rc03-ilbenstadt.de\/index.php?rest_route=\/wp\/v2\/posts"}],"about":[{"href":"https:\/\/www.rc03-ilbenstadt.de\/index.php?rest_route=\/wp\/v2\/types\/post"}],"author":[{"embeddable":true,"href":"https:\/\/www.rc03-ilbenstadt.de\/index.php?rest_route=\/wp\/v2\/users\/9"}],"replies":[{"embeddable":true,"href":"https:\/\/www.rc03-ilbenstadt.de\/index.php?rest_route=%2Fwp%2Fv2%2Fcomments&post=2428"}],"version-history":[{"count":0,"href":"https:\/\/www.rc03-ilbenstadt.de\/index.php?rest_route=\/wp\/v2\/posts\/2428\/revisions"}],"wp:attachment":[{"href":"https:\/\/www.rc03-ilbenstadt.de\/index.php?rest_route=%2Fwp%2Fv2%2Fmedia&parent=2428"}],"wp:term":[{"taxonomy":"category","embeddable":true,"href":"https:\/\/www.rc03-ilbenstadt.de\/index.php?rest_route=%2Fwp%2Fv2%2Fcategories&post=2428"},{"taxonomy":"post_tag","embeddable":true,"href":"https:\/\/www.rc03-ilbenstadt.de\/index.php?rest_route=%2Fwp%2Fv2%2Ftags&post=2428"}],"curies":[{"name":"wp","href":"https:\/\/api.w.org\/{rel}","templated":true}]}}