{"id":2570,"date":"2013-09-14T08:54:08","date_gmt":"2013-09-14T06:54:08","guid":{"rendered":"http:\/\/www.rc03-ilbenstadt.de\/?p=2570"},"modified":"2013-09-14T08:54:08","modified_gmt":"2013-09-14T06:54:08","slug":"absage-radwanderung-des-rc-03-ilbenstadt-zur-ronneburg-am-samstag-den-14-september-2014","status":"publish","type":"post","link":"https:\/\/www.rc03-ilbenstadt.de\/?p=2570","title":{"rendered":"Absage &#8211; Radwanderung des RC 03 Ilbenstadt zur Ronneburg am Samstag, den 14. September 2014"},"content":{"rendered":"<p>Was sich gestern schon abzeichnete, trat am heutigen Morgen ein. Das Wetter hat uns einen Strich durch die Rechnung gemacht. Zwar sind die Temperaturen durchaus noch im akzeptablen Bereich und auch der Regen h\u00e4lt sich in Grenzen, doch sind die gew\u00e4hlten Wege in einem nicht sehr erfreulichen Zustand. Aus diesem Grund sagen wir die f\u00fcr heute geplante Tour ab und setzen sie bei besseren Bedingungen m\u00f6glichst kurzfristig wieder neu an. Wir hoffen auf einen goldenen Oktober.<\/p>\n","protected":false},"excerpt":{"rendered":"<p>Was sich gestern schon abzeichnete, trat am heutigen Morgen ein. Das Wetter hat uns einen Strich durch die Rechnung gemacht. Zwar sind die Temperaturen durchaus noch im akzeptablen Bereich und auch der Regen h\u00e4lt sich in Grenzen, doch sind die &hellip; <a href=\"https:\/\/www.rc03-ilbenstadt.de\/?p=2570\">Weiterlesen <span class=\"meta-nav\">&rarr;<\/span><\/a><\/p>\n","protected":false},"author":9,"featured_media":0,"comment_status":"closed","ping_status":"closed","sticky":false,"template":"","format":"standard","meta":{"_crdt_document":"","footnotes":""},"categories":[1],"tags":[],"class_list":["post-2570","post","type-post","status-publish","format-standard","hentry","category-allgemein"],"_links":{"self":[{"href":"https:\/\/www.rc03-ilbenstadt.de\/index.php?rest_route=\/wp\/v2\/posts\/2570","targetHints":{"allow":["GET"]}}],"collection":[{"href":"https:\/\/www.rc03-ilbenstadt.de\/index.php?rest_route=\/wp\/v2\/posts"}],"about":[{"href":"https:\/\/www.rc03-ilbenstadt.de\/index.php?rest_route=\/wp\/v2\/types\/post"}],"author":[{"embeddable":true,"href":"https:\/\/www.rc03-ilbenstadt.de\/index.php?rest_route=\/wp\/v2\/users\/9"}],"replies":[{"embeddable":true,"href":"https:\/\/www.rc03-ilbenstadt.de\/index.php?rest_route=%2Fwp%2Fv2%2Fcomments&post=2570"}],"version-history":[{"count":0,"href":"https:\/\/www.rc03-ilbenstadt.de\/index.php?rest_route=\/wp\/v2\/posts\/2570\/revisions"}],"wp:attachment":[{"href":"https:\/\/www.rc03-ilbenstadt.de\/index.php?rest_route=%2Fwp%2Fv2%2Fmedia&parent=2570"}],"wp:term":[{"taxonomy":"category","embeddable":true,"href":"https:\/\/www.rc03-ilbenstadt.de\/index.php?rest_route=%2Fwp%2Fv2%2Fcategories&post=2570"},{"taxonomy":"post_tag","embeddable":true,"href":"https:\/\/www.rc03-ilbenstadt.de\/index.php?rest_route=%2Fwp%2Fv2%2Ftags&post=2570"}],"curies":[{"name":"wp","href":"https:\/\/api.w.org\/{rel}","templated":true}]}}