{"id":2576,"date":"2013-09-16T13:14:23","date_gmt":"2013-09-16T11:14:23","guid":{"rendered":"http:\/\/www.rc03-ilbenstadt.de\/?p=2576"},"modified":"2013-09-16T13:17:59","modified_gmt":"2013-09-16T11:17:59","slug":"radtourenfahrt-rtf-am-sonntag-dem-15-september-beim-sc-goldstein","status":"publish","type":"post","link":"https:\/\/www.rc03-ilbenstadt.de\/?p=2576","title":{"rendered":"Radtourenfahrt (RTF) am Sonntag, dem 15. September beim SC Goldstein"},"content":{"rendered":"<div id=\"attachment_2577\" style=\"width: 160px\" class=\"wp-caption alignleft\"><a href=\"https:\/\/www.rc03-ilbenstadt.de\/wp-content\/uploads\/2013\/09\/B-RTF-130915-01-SC_Goldstein-Start+Ziel-KlausH+AndreI-WEB.jpg\" rel=\"lightbox[2576]\"><img loading=\"lazy\" decoding=\"async\" aria-describedby=\"caption-attachment-2577\" class=\"size-thumbnail wp-image-2577 \" style=\"margin-top: 5px; margin-bottom: 5px;\" alt=\"B-RTF-130915-01-SC_Goldstein-Start+Ziel-KlausH+AndreI-WEB\" src=\"https:\/\/www.rc03-ilbenstadt.de\/wp-content\/uploads\/2013\/09\/B-RTF-130915-01-SC_Goldstein-Start+Ziel-KlausH+AndreI-WEB-150x150.jpg\" width=\"150\" height=\"150\" \/><\/a><p id=\"caption-attachment-2577\" class=\"wp-caption-text\">Start und Ziel in Goldstein<\/p><\/div>\n<p>K\u00fchles, windiges und regnerisches Herbstwetter \u00fcberrascht uns unangenehm am heutigen Montag. Ein Wetter, das unverbesserliche Pessimisten bereits f\u00fcr den Sonntag zur RTF in Goldstein erwartet hatten. Hier war das Wetter zwar deutlich schlechter, als zu Wochenbeginn prognostiziert, doch blieb es bei Temperaturen zwischen 12\u00b0 Celsius und 18\u00b0 Celsius und bedecktem Himmel weitgehend trocken. Auf der 114 und der 153 Kilometer-Runde hat schon mal ein Regenschauer zugeschlagen, von denen die Fahrerinnen und<!--more--> Fahrer der k\u00fcrzen Strecke verschont blieben. Hier war nur etwas aufgewirbelte N\u00e4sse von den am Morgen noch streckenweise feuchten Stra\u00dfen zu verzeichnen.<br \/>\nDie Touren von 44, 74, 114 und 153 Kilometern L\u00e4nge waren gut ausgeschildert und f\u00fchrten uns in das Hessische Ried, w\u00e4hrend die 114 und die 153 Kilomter-Touren schon mal Odenwaldluft schnupperten. Trotz aller Schilder war an der ersten Tourteilung einige gelungene und auch misslungene Versuche zu beobachten, sich von den l\u00e4ngeren Strecken vorzeitig zu verabschieden. Die meisten machten wieder an dem Hinweis kehrt, dass man sich auf die 44 Kilometer-Runde begibt, doch es soll vorgekommen sein, dass auch dieser Hinweis \u00fcbersehen wurde &#8230;<br \/>\nDie Strecken selbst boten zu Herbstbeginn wieder die landschaftlichen Reize in einem anderen Licht dar, als wie sie aus dem Fr\u00fchjahr und Sommer kennen.\u00a0 Mit fortschreitender Verf\u00e4rbung des Laubes wird dieser herbstliche Eindruck sicher noch intensiver und sch\u00f6ner werden. Am n\u00e4chsten Sonntag haben wir bei der RTF des RSC Mars-Rotweiss die Gelegenheit, diese Ver\u00e4nderung in der landschaftlichen Wahrnehmung weiter zu begleiten.<br \/>\nNach absolvierter Tour, die auch wegen guter und reichhaltiger Verpflegung und den freundlichen Helferinnen und Helfern an den Kontrollstellen noch in guter Erinnerung bleiben wird, war am Ziel wieder Gelegenheit, sich untereinander auszutauschen und das leibliche Wohl nicht zu kurz kommen zu lassen.<\/p>\n<table border=\"0\">\n<tbody>\n<tr>\n<td><a href=\"https:\/\/www.rc03-ilbenstadt.de\/wp-content\/uploads\/2013\/09\/B-RTF-130915-03-SC_Goldstein-Start+Ziel-KlausH+AndreI+WilhelmS-WEB.jpg\" rel=\"lightbox[2576]\"><img loading=\"lazy\" decoding=\"async\" class=\"alignleft size-thumbnail wp-image-2578\" alt=\"B-RTF-130915-03-SC_Goldstein-Start+Ziel-KlausH+AndreI+WilhelmS-WEB\" src=\"https:\/\/www.rc03-ilbenstadt.de\/wp-content\/uploads\/2013\/09\/B-RTF-130915-03-SC_Goldstein-Start+Ziel-KlausH+AndreI+WilhelmS-WEB-150x150.jpg\" width=\"150\" height=\"150\" \/><\/a><\/td>\n<td><a href=\"https:\/\/www.rc03-ilbenstadt.de\/wp-content\/uploads\/2013\/09\/B-RTF-130915-05-SC_Goldstein-Start+Ziel-KlausH+KarinS+HeideK-WEB.jpg\" rel=\"lightbox[2576]\"><img loading=\"lazy\" decoding=\"async\" class=\"alignleft size-thumbnail wp-image-2579\" alt=\"B-RTF-130915-05-SC_Goldstein-Start+Ziel-KlausH+KarinS+HeideK-WEB\" src=\"https:\/\/www.rc03-ilbenstadt.de\/wp-content\/uploads\/2013\/09\/B-RTF-130915-05-SC_Goldstein-Start+Ziel-KlausH+KarinS+HeideK-WEB-150x150.jpg\" width=\"150\" height=\"150\" \/><\/a><\/td>\n<\/tr>\n<\/tbody>\n<\/table>\n<p>Am Wahlsonntag geht es zur RTF des RSC Mars-Rotwei\u00df nach G\u00f6tzenhain. Die Touren von 43, 77 und 114 Kilometern sind in der gleichen Region angelegt, die wir am vergangenen Sonntag wieder einmal durchfahren haben. Der RSC Mars-Rotwei\u00df hat sich M\u00fche gegeben, hier einige Varianten einzubringen, um uns etwas anderes zu bieten. So werden die Touren in Gegenrichtung gefahren, das auch eine andere Sicht auf bekanntes Gel\u00e4nde mit sich bringt. Auch in der Routenf\u00fchrung ist man in vielen Punkten nicht zu den Touren des SC Goldstein deckungsgleich. Es lohnt sich nach G\u00f6tzenhain zu fahren!<br \/>\nDas Wetter wird gut. Die Vorhersage verspricht 9\u00b0 Celsius in den Morgenstunden und 20\u00b0 Celsius gegen Mittag. Das Regenrisiko wird mit 5 % beziffert. Der Himmel wird bedeckt bleiben, allenfalls am Abend wird die Sonne noch kurz in der einen oder anderen Wolkenl\u00fccke zu sehen sein. Ein sch\u00f6ner Tag zum Radfahren nach einer herbstlich gepr\u00e4gten Woche!<\/p>\n<p>&nbsp;<\/p>\n","protected":false},"excerpt":{"rendered":"<p>K\u00fchles, windiges und regnerisches Herbstwetter \u00fcberrascht uns unangenehm am heutigen Montag. Ein Wetter, das unverbesserliche Pessimisten bereits f\u00fcr den Sonntag zur RTF in Goldstein erwartet hatten. Hier war das Wetter zwar deutlich schlechter, als zu Wochenbeginn prognostiziert, doch blieb es &hellip; <a href=\"https:\/\/www.rc03-ilbenstadt.de\/?p=2576\">Weiterlesen <span class=\"meta-nav\">&rarr;<\/span><\/a><\/p>\n","protected":false},"author":9,"featured_media":0,"comment_status":"closed","ping_status":"closed","sticky":false,"template":"","format":"standard","meta":{"_crdt_document":"","footnotes":""},"categories":[1],"tags":[],"class_list":["post-2576","post","type-post","status-publish","format-standard","hentry","category-allgemein"],"_links":{"self":[{"href":"https:\/\/www.rc03-ilbenstadt.de\/index.php?rest_route=\/wp\/v2\/posts\/2576","targetHints":{"allow":["GET"]}}],"collection":[{"href":"https:\/\/www.rc03-ilbenstadt.de\/index.php?rest_route=\/wp\/v2\/posts"}],"about":[{"href":"https:\/\/www.rc03-ilbenstadt.de\/index.php?rest_route=\/wp\/v2\/types\/post"}],"author":[{"embeddable":true,"href":"https:\/\/www.rc03-ilbenstadt.de\/index.php?rest_route=\/wp\/v2\/users\/9"}],"replies":[{"embeddable":true,"href":"https:\/\/www.rc03-ilbenstadt.de\/index.php?rest_route=%2Fwp%2Fv2%2Fcomments&post=2576"}],"version-history":[{"count":0,"href":"https:\/\/www.rc03-ilbenstadt.de\/index.php?rest_route=\/wp\/v2\/posts\/2576\/revisions"}],"wp:attachment":[{"href":"https:\/\/www.rc03-ilbenstadt.de\/index.php?rest_route=%2Fwp%2Fv2%2Fmedia&parent=2576"}],"wp:term":[{"taxonomy":"category","embeddable":true,"href":"https:\/\/www.rc03-ilbenstadt.de\/index.php?rest_route=%2Fwp%2Fv2%2Fcategories&post=2576"},{"taxonomy":"post_tag","embeddable":true,"href":"https:\/\/www.rc03-ilbenstadt.de\/index.php?rest_route=%2Fwp%2Fv2%2Ftags&post=2576"}],"curies":[{"name":"wp","href":"https:\/\/api.w.org\/{rel}","templated":true}]}}