{"id":2598,"date":"2013-09-23T11:43:59","date_gmt":"2013-09-23T09:43:59","guid":{"rendered":"http:\/\/www.rc03-ilbenstadt.de\/?p=2598"},"modified":"2013-09-23T12:21:29","modified_gmt":"2013-09-23T10:21:29","slug":"radtourenfahrt-rtf-am-sonntag-dem-22-september-2013-beim-rsc-mars-rotweiss-frankfurt","status":"publish","type":"post","link":"https:\/\/www.rc03-ilbenstadt.de\/?p=2598","title":{"rendered":"Radtourenfahrt (RTF) am Sonntag, dem 22. September 2013 beim RSC Mars-Rotwei\u00df Frankfurt"},"content":{"rendered":"<p><a href=\"https:\/\/www.rc03-ilbenstadt.de\/wp-content\/uploads\/2013\/09\/B-RTF-130922-03-RSC_MRW-Auf_der_Strecke-WEB.jpg\" rel=\"lightbox[2598]\"><img loading=\"lazy\" decoding=\"async\" class=\"alignleft size-thumbnail wp-image-2589\" style=\"margin: 5px;\" alt=\"B-RTF-130922-03-RSC_MRW-Auf_der_Strecke-WEB\" src=\"https:\/\/www.rc03-ilbenstadt.de\/wp-content\/uploads\/2013\/09\/B-RTF-130922-03-RSC_MRW-Auf_der_Strecke-WEB-150x150.jpg\" width=\"150\" height=\"150\" \/><\/a>Zu dieser Radtourenfahrt (RTF) sind wir bis in die Mittagsstunden von der Sonne verw\u00f6hnt worden. So soll es sein! In den Morgenstunden war es noch ziemlich frisch, was dazu verleitete, doch das ein oder andere w\u00e4rmende Bekleidungsst\u00fcck\u00a0 anzulegen. Besonders die Sternfahrer aus der Wetterau waren bekleidungstechnisch gefordert, kamen doch noch vereinzelt Nebelb\u00e4nke zu der morgendlichen Frische.<br \/>\nDie Touren des RSC Mars-Rotwei\u00df f\u00fchrten uns wieder in bekanntes Terrain, das hessische Ried und auf den l\u00e4ngeren Touren<!--more--> in den Odenwald. Auf unserer Internetseite habe ich im <a href=\"https:\/\/www.rc03-ilbenstadt.de\/?p=2576\">Artikel zur RTF des SC Goldstein<\/a> geschrieben, dass es sich lohnt, in G\u00f6tzenhain an den Start zu gehen. Dies bezog ich auf das Wetter und die Strecke. F\u00fcr die Odenwaldschleifen traf dies sicher zu. Erlebt habe ich auf den k\u00fcrzeren Strecken von 42 und 77 km Abschnitte mit regem Autoverkehr und dessen Reglement mit vielen Lichtzeichenanlagen, die h\u00e4ufig rotes Licht zeigten &#8211; gef\u00fchlt zu 100 %. Vielleicht sehe ich das negativ, weil die Kontrollstelle in Dieburg von mir im ersten Anlauf verfehlt wurde. Kurz vor Reinheim haben wir auf Intervention meiner Begleiterin, die angesichts des nahen Odenwaldes Steigungen auf sich zukommen sah, deren Bew\u00e4ltigung nicht einfach werden w\u00fcrde, gedreht und die Kontrollstelle in Dieburg wurde gefunden. In einem Baustellenbereich gelegen, waren die Hinweisschilder in dezenter Aufmachung an den linken Stra\u00dfenrand verbannt worden (siehe Bild unten), obwohl auf der rechten Seite sehr gute Anbringungsm\u00f6glichkeiten vorhanden waren. Dazu kam, dass der Hinweis zur Tourteilung nur zu sehen war, wenn man aus der versteckt gelegenen Kontrollstelle wieder auf die Strecke fuhr. Wir werden nicht die einzigen gewesen sein, die Dieburg ohne Kontrollstempel und ohne Kontakt zu den freundlichen Helfern passierten.<br \/>\nVon der 114 Kilometer-Tour waren die Teilnehmerinnen und Teilnehmer von der Landschaft begeistert, Nachwehen werden h\u00f6chstens aus den Oberschenkeln vermeldet werden.<\/p>\n<p>In dem Wettbewerb der BDR-Vereine konnten wir mit 13 vorgemeldeten Sportlerinnen und Sportlern den 4. Platz, gefolgt von Hattersheim (12 Starter) und Edelwei\u00df Frankfurt (6 Starter) belegen. Der VC Frankfurt lag mit 20 Startern an der Spitze. Isenburg (17 Starter) und die SKG Frankfurt (15 Starter) folgten auf den Pl\u00e4tzen 2 und 3.<\/p>\n<p><strong>Noch ein Wort zum regen Autoverkehr:<\/strong><br \/>\nAm 22.09.2013 war nicht nur der astronomische Herbstanfang, die Bundestags- und die Landtagswahl, sondern auch der <a title=\"Wikipedia zum Autofreien Tag\" href=\"https:\/\/de.wikipedia.org\/wiki\/Autofreier_Tag\" target=\"_blank\">Autofreie Tag<\/a>, ein europ\u00e4ischer Aktionstag. Er bildet (zuf\u00e4llig?) den Abschluss der<a title=\"Internetseite zur European Mobility Week\" href=\"http:\/\/www.mobilityweek.eu\/home\/\" target=\"_blank\"> European Mobility Week (EWM)<\/a>, an der 12 deutsche St\u00e4dte beteiligt sind, darunter <a title=\"European Mobility Week - Frankfurt\" href=\"http:\/\/www.mobilityweek.eu\/cities\/?ci=de_mn09mv0p&amp;year=2013\" target=\"_blank\">Frankfurt<\/a> und <a title=\"European Mobility Week - Neu-Isenburg\" href=\"http:\/\/www.mobilityweek.eu\/cities\/?ci=de_fbk6p01f&amp;year=2013\" target=\"_blank\">Neu-Isenburg<\/a>. Die European Mobility Week steht in diesem Jahr unter dem Motto &#8222;Clean Air &#8211; it`s your move&#8220;. Ist es auch Zufall, dass parallel zu dieser Aktionswoche die IAA in Frankfurt stattfindet? Einen \u00dcberblick zu Autofreien Tagen bietet die \u00dcbersicht bei dem UPI, dem <a title=\"UPI - \u00dcbersicht zu Autofreien Tagen\" href=\"http:\/\/www.upi-institut.de\/upi37.htm\" target=\"_blank\">Umwelt- und Prognose &#8211; Institut e.V.<\/a><\/p>\n<p><strong>Impressionen von der RTF des RSC Mars-Rotwei\u00df in G\u00f6tzenhain:<\/strong><\/p>\n<table border=\"0\">\n<tbody>\n<tr>\n<td><a href=\"https:\/\/www.rc03-ilbenstadt.de\/wp-content\/uploads\/2013\/09\/B-RTF-130922-06-RSC_MRW-Auf_der_Strecke_IngeS-WEB.jpg\" rel=\"lightbox[2598]\"><img loading=\"lazy\" decoding=\"async\" class=\"alignleft size-thumbnail wp-image-2590\" alt=\"B-RTF-130922-06-RSC_MRW-Auf_der_Strecke_IngeS-WEB\" src=\"https:\/\/www.rc03-ilbenstadt.de\/wp-content\/uploads\/2013\/09\/B-RTF-130922-06-RSC_MRW-Auf_der_Strecke_IngeS-WEB-150x150.jpg\" width=\"150\" height=\"150\" \/><\/a><\/td>\n<td><a href=\"https:\/\/www.rc03-ilbenstadt.de\/wp-content\/uploads\/2013\/09\/B-RTF-130922-07-RSC_MRW-Kontrollstelle+Streckenteilung_Dieburg-WEB.jpg\" rel=\"lightbox[2598]\"><img loading=\"lazy\" decoding=\"async\" class=\"alignleft size-thumbnail wp-image-2591\" alt=\"B-RTF-130922-07-RSC_MRW-Kontrollstelle+Streckenteilung_Dieburg-WEB\" src=\"https:\/\/www.rc03-ilbenstadt.de\/wp-content\/uploads\/2013\/09\/B-RTF-130922-07-RSC_MRW-Kontrollstelle+Streckenteilung_Dieburg-WEB-150x150.jpg\" width=\"150\" height=\"150\" \/><\/a><\/td>\n<td><a href=\"https:\/\/www.rc03-ilbenstadt.de\/wp-content\/uploads\/2013\/09\/B-RTF-130922-17-RSC_MRW-Start+Ziel_Elvira+Klaus-WEB.jpg\" rel=\"lightbox[2598]\"><img loading=\"lazy\" decoding=\"async\" class=\"alignleft size-thumbnail wp-image-2594\" alt=\"B-RTF-130922-17-RSC_MRW-Start+Ziel_Elvira+Klaus-WEB\" src=\"https:\/\/www.rc03-ilbenstadt.de\/wp-content\/uploads\/2013\/09\/B-RTF-130922-17-RSC_MRW-Start+Ziel_Elvira+Klaus-WEB-150x150.jpg\" width=\"150\" height=\"150\" \/><\/a><\/td>\n<\/tr>\n<tr>\n<td><\/td>\n<td>Zufahrt zur Kontroll-<br \/>\nstelle in Dieburg und<br \/>\nTourteilung<\/td>\n<td><\/td>\n<\/tr>\n<tr>\n<td><a href=\"https:\/\/www.rc03-ilbenstadt.de\/wp-content\/uploads\/2013\/09\/B-RTF-130922-11-RSC_MRW-Start+Ziel_IngeS+Hanne+IngeW+Reinold-WEB.jpg\" rel=\"lightbox[2598]\"><img loading=\"lazy\" decoding=\"async\" class=\"alignleft size-thumbnail wp-image-2593\" alt=\"B-RTF-130922-11-RSC_MRW-Start+Ziel_IngeS+Hanne+IngeW+Reinold-WEB\" src=\"https:\/\/www.rc03-ilbenstadt.de\/wp-content\/uploads\/2013\/09\/B-RTF-130922-11-RSC_MRW-Start+Ziel_IngeS+Hanne+IngeW+Reinold-WEB-150x150.jpg\" width=\"150\" height=\"150\" \/><\/a><\/td>\n<td><a href=\"https:\/\/www.rc03-ilbenstadt.de\/wp-content\/uploads\/2013\/09\/B-RTF-130922-20-RSC_MRW-Start+Ziel_Giovanni+Hanne+Willhelm-WEB.jpg\" rel=\"lightbox[2598]\"><img loading=\"lazy\" decoding=\"async\" class=\"alignleft size-thumbnail wp-image-2595\" alt=\"B-RTF-130922-20-RSC_MRW-Start+Ziel_Giovanni+Hanne+Willhelm-WEB\" src=\"https:\/\/www.rc03-ilbenstadt.de\/wp-content\/uploads\/2013\/09\/B-RTF-130922-20-RSC_MRW-Start+Ziel_Giovanni+Hanne+Willhelm-WEB-150x150.jpg\" width=\"150\" height=\"150\" \/><\/a><\/td>\n<td><a href=\"https:\/\/www.rc03-ilbenstadt.de\/wp-content\/uploads\/2013\/09\/B-RTF-130922-21-RSC_MRW-Start+Ziel_Elvira+Klaus+Wilhelm-WEB.jpg\" rel=\"lightbox[2598]\"><img loading=\"lazy\" decoding=\"async\" class=\"alignleft size-thumbnail wp-image-2596\" alt=\"B-RTF-130922-21-RSC_MRW-Start+Ziel_Elvira+Klaus+Wilhelm-WEB\" src=\"https:\/\/www.rc03-ilbenstadt.de\/wp-content\/uploads\/2013\/09\/B-RTF-130922-21-RSC_MRW-Start+Ziel_Elvira+Klaus+Wilhelm-WEB-150x150.jpg\" width=\"150\" height=\"150\" \/><\/a><\/td>\n<\/tr>\n<\/tbody>\n<\/table>\n","protected":false},"excerpt":{"rendered":"<p>Zu dieser Radtourenfahrt (RTF) sind wir bis in die Mittagsstunden von der Sonne verw\u00f6hnt worden. So soll es sein! In den Morgenstunden war es noch ziemlich frisch, was dazu verleitete, doch das ein oder andere w\u00e4rmende Bekleidungsst\u00fcck\u00a0 anzulegen. Besonders die &hellip; <a href=\"https:\/\/www.rc03-ilbenstadt.de\/?p=2598\">Weiterlesen <span class=\"meta-nav\">&rarr;<\/span><\/a><\/p>\n","protected":false},"author":9,"featured_media":0,"comment_status":"closed","ping_status":"closed","sticky":false,"template":"","format":"standard","meta":{"_crdt_document":"","footnotes":""},"categories":[1],"tags":[],"class_list":["post-2598","post","type-post","status-publish","format-standard","hentry","category-allgemein"],"_links":{"self":[{"href":"https:\/\/www.rc03-ilbenstadt.de\/index.php?rest_route=\/wp\/v2\/posts\/2598","targetHints":{"allow":["GET"]}}],"collection":[{"href":"https:\/\/www.rc03-ilbenstadt.de\/index.php?rest_route=\/wp\/v2\/posts"}],"about":[{"href":"https:\/\/www.rc03-ilbenstadt.de\/index.php?rest_route=\/wp\/v2\/types\/post"}],"author":[{"embeddable":true,"href":"https:\/\/www.rc03-ilbenstadt.de\/index.php?rest_route=\/wp\/v2\/users\/9"}],"replies":[{"embeddable":true,"href":"https:\/\/www.rc03-ilbenstadt.de\/index.php?rest_route=%2Fwp%2Fv2%2Fcomments&post=2598"}],"version-history":[{"count":0,"href":"https:\/\/www.rc03-ilbenstadt.de\/index.php?rest_route=\/wp\/v2\/posts\/2598\/revisions"}],"wp:attachment":[{"href":"https:\/\/www.rc03-ilbenstadt.de\/index.php?rest_route=%2Fwp%2Fv2%2Fmedia&parent=2598"}],"wp:term":[{"taxonomy":"category","embeddable":true,"href":"https:\/\/www.rc03-ilbenstadt.de\/index.php?rest_route=%2Fwp%2Fv2%2Fcategories&post=2598"},{"taxonomy":"post_tag","embeddable":true,"href":"https:\/\/www.rc03-ilbenstadt.de\/index.php?rest_route=%2Fwp%2Fv2%2Ftags&post=2598"}],"curies":[{"name":"wp","href":"https:\/\/api.w.org\/{rel}","templated":true}]}}